{"id":499126,"date":"2026-06-17T08:08:10","date_gmt":"2026-06-17T08:08:10","guid":{"rendered":"https:\/\/www.europesays.com\/pl\/499126\/"},"modified":"2026-06-17T08:08:10","modified_gmt":"2026-06-17T08:08:10","slug":"kompromitacja-slynnego-sedziego-var-mial-racje-sadio-mane-sfaulowal-kyliana-mbappe-sport-tvp-pl","status":"publish","type":"post","link":"https:\/\/www.europesays.com\/pl\/499126\/","title":{"rendered":"Kompromitacja s\u0142ynnego s\u0119dziego! VAR mia\u0142 racj\u0119: Sadio Mane sfaulowa\u0142 Kyliana Mbappe &#8211; sport.tvp.pl"},"content":{"rendered":"<ol>\n<li><a href=\"https:\/\/news.google.com\/rss\/articles\/CBMipAFBVV95cUxNV1l1YmVBR0s0UkZucDZSYkk5YU5LMXIzSE1iMTU3NUVaU2p4U2xRcXVyNy1BYnFsWUF1ckNGR1hUcGhmaDhEeXhJY01XbzB2U0xTbGx0dmZMTWZFYkVwU2hTS2ctSnNuTTIwZUdmOUNpNHdUdFdRWUt4SE5kbFlxRkRSbkNaOW0zN1VPNEZTVmFUam5wenMtdC1LSlBkU1ZBNVpGQtIBqgFBVV95cUxNSUdKSGhLeXRWQ1RscTM5NWM5UVotN3F5RW9KcUY1cUQxQ0JacjVEdzN6Vk9VRV9Gc2ZwZXRqZFhiWXVOdi1VV0otazFOQXZ4bGlkRll6N0dkMll0eHhlTExySlZ0UnVjZVRGeF83RnhaV1FYRW9pYVlHcjk0QWJwMVp0QktTUnY1cHJKTFRLdFM1T0xEdTREemxUUWJhY1JLRHBDVVBGVmQ0QQ?oc=5\" target=\"_blank\" rel=\"nofollow noopener\">Kompromitacja s\u0142ynnego s\u0119dziego! VAR mia\u0142 racj\u0119: Sadio Mane sfaulowa\u0142 Kyliana Mbappe<\/a>&nbsp;&nbsp;sport.tvp.pl<\/li>\n<li><a href=\"https:\/\/news.google.com\/rss\/articles\/CBMiowFBVV95cUxQeEdoV0JTRFV1S1RZdlBvN0VBdXVPRzdoT05GVW1hSkpoX1hkUDg5c2tMVjVGSFB4bVE2X29Vam1CdHROQm9zLUdSd2xLYkZkY2pSejBhcEowMHNGanZ5WjQ4SlJ3TUszTlVCRzJXQTRTalVrRFQtOHFUeW96akEzRi1ZZ3FIVlYwOG5QMHhfM3l4T01xTlhEVmItRmVTV2pWZV9v?oc=5\" target=\"_blank\" rel=\"nofollow noopener\">&#8222;No ludzie, b\u0105d\u017amy powa\u017cni&#8221;. W sieci wrze po kontrowersji<\/a>&nbsp;&nbsp;SportoweFakty<\/li>\n<li><a href=\"https:\/\/news.google.com\/rss\/articles\/CBMitwFBVV95cUxOU3I4eUNKS01BZTVUVXFhRWNLRTl4MThrSXozYlJ4ZnRvZXYzM0dNZXg4M2NISU43QWdwbkFJdWUxMlBZc29VSlBkMFRNWHJtVGs2YXd1cGNfSlJmcXZUb3d1NlNtWFFBLTYxX0d6Z3ozb2RWdHdjeFg3VmxNSERWdVdja3NOLWIxbEVGMEZqNC1qNWJPclI5WU5tTThlZlFZTlVBY2xiaWpwZldwS3NzOWJkWFY3YzA?oc=5\" target=\"_blank\" rel=\"nofollow noopener\">Francuska maszyna ruszy\u0142a w drugiej po\u0142owie. Mbappe goni Klose<\/a>&nbsp;&nbsp;RMF24<\/li>\n<li><a href=\"https:\/\/news.google.com\/rss\/articles\/CBMi2wFBVV95cUxNdkQ2V0dtb3p1VVdVOENCMXlDeGlScnVud1pUNmdJVlY3dHVmRzg5a2o1YUJ4N2JmczBuNGtjc2NOR0ZPNWhTRDVRLWZnUnRIY2htQXhaa0tKVVB2Vzkxb3F3ZldkT2hZdGlPY21JMFdrOVNtYl9OdUpNWkgzeVhWYnVIWWJwM0FGWWN2UmM5Z1I0Z1JGX0d4clJ1ekp3akRyRXk2RlBoTmRPYThsU1pCcFhSWF9sNUE2bjRvWDZ2RWt2TFNLb2RSODdORHVNRGNvWDNuMnp2QTZ2V3c?oc=5\" target=\"_blank\" rel=\"nofollow noopener\">Historyczny, zachwycaj\u0105cy gol Kyliana Mbappe na M\u015a 2026. Nowy rekord<\/a>&nbsp;&nbsp;Przegl\u0105d Sportowy<\/li>\n<li><a href=\"https:\/\/news.google.com\/rss\/articles\/CBMiwAFBVV95cUxOelFEcWtHb3NJOG4yNm5HRGhJa3JTellvSVRRN3RHRFBySWxkVmpTUmVOWTZVWTFPbFZPemRtNjlLb2RyTmhoOXhFcVhPNTM2a0RRa2N1UDlnNDlQNHUyeno3d0FpQjVyU0RNZkowTENqZzRIZTB0dWVLLVR3X1hvTDNaeVA2UExoV1VRTzlhZ1lCZ1d2TEpVbE9uRXRmQW5vVFhkajB2em5BV2RhUDlyVDU0ZWR0NlU5VldhQmJscFM?oc=5\" target=\"_blank\" rel=\"nofollow noopener\">B\u0142ysk geniuszu w Nowym Jorku. Gwiazdor Bayernu na ratunek Francuzom<\/a>&nbsp;&nbsp;Interia Sport<\/li>\n<\/ol>\n","protected":false},"excerpt":{"rendered":"Kompromitacja s\u0142ynnego s\u0119dziego! VAR mia\u0142 racj\u0119: Sadio Mane sfaulowa\u0142 Kyliana Mbappe&nbsp;&nbsp;sport.tvp.pl &#8222;No ludzie, b\u0105d\u017amy powa\u017cni&#8221;. W sieci wrze&hellip;\n","protected":false},"author":2,"featured_media":499127,"comment_status":"","ping_status":"","sticky":false,"template":"","format":"standard","meta":{"footnotes":"","_share_on_mastodon":"0"},"categories":[24],"tags":[96798,96797,575,3037,10040,6186,269,42,38,40,39,41,96799,3182,127,334,126,3181,3180],"class_list":["post-499126","post","type-post","status-publish","format-standard","has-post-thumbnail","category-sport","tag-abdullah-alshehri","tag-alireza-faghani","tag-kylian-mbappe","tag-mistrzostwa-swiata","tag-mundial-2026","tag-pierluigi-collina","tag-pilka-nozna","tag-pl","tag-poland","tag-polish","tag-polska","tag-polski","tag-sadio-mane","tag-sedzia-wideo","tag-sport","tag-sport-tvp-pl","tag-sports","tag-system-var","tag-var"],"share_on_mastodon":{"url":"https:\/\/pubeurope.com\/@pl\/116764431043142212","error":""},"_links":{"self":[{"href":"https:\/\/www.europesays.com\/pl\/wp-json\/wp\/v2\/posts\/499126","targetHints":{"allow":["GET"]}}],"collection":[{"href":"https:\/\/www.europesays.com\/pl\/wp-json\/wp\/v2\/posts"}],"about":[{"href":"https:\/\/www.europesays.com\/pl\/wp-json\/wp\/v2\/types\/post"}],"author":[{"embeddable":true,"href":"https:\/\/www.europesays.com\/pl\/wp-json\/wp\/v2\/users\/2"}],"replies":[{"embeddable":true,"href":"https:\/\/www.europesays.com\/pl\/wp-json\/wp\/v2\/comments?post=499126"}],"version-history":[{"count":0,"href":"https:\/\/www.europesays.com\/pl\/wp-json\/wp\/v2\/posts\/499126\/revisions"}],"wp:featuredmedia":[{"embeddable":true,"href":"https:\/\/www.europesays.com\/pl\/wp-json\/wp\/v2\/media\/499127"}],"wp:attachment":[{"href":"https:\/\/www.europesays.com\/pl\/wp-json\/wp\/v2\/media?parent=499126"}],"wp:term":[{"taxonomy":"category","embeddable":true,"href":"https:\/\/www.europesays.com\/pl\/wp-json\/wp\/v2\/categories?post=499126"},{"taxonomy":"post_tag","embeddable":true,"href":"https:\/\/www.europesays.com\/pl\/wp-json\/wp\/v2\/tags?post=499126"}],"curies":[{"name":"wp","href":"https:\/\/api.w.org\/{rel}","templated":true}]}}