{"id":499333,"date":"2026-06-17T10:15:12","date_gmt":"2026-06-17T10:15:12","guid":{"rendered":"https:\/\/www.europesays.com\/pl\/499333\/"},"modified":"2026-06-17T10:15:12","modified_gmt":"2026-06-17T10:15:12","slug":"cba-zatrzymalo-lubelskiego-kuratora-oswiaty","status":"publish","type":"post","link":"https:\/\/www.europesays.com\/pl\/499333\/","title":{"rendered":"CBA zatrzyma\u0142o Lubelskiego Kuratora O\u015bwiaty"},"content":{"rendered":"\n<p class=\"ods-o-frame-in-text__paragraph\">W skr\u00f3cie:<\/p>\n<p>  Podczas akcji funkcjonariusze CBA przeszukali kilka miejsc, w tym siedziby kuratorium i Lubelskiego Urz\u0119du Wojew\u00f3dzkiego. S\u0142u\u017cby zabezpieczy\u0142y dokumentacj\u0119 dotycz\u0105c\u0105 okre\u015blonych zam\u00f3wie\u0144 publicznych  Prokurator przedstawi\u0142 podejrzanemu zarzut przekroczenia uprawnie\u0144 i wej\u015bcia w porozumienie z lokalnym przedsi\u0119biorc\u0105 w celu sterowania zam\u00f3wieniem publicznym  Wed\u0142ug nieoficjalnych informacji Onetu przedsi\u0119biorca z bran\u017cy eventowej to osoba, kt\u00f3ra zosta\u0142a zatrzymana przez CBA w sprawie dotycz\u0105cej wiceprezydent Lublina Beaty Stepaniuk-Ku\u015bmierzak  Kurator o\u015bwiaty i biznesmen Jaros\u0142aw D. znali si\u0119 prywatnie z czas\u00f3w szkolnych. S\u0142u\u017cby ustali\u0142y, \u017ce wielokrotnie spotykali si\u0119 w lubelskich lokalach  Tomasz Szab\u0142owski zabra\u0142 g\u0142os po zatrzymaniu. Zaznaczy\u0142, \u017ce nie zgadza si\u0119 ze stawianymi mu zarzutami i planuje wkr\u00f3tce rozmow\u0119 z ministr\u0105 edukacji      <\/p>\n<p>Prok. Katarzyna Cal\u00f3w-Jaszewska z dzia\u0142u prasowego Prokuratury Krajowej poinformowa\u0142a w \u015brod\u0119, \u017ce Centralne Biuro Antykorupcyjne we wtorek zatrzyma\u0142o Lubelskiego Kuratora O\u015bwiaty Tomasza Szab\u0142owskiego [zgodzi\u0142 si\u0119 na podawanie pe\u0142nego imienia i nazwiska].<\/p>\n<p> Dalszy ci\u0105g artyku\u0142u pod materia\u0142em wideo Akcja CBA w Lublinie. Kurator o\u015bwiaty zatrzymany. Agenci zebrali dowody<\/p>\n<p>Podczas akcji funkcjonariusze przeszukali kilka miejsc, w tym siedziby kuratorium i Lubelskiego Urz\u0119du Wojew\u00f3dzkiego. Zabezpieczyli dokumentacj\u0119 dotycz\u0105c\u0105 okre\u015blonych zam\u00f3wie\u0144 publicznych realizowanych dla kuratorium i urz\u0119du wojew\u00f3dzkiego, urz\u0105dzenia elektroniczne, korespondencj\u0119 i inne dokumenty.<\/p>\n<p>Cal\u00f3w-Jaszewska zakomunikowa\u0142a, \u017ce prokurator przedstawi\u0142 podejrzanemu zarzut przekroczenia uprawnie\u0144 i wej\u015bcia w porozumienie z lokalnym przedsi\u0119biorc\u0105 w celu wywarcia wp\u0142ywu na wynik post\u0119powania o udzielenie zam\u00f3wienia publicznego.<\/p>\n<p>&#8222;\u015aledztwo dotyczy podejrzenia przekroczenia uprawnie\u0144, ustawiania zam\u00f3wie\u0144 publicznych oraz przyj\u0119cia korzy\u015bci maj\u0105tkowej&#8221; \u2014 przekaza\u0142a Cal\u00f3w-Jaszewska.<\/p>\n<p>\u015aledztwo prowadzi lubelska delegatura CBA. Funkcjonariusze dzia\u0142ali na polecenie prokuratora Ma\u0142opolskiego Wydzia\u0142u Zamiejscowego Departamentu do Spraw Przest\u0119pczo\u015bci Zorganizowanej i Korupcji Prokuratury Krajowej w Krakowie.<\/p>\n<p>CBA zatrzyma\u0142o Lubelskiego Kuratora O\u015bwiaty<\/p>\n<p>Jak ustalono, kurator przekroczy\u0142 swoje uprawnienia w zakresie reprezentowania Kuratorium O\u015bwiaty w Lublinie poprzez zawarcie porozumienia z ustalonym wykonawc\u0105 z bran\u017cy eventowej.<\/p>\n<p>&#8222;Porozumienie to mia\u0142o na celu wywarcie bezprawnego wp\u0142ywu na wynik post\u0119powania o udzielenie zam\u00f3wienia publicznego dotycz\u0105cego organizacji uroczysto\u015bci z okazji 100-lecia Kuratorium O\u015bwiaty w Lublinie&#8221; \u2014 zakomunikowa\u0142 zesp\u00f3\u0142 prasowy CBA.<\/p>\n<p>\u015aledczy podali, \u017ce ustalone osoby uzgadnia\u0142y tryb oraz warto\u015b\u0107 zam\u00f3wie\u0144, a tak\u017ce kierowa\u0142y zapytania ofertowe do wcze\u015bniej wybranych podmiot\u00f3w, co gwarantowa\u0142o wyb\u00f3r konkretnego wykonawcy powi\u0105zanego ze sprawcami.<\/p>\n<p>Kurator zosta\u0142 zawieszony w czynno\u015bciach s\u0142u\u017cbowych. Zastosowano wobec niego por\u0119czenie maj\u0105tkowe i doz\u00f3r policji.<\/p>\n<p>Wed\u0142ug nieoficjalnych informacji Onetu przedsi\u0119biorca z bran\u017cy eventowej to osoba, kt\u00f3ra zosta\u0142a zatrzymana przez CBA w sprawie dotycz\u0105cej wiceprezydent Lublina Beaty Stepaniuk-Ku\u015bmierzak. Kurator o\u015bwiaty i biznesmen Jaros\u0142aw D. znali si\u0119 prywatnie z czas\u00f3w szkolnych. S\u0142u\u017cby ustali\u0142y, \u017ce wielokrotnie spotykali si\u0119 w lubelskich lokalach.<\/p>\n<p>     Lubelski Kurator O\u015bwiaty zabra\u0142 g\u0142os po zatrzymaniu<\/p>\n<p>Tomasz Szab\u0142owski powiedzia\u0142 PAP, \u017ce przebywa obecnie w domu i nie jest zatrzymany. \u2014 Faktycznie rozmawia\u0142em we wtorek z CBA. Po z\u0142o\u017ceniu wyja\u015bnie\u0144 zosta\u0142em zwolniony. Mam teraz czas, \u017ceby odnie\u015b\u0107 si\u0119 do protoko\u0142u \u2014 wyja\u015bni\u0142. Kurator zaznaczy\u0142, \u017ce nie zgadza si\u0119 ze stawianymi mu zarzutami i planuje wkr\u00f3tce rozmow\u0119 z ministr\u0105 edukacji.<\/p>\n<p>&#8222;\u015aledztwo ma charakter rozwojowy&#8221; \u2014 poda\u0142a Cal\u00f3w-Jaszewska.<\/p>\n<p>Uzupe\u0142ni\u0142a, \u017ce w ramach tego samego post\u0119powania przygotowawczego 14 stycznia br. CBA zatrzyma\u0142o siedem os\u00f3b, <a href=\"https:\/\/wiadomosci.onet.pl\/lublin\/wiceprezydent-lublina-beata-stepaniuk-kusmierzak-zatrzymana-przez-cba-uslyszala\/r0g7ekv\" id=\"511c88b4-a527-4cbe-bc2a-72d077a34146\" rel=\"nofollow noopener\" target=\"_blank\">w tym wiceprezydent Lublina Beat\u0119 Stepaniuk-Ku\u015bmierzak<\/a> [wyrazi\u0142a zgod\u0119 na publikacj\u0119 nazwiska], dyrektora i kierownika jednego z wydzia\u0142\u00f3w Urz\u0119du Miasta Lublin, a tak\u017ce przedsi\u0119biorc\u00f3w z bran\u017cy eventowej. Dw\u00f3jk\u0119 urz\u0119dnik\u00f3w, w tym zast\u0119pczyni\u0119 prezydenta miasta, zawieszono w czynno\u015bciach s\u0142u\u017cbowych.     <\/p>\n<p>Wojewoda lubelski Krzysztof Komorski m\u00f3wi\u0142 mediom we wtorek, \u017ce Urz\u0105d Wojew\u00f3dzki, jako jedna z instytucji, zosta\u0142 poproszony o udost\u0119pnienie dokumentacji dotycz\u0105cej konkretnych post\u0119powa\u0144. \u2014 Wszystkie dokumenty, kt\u00f3re sobie Biuro \u017cyczy\u0142o, zosta\u0142y udost\u0119pnione. Traktujemy to, jak ka\u017cd\u0105 inn\u0105 kontrol\u0119. Jeste\u015bmy \u015bwie\u017co po kontroli Najwy\u017cszej Izby Kontroli zako\u0144czonej pozytywnym wynikiem. Deklarujemy pe\u0142n\u0105 otwarto\u015b\u0107 i wsp\u00f3\u0142prac\u0119 \u2014 zapewni\u0142 Komorski.<\/p>\n<p>Dopytywany, czego dotyczy\u0142o zapytanie ofertowe, wojewoda odpar\u0142, \u017ce nie udziela szczeg\u00f3\u0142owych informacji m.in. ze wzgl\u0119du na to, \u017ce &#8222;nie mamy te\u017c przekazanych protoko\u0142\u00f3w po udost\u0119pnieniu tej dokumentacji&#8221;.<\/p>\n<p>Podejrzanemu grozi do 20 lat wi\u0119zienia.<\/p>\n","protected":false},"excerpt":{"rendered":"W skr\u00f3cie: Podczas akcji funkcjonariusze CBA przeszukali kilka miejsc, w tym siedziby kuratorium i Lubelskiego Urz\u0119du Wojew\u00f3dzkiego. S\u0142u\u017cby&hellip;\n","protected":false},"author":2,"featured_media":499334,"comment_status":"","ping_status":"","sticky":false,"template":"","format":"standard","meta":{"footnotes":"","_share_on_mastodon":"0"},"categories":[51612],"tags":[61195,359,2882,6319,1081,48,46,42,38,40,39,41,354,47,31464],"class_list":["post-499333","post","type-post","status-publish","format-standard","has-post-thumbnail","category-lublin","tag-bottomfeed_styl","tag-cba","tag-korupcja","tag-kuratorium_oswiaty","tag-lublin","tag-nat_styl","tag-omp","tag-pl","tag-poland","tag-polish","tag-polska","tag-polski","tag-prokuratura_krajowa","tag-screening_general","tag-zamowienia_publiczne"],"share_on_mastodon":{"url":"https:\/\/pubeurope.com\/@pl\/116764929477450694","error":""},"_links":{"self":[{"href":"https:\/\/www.europesays.com\/pl\/wp-json\/wp\/v2\/posts\/499333","targetHints":{"allow":["GET"]}}],"collection":[{"href":"https:\/\/www.europesays.com\/pl\/wp-json\/wp\/v2\/posts"}],"about":[{"href":"https:\/\/www.europesays.com\/pl\/wp-json\/wp\/v2\/types\/post"}],"author":[{"embeddable":true,"href":"https:\/\/www.europesays.com\/pl\/wp-json\/wp\/v2\/users\/2"}],"replies":[{"embeddable":true,"href":"https:\/\/www.europesays.com\/pl\/wp-json\/wp\/v2\/comments?post=499333"}],"version-history":[{"count":0,"href":"https:\/\/www.europesays.com\/pl\/wp-json\/wp\/v2\/posts\/499333\/revisions"}],"wp:featuredmedia":[{"embeddable":true,"href":"https:\/\/www.europesays.com\/pl\/wp-json\/wp\/v2\/media\/499334"}],"wp:attachment":[{"href":"https:\/\/www.europesays.com\/pl\/wp-json\/wp\/v2\/media?parent=499333"}],"wp:term":[{"taxonomy":"category","embeddable":true,"href":"https:\/\/www.europesays.com\/pl\/wp-json\/wp\/v2\/categories?post=499333"},{"taxonomy":"post_tag","embeddable":true,"href":"https:\/\/www.europesays.com\/pl\/wp-json\/wp\/v2\/tags?post=499333"}],"curies":[{"name":"wp","href":"https:\/\/api.w.org\/{rel}","templated":true}]}}