{"id":499464,"date":"2026-06-17T11:30:15","date_gmt":"2026-06-17T11:30:15","guid":{"rendered":"https:\/\/www.europesays.com\/pl\/499464\/"},"modified":"2026-06-17T11:30:15","modified_gmt":"2026-06-17T11:30:15","slug":"dzielny-dzik-w-orzyszu-zolnierzy-odwiedzi-karol-nawrocki","status":"publish","type":"post","link":"https:\/\/www.europesays.com\/pl\/499464\/","title":{"rendered":"\u201eDzielny Dzik\u201d w Orzyszu. \u017bo\u0142nierzy odwiedzi Karol Nawrocki"},"content":{"rendered":"<p class=\"news__lead\">Na poligonie w Orzyszu realizowane s\u0105 \u0107wiczenia wojskowe \u201eDzielny Dzik 26\u201d, podczas kt\u00f3rych \u017co\u0142nierze 16. Dywizji Zmechanizowanej doskonal\u0105 swoje umiej\u0119tno\u015bci m.in. z wykorzystaniem nowoczesnego sprz\u0119tu, takiego jak bojowe wozy piechoty Borsuk, czo\u0142gi K2 oraz armatohaubice K9. W \u015brod\u0119 jednostki uczestnicz\u0105ce w manewrach odwiedzi prezydent Karol Nawrocki.<\/p>\n<p>\u201eDzielny Dzik 26\u201d stanowi cz\u0119\u015b\u0107 wi\u0119kszego przedsi\u0119wzi\u0119cia szkoleniowego pod nazw\u0105 \u201eBursztynowy Obro\u0144ca 26\u201d. W jego ramach 16. Dywizja Zmechanizowana, okre\u015blana mianem \u201ebursztynowej\u201d, wsp\u00f3\u0142dzia\u0142a z brygad\u0105 Wojsk Obrony Terytorialnej z wojew\u00f3dztwa warmi\u0144sko-mazurskiego oraz komponentami lotniczymi.<\/p>\n<p>Jak poinformowa\u0142 rzecznik dywizji mjr Karol Frankowski, g\u0142\u00f3wne dzia\u0142ania prowadzone s\u0105 w O\u015brodku Szkolenia Poligonowego Wojsk L\u0105dowych w Orzyszu. W \u0107wiczeniu uczestniczy oko\u0142o 6,5 tysi\u0105ca \u017co\u0142nierzy reprezentuj\u0105cych wszystkie jednostki dywizji, w tym m.in. 15. Gi\u017cyck\u0105 Brygad\u0119 Zmechanizowan\u0105 i 1. Mazursk\u0105 Brygad\u0119 Artylerii. W manewrach bior\u0105 udzia\u0142 r\u00f3wnie\u017c \u017co\u0142nierze Si\u0142 Powietrznych, Wojsk Aeromobilnych, Wojsk Obrony Terytorialnej, personel odpowiedzialny za logistyk\u0119 podlegaj\u0105cy Inspektoratowi Wsparcia Si\u0142 Zbrojnych, a tak\u017ce wojskowy kontyngent z Litwy.<\/p>\n<p>Wed\u0142ug zapowiedzi Kancelarii Prezydenta RP, w \u015brod\u0119 na poligon przyb\u0119dzie prezydent Karol Nawrocki wraz z szefem Biura Bezpiecze\u0144stwa Narodowego Bartoszem Grodeckim.<\/p>\n<p>Jednym z g\u0142\u00f3wnych element\u00f3w szkolenia jest wykorzystanie nowo wprowadzonego wyposa\u017cenia wojskowego. \u017bo\u0142nierze \u0107wicz\u0105 dzia\u0142ania z u\u017cyciem bojowych woz\u00f3w piechoty Borsuk, kt\u00f3re trafi\u0142y do jednostki w Gi\u017cycku, po\u0142udniowokorea\u0144skich czo\u0142g\u00f3w K2 oraz armatohaubic K9. Szczeg\u00f3ln\u0105 uwag\u0119 po\u015bwi\u0119cono zagadnieniom zwi\u0105zanym z systemami bezza\u0142ogowymi i przeciwdzia\u0142aniem dronom, prowadzeniem ognia na du\u017cych dystansach, a tak\u017ce mobilno\u015bci\u0105 wojsk i ich zdolno\u015bci\u0105 do dzia\u0142ania w wymagaj\u0105cych warunkach terenowych.<\/p>\n<p>\u0106wiczenia nie ograniczaj\u0105 si\u0119 wy\u0142\u0105cznie do obszaru poligonu. Cz\u0119\u015b\u0107 zada\u0144 realizowana jest r\u00f3wnie\u017c poza terenami wojskowymi, w tzw. terenie przygodnym. Obejmuje to mi\u0119dzy innymi trening przemieszczania wojsk po drogach publicznych na obszarze Przesmyku Suwalskiego, obejmuj\u0105cym tereny wojew\u00f3dztw warmi\u0144sko-mazurskiego i podlaskiego.<\/p>\n<p>Przesmyk Suwalski, obejmuj\u0105cy Suwalszczyzn\u0119, okolice Augustowa i Sejn oraz po\u0142udniowo-zachodni\u0105 cz\u0119\u015b\u0107 Litwy, ma strategiczne znaczenie dla bezpiecze\u0144stwa regionu. Jest jedynym l\u0105dowym po\u0142\u0105czeniem pa\u0144stw ba\u0142tyckich z Polsk\u0105 i pozosta\u0142ymi krajami NATO. Obszar ten oddziela rosyjski obw\u00f3d kr\u00f3lewiecki od Bia\u0142orusi, b\u0119d\u0105cej sojusznikiem Rosji. Z tego wzgl\u0119du ameryka\u0144scy wojskowi wskazuj\u0105 go jako jeden z potencjalnie najbardziej wra\u017cliwych punkt\u00f3w bezpiecze\u0144stwa w Europie.<\/p>\n<p>                                                                                                                                                                                                        ]]><\/p>\n","protected":false},"excerpt":{"rendered":"Na poligonie w Orzyszu realizowane s\u0105 \u0107wiczenia wojskowe \u201eDzielny Dzik 26\u201d, podczas kt\u00f3rych \u017co\u0142nierze 16. Dywizji Zmechanizowanej doskonal\u0105&hellip;\n","protected":false},"author":2,"featured_media":499465,"comment_status":"","ping_status":"","sticky":false,"template":"","format":"standard","meta":{"footnotes":"","_share_on_mastodon":"0"},"categories":[62712],"tags":[3957,2786,690,2948,16822],"class_list":["post-499464","post","type-post","status-publish","format-standard","has-post-thumbnail","category-karol-nawrocki","tag-ameryka","tag-bron","tag-karol-nawrocki","tag-olsztyn","tag-rzecznik"],"share_on_mastodon":{"url":"https:\/\/pubeurope.com\/@pl\/116765224187318217","error":""},"_links":{"self":[{"href":"https:\/\/www.europesays.com\/pl\/wp-json\/wp\/v2\/posts\/499464","targetHints":{"allow":["GET"]}}],"collection":[{"href":"https:\/\/www.europesays.com\/pl\/wp-json\/wp\/v2\/posts"}],"about":[{"href":"https:\/\/www.europesays.com\/pl\/wp-json\/wp\/v2\/types\/post"}],"author":[{"embeddable":true,"href":"https:\/\/www.europesays.com\/pl\/wp-json\/wp\/v2\/users\/2"}],"replies":[{"embeddable":true,"href":"https:\/\/www.europesays.com\/pl\/wp-json\/wp\/v2\/comments?post=499464"}],"version-history":[{"count":0,"href":"https:\/\/www.europesays.com\/pl\/wp-json\/wp\/v2\/posts\/499464\/revisions"}],"wp:featuredmedia":[{"embeddable":true,"href":"https:\/\/www.europesays.com\/pl\/wp-json\/wp\/v2\/media\/499465"}],"wp:attachment":[{"href":"https:\/\/www.europesays.com\/pl\/wp-json\/wp\/v2\/media?parent=499464"}],"wp:term":[{"taxonomy":"category","embeddable":true,"href":"https:\/\/www.europesays.com\/pl\/wp-json\/wp\/v2\/categories?post=499464"},{"taxonomy":"post_tag","embeddable":true,"href":"https:\/\/www.europesays.com\/pl\/wp-json\/wp\/v2\/tags?post=499464"}],"curies":[{"name":"wp","href":"https:\/\/api.w.org\/{rel}","templated":true}]}}