{"id":499543,"date":"2026-06-17T12:15:22","date_gmt":"2026-06-17T12:15:22","guid":{"rendered":"https:\/\/www.europesays.com\/pl\/499543\/"},"modified":"2026-06-17T12:15:22","modified_gmt":"2026-06-17T12:15:22","slug":"warszawa-ktorej-jeszcze-nie-ma-na-wystawie-plany-na-przyszlosc-2026","status":"publish","type":"post","link":"https:\/\/www.europesays.com\/pl\/499543\/","title":{"rendered":"Warszawa, kt\u00f3rej jeszcze nie ma na wystawie \u201ePlany na Przysz\u0142o\u015b\u0107 2026\u201d"},"content":{"rendered":"<p class=\"p1\">Jak b\u0119dzie wygl\u0105da\u0107 Warszawa w najbli\u017cszych latach? Odpowiedzi warto szuka\u0107 nie tylko na placach budowy, ale przede wszystkim w pracowniach architektonicznych, w kt\u00f3rych powstaj\u0105 projekty osiedli oraz przestrzeni publicznych. Wystawa \u201ePlany na Przysz\u0142o\u015b\u0107 2026\u201d pozwala przyjrze\u0107 si\u0119 stolicy jeszcze na etapie koncepcji, zanim na dobre zmieni si\u0119 tkanka miejska. Projekty najbardziej uznanych polskich biur projektowych ods\u0142aniaj\u0105 w warszawskim ZODIAKU nie tylko skal\u0119 planowanych inwestycji, ale przede wszystkim spos\u00f3b, w jaki wsp\u00f3\u0142czesna architektura interpretuje dzi\u015b Warszaw\u0119 i jej potrzeby. <\/p>\n<p class=\"p2\">Transformacja miasta rzadko odbywa si\u0119 spektakularnie. Znacznie cz\u0119\u015bciej jest procesem rozci\u0105gni\u0119tym w czasie, poprzedzonym analizami i decyzjami planistycznymi, kt\u00f3re pozostaj\u0105 niewidoczne dla mieszka\u0144c\u00f3w. To w\u0142a\u015bnie ten etap, czyli moment, w kt\u00f3rym architektura istnieje jeszcze jako \u201eidea\u201d przysz\u0142ego miasta, od niemal trzech dekad dokumentuje wystawa \u201ePlany na Przysz\u0142o\u015b\u0107\u201d, organizowana w ZODIAKU Warszawskim Pawilonie Architektury.<\/p>\n<p>57 projekt\u00f3w nowej Warszawy<\/p>\n<p class=\"p2\">Na tegorocznej edycji dominuj\u0105 projekty mieszkaniowe, stanowi\u0105ce niemal po\u0142ow\u0119 prezentowanych koncepcji. R\u00f3wnie istotn\u0105 rol\u0119 odgrywaj\u0105 inwestycje publiczne, zwi\u0105zane z edukacj\u0105, kultur\u0105 i lokaln\u0105 infrastruktur\u0105 spo\u0142eczn\u0105. Istot\u0105 wystawy nie jest jednak prezentacja efektownych wizualizacji, ale uchwycenie decyzji projektowych, kt\u00f3re w najbli\u017cszych latach b\u0119d\u0105 realnie wp\u0142ywa\u0107 na spos\u00f3b funkcjonowania stolicy.<\/p>\n<p class=\"p2\">W\u015br\u00f3d prezentowanych propozycji znajduj\u0105 si\u0119 m.in. kolejne etapy Nowego Centrum Warszawy, biblioteki, centrum edukacji ekologicznej, p\u0142ywalnia czy skatepark. Interesuj\u0105cym przyk\u0142adem jest r\u00f3wnie\u017c modu\u0142owy projekt Plener, pomy\u015blany jako infrastruktura spotka\u0144 dla m\u0142odych mieszka\u0144c\u00f3w i pr\u00f3ba stworzenia alternatywy dla aktywno\u015bci, przenoszonych dzi\u015b g\u0142\u00f3wnie do przestrzeni cyfrowej.<\/p>\n<p>Miasto jako ca\u0142o\u015b\u0107<\/p>\n<p class=\"p2\">Jedn\u0105 z najmocniej reprezentowanych pracowni na wystawie jest BBGK Architekci, prezentuj\u0105ca trzy projekty: Modern Mokot\u00f3w, Bulwary Praskie oraz MURANO. Ich obecno\u015b\u0107 dobrze pokazuje zmian\u0119, jaka dokonuje si\u0119 dzi\u015b w my\u015bleniu o architekturze. Coraz wi\u0119ksze znaczenie zyskuj\u0105 nie pojedyncze ikoniczne budynki, lecz umiej\u0119tno\u015b\u0107 projektowania ca\u0142ych fragment\u00f3w miasta \u2013 kwarta\u0142\u00f3w, osiedli i dzielnic, kt\u00f3re maj\u0105 funkcjonowa\u0107 jako sp\u00f3jne, wielofunkcyjne \u015brodowiska \u017cycia.<\/p>\n<p><img loading=\"lazy\" decoding=\"async\" class=\"wp-image-402996 size-full\" src=\"https:\/\/www.europesays.com\/pl\/wp-content\/uploads\/2026\/06\/MURANO-2.jpg\" alt=\"\" width=\"1920\" height=\"1280\"  \/>Murano<br \/>\n<a class=\"gofollow\" data-track=\"MzQsMCw2MA==\" href=\"https:\/\/panipaniodswiatla.pl\/\" rel=\"nofollow noopener\" target=\"_blank\"><img decoding=\"async\" src=\"https:\/\/www.europesays.com\/pl\/wp-content\/uploads\/2026\/06\/1781173032_918_Baner-06.26.jpg\"\/><\/a><\/p>\n<p class=\"p2\">BBGK od lat kojarzone jest w\u0142a\u015bnie z takim podej\u015bciem. Pracownia nale\u017cy do grona biur, kt\u00f3re konsekwentnie \u0142\u0105cz\u0105 architektur\u0119 z urbanistyk\u0105, projektuj\u0105c nie tylko obiekty, ale tak\u017ce relacje pomi\u0119dzy nimi: uk\u0142ady przestrzeni publicznych, ci\u0105gi piesze, lokalne us\u0142ugi, tereny zieleni i miejsca codziennych spotka\u0144. To my\u015blenie o mie\u015bcie jako organizmie, kt\u00f3rego jako\u015b\u0107 zale\u017cy nie od pojedynczych realizacji, lecz od sposobu, w jaki wsp\u00f3\u0142dzia\u0142aj\u0105 ze sob\u0105 ca\u0142e zespo\u0142y zabudowy.<\/p>\n<p class=\"p2\">Prezentowany na wystawie Modern Mokot\u00f3w rozwija ide\u0119 wsp\u00f3\u0142czesnej miejskiej dzielnicy opartej na r\u00f3\u017cnorodno\u015bci funkcji i dobrze zaprojektowanych przestrzeniach wsp\u00f3lnych. Projekt pokazuje, jak du\u017ce za\u0142o\u017cenia mieszkaniowe mog\u0105 sta\u0107 si\u0119 integraln\u0105 cz\u0119\u015bci\u0105 miasta, zamiast funkcjonowa\u0107 jako odizolowane enklawy. Istotn\u0105 rol\u0119 odgrywaj\u0105 tu sie\u0107 plac\u00f3w, zielonych dziedzi\u0144c\u00f3w, lokalnych us\u0142ug i przestrzeni aktywno\u015bci mieszka\u0144c\u00f3w, kt\u00f3re buduj\u0105 codzienny miejski charakter tego miejsca.<\/p>\n<p><img loading=\"lazy\" decoding=\"async\" class=\"wp-image-403000 size-full\" src=\"https:\/\/www.europesays.com\/pl\/wp-content\/uploads\/2026\/06\/Bulwary-Praskie.jpg\" alt=\"\" width=\"1920\" height=\"1476\"  \/>Bulwary Praskie<\/p>\n<p class=\"p2\">Bulwary Praskie s\u0105 z kolei jednym z najwi\u0119kszych proces\u00f3w rewitalizacyjnych prowadzonych obecnie w Warszawie. Powstaj\u0105ce na terenach o unikatowej historii zwi\u0105zanej z rozwojem warszawskiego przemys\u0142u i motoryzacji za\u0142o\u017cenie stopniowo przekszta\u0142ca dawniej niedost\u0119pny obszar w nowy fragment miasta otwarty na rzek\u0119.<\/p>\n<p class=\"p2\">Projekt MURANO pokazuje natomiast, jak wsp\u00f3\u0142czesna architektura mo\u017ce rozwija\u0107 historyczne dziedzictwo jednej z najwa\u017cniejszych warszawskich dzielnic. Powstaj\u0105cy przy ulicy Anielewicza budynek zosta\u0142 podporz\u0105dkowany logice miasta i specyfice Muranowa \u2013 miejsca, w kt\u00f3rym nak\u0142adaj\u0105 si\u0119 na siebie pami\u0119\u0107 przedwojennej Warszawy, powojenna odbudowa i wsp\u00f3\u0142czesne \u017cycie metropolii. Projekt nie pr\u00f3buje odtwarza\u0107 historii w dos\u0142owny spos\u00f3b, lecz wpisuje now\u0105 zabudow\u0119 w istniej\u0105c\u0105 struktur\u0119 urbanistyczn\u0105, kontynuuj\u0105c charakter dzielnicy poprzez skal\u0119, funkcje i relacje z otaczaj\u0105c\u0105 przestrzeni\u0105.<\/p>\n<p class=\"p2\">Te oraz inne projekty pokazuj\u0105ce, w jaki spos\u00f3b b\u0119dzie zmienia\u0107 si\u0119 Warszawa w najbli\u017cszych latach mo\u017cna ogl\u0105da\u0107 na wystawie Plany na Przysz\u0142o\u015b\u0107 2026 do 2 sierpnia w ZODIAKU Warszawskim Pawilonie Architektury. Pawilon jest otwarty\u00a0od wtorku do pi\u0105tku w godzinach 15:00-19:00 oraz w weekendy od 12:00 do 19:00. Kuratorami wystawy s\u0105 Monika Komorowska i Artur Wosz.<\/p>\n<p class=\"p2\">Wst\u0119p na wystaw\u0119 jest\u00a0bezp\u0142atny.<\/p>\n<p class=\"p4\">Wi\u0119cej o BBGK: <a href=\"https:\/\/bbgk.pl\/pl\/\" rel=\"nofollow noopener\" target=\"_blank\">https:\/\/bbgk.pl\/pl<\/a><\/p>\n<p>Czytaj te\u017c: <a class=\"in-cell-link\" href=\"https:\/\/www.whitemad.pl\/tag\/warszawa\/\" target=\"_blank\" rel=\"noopener nofollow\">Warszawa<\/a> | <a class=\"in-cell-link\" href=\"https:\/\/www.whitemad.pl\/tag\/miasto\/\" target=\"_blank\" rel=\"noopener nofollow\">Miasto<\/a> | <a class=\"in-cell-link\" href=\"https:\/\/www.whitemad.pl\/tag\/urbanistyka\/\" target=\"_blank\" rel=\"noopener nofollow\">Urbanistyka<\/a> | <a class=\"in-cell-link\" href=\"https:\/\/www.whitemad.pl\/tag\/polecane\/\" target=\"_blank\" rel=\"noopener nofollow\">Polecane<\/a> | <a class=\"in-cell-link\" href=\"https:\/\/www.instagram.com\/whitemadmagazine\/?hl=pl\" target=\"_blank\" rel=\"noopener nofollow\">whiteMAD na Instagramie<\/a><\/p>\n<p>\t\t\t\t\t\t\t\t\t<script async src=\"\/\/www.instagram.com\/embed.js\"><\/script><\/p>\n","protected":false},"excerpt":{"rendered":"Jak b\u0119dzie wygl\u0105da\u0107 Warszawa w najbli\u017cszych latach? Odpowiedzi warto szuka\u0107 nie tylko na placach budowy, ale przede wszystkim&hellip;\n","protected":false},"author":2,"featured_media":499544,"comment_status":"","ping_status":"","sticky":false,"template":"","format":"standard","meta":{"footnotes":"","_share_on_mastodon":"0"},"categories":[51605],"tags":[1066,29066,42,38,15446,40,39,41,435],"class_list":["post-499543","post","type-post","status-publish","format-standard","has-post-thumbnail","category-warszawa","tag-miasto","tag-nowe-inwestycje","tag-pl","tag-poland","tag-polecane","tag-polish","tag-polska","tag-polski","tag-warszawa"],"share_on_mastodon":{"url":"https:\/\/pubeurope.com\/@pl\/116765401850925959","error":""},"_links":{"self":[{"href":"https:\/\/www.europesays.com\/pl\/wp-json\/wp\/v2\/posts\/499543","targetHints":{"allow":["GET"]}}],"collection":[{"href":"https:\/\/www.europesays.com\/pl\/wp-json\/wp\/v2\/posts"}],"about":[{"href":"https:\/\/www.europesays.com\/pl\/wp-json\/wp\/v2\/types\/post"}],"author":[{"embeddable":true,"href":"https:\/\/www.europesays.com\/pl\/wp-json\/wp\/v2\/users\/2"}],"replies":[{"embeddable":true,"href":"https:\/\/www.europesays.com\/pl\/wp-json\/wp\/v2\/comments?post=499543"}],"version-history":[{"count":0,"href":"https:\/\/www.europesays.com\/pl\/wp-json\/wp\/v2\/posts\/499543\/revisions"}],"wp:featuredmedia":[{"embeddable":true,"href":"https:\/\/www.europesays.com\/pl\/wp-json\/wp\/v2\/media\/499544"}],"wp:attachment":[{"href":"https:\/\/www.europesays.com\/pl\/wp-json\/wp\/v2\/media?parent=499543"}],"wp:term":[{"taxonomy":"category","embeddable":true,"href":"https:\/\/www.europesays.com\/pl\/wp-json\/wp\/v2\/categories?post=499543"},{"taxonomy":"post_tag","embeddable":true,"href":"https:\/\/www.europesays.com\/pl\/wp-json\/wp\/v2\/tags?post=499543"}],"curies":[{"name":"wp","href":"https:\/\/api.w.org\/{rel}","templated":true}]}}