{"id":499561,"date":"2026-06-17T12:24:20","date_gmt":"2026-06-17T12:24:20","guid":{"rendered":"https:\/\/www.europesays.com\/pl\/499561\/"},"modified":"2026-06-17T12:24:20","modified_gmt":"2026-06-17T12:24:20","slug":"karol-nawrocki-mogl-byc-ofiara-ataku-w-bialym-domu-amerykanie-ujawniaja","status":"publish","type":"post","link":"https:\/\/www.europesays.com\/pl\/499561\/","title":{"rendered":"Karol Nawrocki m\u00f3g\u0142 by\u0107 ofiar\u0105 ataku w Bia\u0142ym Domu. Amerykanie ujawniaj\u0105"},"content":{"rendered":"<p>W nocy z soboty na niedziel\u0119 (14\u201315 czerwca) uwaga sportowego \u015bwiata nie by\u0142a skierowana jedynie na pi\u0142karskie mistrzostwa \u015bwiata w Stanach Zjednoczonych, Kanadzie i Meksyku, ale r\u00f3wnie\u017c na Waszyngton. To tam odbywa\u0142a si\u0119 gala UFC 250 Freedom.<\/p>\n<p> Dalszy ci\u0105g artyku\u0142u pod materia\u0142em wideo <\/p>\n<p>Wydarzenie odbywa\u0142o si\u0119 w wyj\u0105tkowym miejscu, tu\u017c przed Bia\u0142ym Domem. A Donald Trump zaprosi\u0142 wielu go\u015bci z ca\u0142ego \u015bwiata. Po\u015br\u00f3d nich znale\u017ali si\u0119 prezydent RP Karol Nawrocki i by\u0142y mistrz UFC Jan B\u0142achowicz. Jak si\u0119 okazuje, podczas gali mog\u0142o doj\u015b\u0107 do tragedii.<\/p>\n<p>Fox News poinformowa\u0142, \u017ce grupa ludzi planowa\u0142a atak terrorystyczny podczas gali. Jak wiemy, do niczego nie dosz\u0142o, bo interweniowa\u0142o FBI, kt\u00f3re zatrzyma\u0142o pi\u0119\u0107 os\u00f3b. Natomiast CBS News przekaza\u0142o, \u017ce ameryka\u0144skie s\u0142u\u017cby o mo\u017cliwym ataku dowiedzia\u0142y si\u0119 10 czerwca.<\/p>\n<p>&#8222;Wed\u0142ug \u017ar\u00f3de\u0142 CBS News, z agencj\u0105 skontaktowa\u0142 si\u0119 zaniepokojony cz\u0142onek rodziny jednego z zatrzymanych. Podejrzany mia\u0142 otwarcie przyznawa\u0107, \u017ce planuje co\u015b nikczemnego w Waszyngtonie. Ta poszlaka doprowadzi\u0142a do zatrzymania, a co za tym idzie do wykrycia ca\u0142ej sieci os\u00f3b, kt\u00f3re kontaktowa\u0142y si\u0119 ze sob\u0105 poprzez czat i planowa\u0142y akcj\u0119&#8221; \u2014 czytamy.<\/p>\n<p>     Tak mia\u0142 wygl\u0105da\u0107 zamach podczas gali UFC<\/p>\n<p>Natomiast Fox News zdradzi\u0142o, jak mia\u0142 wygl\u0105da\u0107 atak. Najpierw Bia\u0142y Dom mia\u0142 zosta\u0107 zaatakowany dronami, po czym mieli wej\u015b\u0107 snajperzy. Na koniec zamachowcy mieli w planach wkroczy\u0107 do Bia\u0142ego Domu.<\/p>\n<p>\u2014 Zgodnie z informacjami przekazanymi przez przedstawicieli FBI, uzbrojone w \u0142adunki wybuchowe drony mia\u0142y uderzy\u0107 w budynki niedaleko Bia\u0142ego Domu, by wywo\u0142a\u0107 panik\u0119 oraz masow\u0105 ewakuacj\u0119. W\u00f3wczas do akcji wkroczyliby snajperzy. Plan mia\u0142 tak\u017ce drug\u0105 faz\u0119, w ramach kt\u00f3rej kolejna grupa zamachowc\u00f3w ruszy\u0142aby na bram\u0119 Bia\u0142ego Domu \u2014 informuje Fox News.<\/p>\n<p>To jednak nie wszystko, bo jeden z zatrzymanych mia\u0142 nawet ujawni\u0107 motywy potencjalnego ataku. Celem mia\u0142y by\u0107 kapitalistyczne elity, milionerzy i politycy, kt\u00f3rzy dostawali pieni\u0105dze Izraelskiego Komitetu Spraw Publicznych. FBI ustali\u0142o, \u017ce \u0142\u0105cznie w spraw\u0119 zamieszane s\u0105 23 osoby.<\/p>\n","protected":false},"excerpt":{"rendered":"W nocy z soboty na niedziel\u0119 (14\u201315 czerwca) uwaga sportowego \u015bwiata nie by\u0142a skierowana jedynie na pi\u0142karskie mistrzostwa&hellip;\n","protected":false},"author":2,"featured_media":499562,"comment_status":"","ping_status":"","sticky":false,"template":"","format":"standard","meta":{"footnotes":"","_share_on_mastodon":"0"},"categories":[62712],"tags":[61195,44,5406,690,43,1255,48,46,47,4848],"class_list":["post-499561","post","type-post","status-publish","format-standard","has-post-thumbnail","category-karol-nawrocki","tag-bottomfeed_styl","tag-donald_trump","tag-fbi","tag-karol-nawrocki","tag-karol_nawrocki","tag-mma","tag-nat_styl","tag-omp","tag-screening_general","tag-ufc"],"share_on_mastodon":{"url":"https:\/\/pubeurope.com\/@pl\/116765436451070397","error":""},"_links":{"self":[{"href":"https:\/\/www.europesays.com\/pl\/wp-json\/wp\/v2\/posts\/499561","targetHints":{"allow":["GET"]}}],"collection":[{"href":"https:\/\/www.europesays.com\/pl\/wp-json\/wp\/v2\/posts"}],"about":[{"href":"https:\/\/www.europesays.com\/pl\/wp-json\/wp\/v2\/types\/post"}],"author":[{"embeddable":true,"href":"https:\/\/www.europesays.com\/pl\/wp-json\/wp\/v2\/users\/2"}],"replies":[{"embeddable":true,"href":"https:\/\/www.europesays.com\/pl\/wp-json\/wp\/v2\/comments?post=499561"}],"version-history":[{"count":0,"href":"https:\/\/www.europesays.com\/pl\/wp-json\/wp\/v2\/posts\/499561\/revisions"}],"wp:featuredmedia":[{"embeddable":true,"href":"https:\/\/www.europesays.com\/pl\/wp-json\/wp\/v2\/media\/499562"}],"wp:attachment":[{"href":"https:\/\/www.europesays.com\/pl\/wp-json\/wp\/v2\/media?parent=499561"}],"wp:term":[{"taxonomy":"category","embeddable":true,"href":"https:\/\/www.europesays.com\/pl\/wp-json\/wp\/v2\/categories?post=499561"},{"taxonomy":"post_tag","embeddable":true,"href":"https:\/\/www.europesays.com\/pl\/wp-json\/wp\/v2\/tags?post=499561"}],"curies":[{"name":"wp","href":"https:\/\/api.w.org\/{rel}","templated":true}]}}