{"id":49971,"date":"2025-10-15T08:21:08","date_gmt":"2025-10-15T08:21:08","guid":{"rendered":"https:\/\/www.europesays.com\/pl\/49971\/"},"modified":"2025-10-15T08:21:08","modified_gmt":"2025-10-15T08:21:08","slug":"obca-ingerencja-jest-glosno-o-tym-co-zrobila-tvp-mamy-odpowiedz-stacji","status":"publish","type":"post","link":"https:\/\/www.europesays.com\/pl\/49971\/","title":{"rendered":"&#8222;Obca ingerencja&#8221;. Jest g\u0142o\u015bno o tym, co zrobi\u0142a TVP. Mamy odpowied\u017a stacji"},"content":{"rendered":"<p class=\"Paragraph_desktopParagraph__Fd2e9\">W niedziel\u0119 12 pa\u017adziernika o godz. 20.45 reprezentacja Polski mierzy\u0142a si\u0119 z Litw\u0105 w ramach el. M\u015a 2026. Spotkanie to rozpocz\u0119\u0142o si\u0119 od sporych problem\u00f3w. Nie chodzi jednak o sytuacj\u0119 na boisku, a meczow\u0105 transmisj\u0119. Kilka minut przed pierwszym gwizdkiem TVP Info opublikowa\u0142a w mediach spo\u0142eczno\u015bciowych zaskakuj\u0105cy komunikat.<\/p>\n<p class=\"VideoPlayerText_videoPlayerText__zrtJk\">Dalszy ci\u0105g materia\u0142u pod wideo<\/p>\n<p class=\"Paragraph_desktopParagraph__Fd2e9\">&#8222;Operator satelitarny Eutelsat informuje o obcej ingerencji w \u0142\u0105cza satelitarne, za po\u015brednictwem kt\u00f3rych ma by\u0107 transmitowany mecz Litwa \u2014 Polska. W zwi\u0105zku z tym mog\u0105 wyst\u0105pi\u0107 zak\u0142\u00f3cenia lub przerwy w transmisji. Trwaj\u0105 dzia\u0142ania maj\u0105ce na celu zabezpieczenie transmisji&#8221; \u2014 mogli\u015bmy przeczyta\u0107. Nieco wi\u0119cej pisali\u015bmy o tym <a href=\"https:\/\/przegladsportowy.onet.pl\/pilka-nozna\/reprezentacja-polski\/tvp-informuje-o-powaznym-problemie-technicznym-obca-ingerencja\/28n6pes?7515&amp;4493\" id=\"6e18438d-1921-4979-a115-4f085039a42f\" rel=\"nofollow noopener\" target=\"_blank\">tutaj<\/a>.<\/p>\n<p>Problemy TVP tu\u017c przed meczem Litwa \u2014 Polska. &#8222;Obca ingerencja&#8221;<\/p>\n<p class=\"Paragraph_desktopParagraph__Fd2e9\">W tamtym momencie od razu skontaktowali\u015bmy si\u0119 z dyrektorem TVP Sport Jakubem Kwiatkowskim, kt\u00f3ry potwierdzi\u0142 te doniesienia. &#8222;Tak jak w komunikacie. Od dw\u00f3ch godzin si\u0119 z tym mierzymy. Zwi\u0119kszyli\u015bmy moc naszego sygna\u0142u&#8221; \u2014 przekaza\u0142 nam. Dzie\u0144 p\u00f3\u017aniej przekaza\u0142 nieco bardziej szczeg\u00f3\u0142owe informacje w rozmowie z Polsk\u0105 Agencj\u0105 Prasow\u0105.<\/p>\n<p class=\"Paragraph_desktopParagraph__Fd2e9\">\u2014 Kto\u015b, nie wiemy, kto i sk\u0105d, pr\u00f3bowa\u0142 wbi\u0107 si\u0119 w nasz\u0105 cz\u0119stotliwo\u015b\u0107 na satelit\u0119. By\u0142a taka, m\u00f3wi\u0105c kolokwialnie, przepychanka, kto jest silniejszy. Zwi\u0119kszyli\u015bmy moc sygna\u0142u i ich zepchn\u0119li\u015bmy. W przerwie meczu nam odpu\u015bcili. [&#8230;] Chcieli\u015bmy mie\u0107 jasny komunikat w tej sprawie od Eutelsatu, \u017ceby nikt nam nie zarzuci\u0142 robienia niepotrzebnego zamieszania. Nie wiemy, kto za tym sta\u0142. Eutelsat te\u017c nie wie \u2014 <a href=\"https:\/\/przegladsportowy.onet.pl\/pilka-nozna\/reprezentacja-polski\/najnowsze-wiesci-o-problemach-tvp-na-litwie-przepychanka\/y893x8k\" id=\"f0d20204-a730-42f7-9764-55c40f1bf3e8\" rel=\"nofollow noopener\" target=\"_blank\">powiedzia\u0142 Kwiatkowski<\/a>.<\/p>\n<p>Eutelsat zaprzecza wersji TVP. Zaskakuj\u0105ce o\u015bwiadczenie<\/p>\n<p class=\"Paragraph_desktopParagraph__Fd2e9\">Teraz nowe wie\u015bci w zwi\u0105zku z t\u0105 spraw\u0105 przekaza\u0142a Polska Agencja Prasowa, kt\u00f3ra uzyska\u0142a o\u015bwiadczenie przywo\u0142anego operatora satelitarnego, czyli Eutelsatu. Wynika jednak z niego, \u017ce&#8230; \u017cadnych problem\u00f3w nie by\u0142o. &#8222;Przed meczem TVP zg\u0142osi\u0142o zak\u0142\u00f3cenia zaobserwowane na ich segmencie. Zgodnie z nasz\u0105 procedur\u0105, natychmiast zbadali\u015bmy zg\u0142oszenie, ale w tym czasie nie wykryli\u015bmy \u017cadnych zak\u0142\u00f3ce\u0144&#8221; \u2014 czytamy w o\u015bwiadczeniu szefowej biura komunikacji Joanny Darlington.<\/p>\n<p class=\"Paragraph_desktopParagraph__Fd2e9\">&#8222;Niemniej jednak zesp\u00f3\u0142 pozosta\u0142 w gotowo\u015bci, by udost\u0119pni\u0107 alternatywny segment satelitarny dla tej wa\u017cnej transmisji, gdyby problem si\u0119 powt\u00f3rzy\u0142. Nie otrzymali\u015bmy \u017cadnych pr\u00f3\u015bb o aktywowanie rozwi\u0105zania \u0142agodz\u0105cego, ani \u017cadnych dodatkowych zg\u0142osze\u0144 o zak\u0142\u00f3ceniach. Zgodnie z nasz\u0105 wiedz\u0105, przepustowo\u015b\u0107 segmentu by\u0142a zatem wolna od zak\u0142\u00f3ce\u0144, a transmisja na \u017cywo zosta\u0142a wyemitowana bez przerw&#8221; \u2014 brzmi dalej komunikat.<\/p>\n<p>TVP reaguje po o\u015bwiadczeniu Eutelsatu. Mamy odpowied\u017a<\/p>\n<p class=\"Paragraph_desktopParagraph__Fd2e9\">Sk\u0105d wi\u0119c ta r\u00f3\u017cnica w wersjach wydarze\u0144? We wtorek zapytali\u015bmy o to Dzia\u0142 Komunikacji Korporacyjnej TVP. Jeszcze w tym samym dniu otrzymali\u015bmy odpowied\u017a. By\u0142o ni\u0105 pismo, kt\u00f3re Telewizja Polska dosta\u0142a od firmy TTcomm sp. z o.o., czyli &#8222;po\u015brednika pomi\u0119dzy Telewizj\u0105 Polsk\u0105, a Eutelsatem, kt\u00f3ry w tym przypadku wyst\u0119puje \/ wypowiada si\u0119 w imieniu Eutelsatu&#8221; \u2014 czytamy w mailu, kt\u00f3rego przes\u0142a\u0142 nam Tomasz Wiaderek.<\/p>\n<p class=\"Paragraph_desktopParagraph__Fd2e9\">Wynika z niego, \u017ce zak\u0142\u00f3cenie rzeczywi\u015bcie si\u0119 pojawi\u0142o. By\u0142o ono jednak bardzo kr\u00f3tkie, a w dodatku niestabilne i dlatego Eutelsat nie by\u0142 w stanie namierzy\u0107 jego dok\u0142adnego pochodzenia. Mo\u017cna wi\u0119c przypuszcza\u0107, \u017ce to z tego powodu operator w o\u015bwiadczeniu przes\u0142anym PAP przekaza\u0142, \u017ce nie zlokalizowa\u0142 \u017cadnych zak\u0142\u00f3ce\u0144. Tak czy inaczej, wed\u0142ug TVP i wspomnianej firmy TTcomm sp. z o.o. rzeczywi\u015bcie si\u0119 one pojawi\u0142y. Dowiedzieli\u015bmy si\u0119 r\u00f3wnie\u017c, jakie by\u0142o ich \u017ar\u00f3d\u0142o: b\u0142\u0119dne skonfigurowana stacja VSAT s\u0142u\u017c\u0105ca do satelitarnego przesy\u0142u informacji. Poni\u017cej przedstawimy pe\u0142n\u0105 tre\u015b\u0107 o\u015bwiadczenia.<\/p>\n<p class=\"Paragraph_desktopParagraph__Fd2e9\">Szanowni Pa\u0144stwo, <\/p>\n<p class=\"Paragraph_desktopParagraph__Fd2e9\">Uprzejmie informujemy, \u017ce wyst\u0105pienie zak\u0142\u00f3ce\u0144 w dniu 12.10.2025 r. w godzinach wieczornych na satelicie Eutelsat 16A, w pa\u015bmie przeznaczonym dla woz\u00f3w SNG, by\u0142o spowodowane pojawieniem si\u0119 nieautoryzowanej no\u015bnej na cz\u0119stotliwo\u015bciach, z kt\u00f3rych korzysta TVP. Prawdopodobnie no\u015bna zak\u0142\u00f3caj\u0105ca pochodzi\u0142a ze stacji VSAT, kt\u00f3ra zosta\u0142a b\u0142\u0119dnie skonfigurowana lub posiada\u0142a uszkodzone urz\u0105dzenia nadawcze. Kilkukrotne pojawienie si\u0119 zmiennej no\u015bnej by\u0142o tak kr\u00f3tkotrwa\u0142e i niestabilne, \u017ce zesp\u00f3\u0142 operatora satelitarnego nie m\u00f3g\u0142 zlokalizowa\u0107, z kt\u00f3rego miejsca by\u0142a ona nadawana, a co za tym idzie ustali\u0107 w\u0142a\u015bciciela stacji nadawczej. W celu eliminacji wp\u0142ywu zak\u0142\u00f3ce\u0144 na transmisj\u0119 TVP, pod nadzorem operatora Eutelsat, zosta\u0142a znacznie zwi\u0119kszona moc nadawania ze stacji SNG TVP, co pozwoli\u0142o uzyska\u0107 bezpieczny margines parametr\u00f3w odbioru i bezb\u0142\u0119dn\u0105 transmisj\u0119. Niezale\u017cnie od tego, operator satelitarny Eutelsat przygotowa\u0142 rezerwowy segment satelitarny na wypadek wyst\u0105pienia ponownych zak\u0142\u00f3ce\u0144. Transmisja meczu pi\u0142ki no\u017cnej odby\u0142a si\u0119 bez zak\u0142\u00f3ce\u0144 i TVP nie musia\u0142o korzysta\u0107 z rezerwowej pojemno\u015bci.<\/p>\n<p><img decoding=\"async\" src=\"https:\/\/www.europesays.com\/pl\/wp-content\/uploads\/2025\/10\/pismo-jakie-otrzymala-tvp.jpg\" alt=\"Pismo, jakie otrzyma\u0142a TVP\" width=\"944\" height=\"1339\" loading=\"lazy\" class=\"\" \/>Pismo, jakie otrzyma\u0142a TVP (Foto: TVP)<\/p>\n","protected":false},"excerpt":{"rendered":"W niedziel\u0119 12 pa\u017adziernika o godz. 20.45 reprezentacja Polski mierzy\u0142a si\u0119 z Litw\u0105 w ramach el. M\u015a 2026.&hellip;\n","protected":false},"author":2,"featured_media":49972,"comment_status":"","ping_status":"","sticky":false,"template":"","format":"standard","meta":{"footnotes":""},"categories":[24],"tags":[67,13586,843,948,42,38,40,39,41,136,10977,128,355,47,127,135,126,506,130],"class_list":{"0":"post-49971","1":"post","2":"type-post","3":"status-publish","4":"format-standard","5":"has-post-thumbnail","7":"category-sport","8":"tag-intextvideo_splayer","9":"tag-jakub_kwiatkowski","10":"tag-litwa","11":"tag-pilka_nozna","12":"tag-pl","13":"tag-poland","14":"tag-polish","15":"tag-polska","16":"tag-polski","17":"tag-ps_detal_new","18":"tag-ps_sts_tst0","19":"tag-psv2","20":"tag-reprezentacja_polski","21":"tag-screening_general","22":"tag-sport","23":"tag-sport_sport","24":"tag-sports","25":"tag-tvp","26":"tag-wiadomosci_sportowe"},"share_on_mastodon":{"url":"","error":""},"_links":{"self":[{"href":"https:\/\/www.europesays.com\/pl\/wp-json\/wp\/v2\/posts\/49971","targetHints":{"allow":["GET"]}}],"collection":[{"href":"https:\/\/www.europesays.com\/pl\/wp-json\/wp\/v2\/posts"}],"about":[{"href":"https:\/\/www.europesays.com\/pl\/wp-json\/wp\/v2\/types\/post"}],"author":[{"embeddable":true,"href":"https:\/\/www.europesays.com\/pl\/wp-json\/wp\/v2\/users\/2"}],"replies":[{"embeddable":true,"href":"https:\/\/www.europesays.com\/pl\/wp-json\/wp\/v2\/comments?post=49971"}],"version-history":[{"count":0,"href":"https:\/\/www.europesays.com\/pl\/wp-json\/wp\/v2\/posts\/49971\/revisions"}],"wp:featuredmedia":[{"embeddable":true,"href":"https:\/\/www.europesays.com\/pl\/wp-json\/wp\/v2\/media\/49972"}],"wp:attachment":[{"href":"https:\/\/www.europesays.com\/pl\/wp-json\/wp\/v2\/media?parent=49971"}],"wp:term":[{"taxonomy":"category","embeddable":true,"href":"https:\/\/www.europesays.com\/pl\/wp-json\/wp\/v2\/categories?post=49971"},{"taxonomy":"post_tag","embeddable":true,"href":"https:\/\/www.europesays.com\/pl\/wp-json\/wp\/v2\/tags?post=49971"}],"curies":[{"name":"wp","href":"https:\/\/api.w.org\/{rel}","templated":true}]}}