{"id":499763,"date":"2026-06-17T14:20:22","date_gmt":"2026-06-17T14:20:22","guid":{"rendered":"https:\/\/www.europesays.com\/pl\/499763\/"},"modified":"2026-06-17T14:20:22","modified_gmt":"2026-06-17T14:20:22","slug":"bialostocki-ratusz-lego-na-temat","status":"publish","type":"post","link":"https:\/\/www.europesays.com\/pl\/499763\/","title":{"rendered":"Bia\u0142ostocki ratusz. LEGO na temat"},"content":{"rendered":"\n<p>\t\t\t<a data-fancybox=\"gallery\" href=\"https:\/\/www.bialystokonline.pl\/gfx\/gfx_imprezy\/202606\/150125\/150125-max.webp\" data-caption=\"Bia\u0142ostocki ratusz. LEGO na temat\" class=\"event-item-photo\" rel=\"nofollow noopener\" target=\"_blank\"><\/p>\n<p>                    <img decoding=\"async\" class=\"event-item-img\" src=\"https:\/\/www.europesays.com\/pl\/wp-content\/uploads\/2026\/06\/150125-mini1.jpg\" alt=\"Bia\u0142ostocki ratusz. LEGO na temat\" title=\"Bia\u0142ostocki ratusz. LEGO na temat\" width=\"300\" height=\"181\" loading=\"lazy\"\/><\/p>\n<p>            <\/a><\/p>\n<p>\n            21<br \/>\n            cze 2026\n        <\/p>\n<p>\n            Niedziela\n        <\/p>\n<p>\n            godz. 12:00\n        <\/p>\n<p>21 czerwca 2026, godz. 12:00-13:00<br \/>\nwarsztaty rodzinne Bia\u0142ostocki ratusz. LEGO na temat<br \/>\nwst\u0119p wolny<br \/>\nobowi\u0105zuj\u0105 zapisy: nr tel. 85 67 67 367<\/p>\n<p>W pierwszej cz\u0119\u015bci warsztatu uczestnicy obejrz\u0105 na prezentacji replik\u0119 bia\u0142ostockiego Ratusza wykonan\u0105 z kilkunastu tysi\u0119cy klock\u00f3w Lego. Poznaj\u0105 jego histori\u0119: kto by\u0142 fundatorem tej budowli oraz jak zmienia\u0142y si\u0119 jego funkcje przez wieki. Dowiedz\u0105 si\u0119, co znajdowa\u0142o si\u0119 wok\u00f3\u0142 Ratusza oraz jak wygl\u0105da\u0142 rynek za czas\u00f3w Ludwika Zamenhofa. Nast\u0119pnie uczestnicy spr\u00f3buj\u0105 stworzy\u0107 samodzielnie z klock\u00f3w LEGO obiekty znajduj\u0105ce si\u0119 wok\u00f3\u0142 rynku.<\/p>\n<p>Warsztaty odbywaj\u0105 si\u0119 w ramach <a href=\"https:\/\/www.bialystokonline.pl\/dni-miasta-bialegostoku-2026,impreza,149891,9,1.html\" target=\"_blank\" rel=\"nofollow noopener\">Dni Miasta Bia\u0142egostoku 2026.<\/a><\/p>\n<p>Organizator<br \/>\n&#13;<br \/>\n&#13;<br \/>\n&#13;<br \/>\n<img loading=\"lazy\" decoding=\"async\" src=\"https:\/\/www.europesays.com\/pl\/wp-content\/uploads\/2026\/06\/1781706018_451_adlog.gif\" width=\"0\" height=\"0\" alt=\"\" style=\"width: 0px; height: 0px;\"\/><\/p>\n<p class=\"hdrline hdrline-mod l-space-sm-top\">Zobacz tak\u017ce<\/p>\n<p>                <a href=\"https:\/\/www.bialystokonline.pl\/warsztaty-sztuka-interpretacji,impreza,150114,11,1.html\" title=\"Warsztaty: Sztuka Interpretacji \" class=\"event-imga\" rel=\"nofollow noopener\" target=\"_blank\">&#13;<br \/>\n                    &#13;<br \/>\n                        &#13;<br \/>\n                        &#13;<br \/>\n                        <img decoding=\"async\" src=\"https:\/\/www.europesays.com\/pl\/wp-content\/uploads\/2026\/06\/150114-343x229.jpg\" alt=\"\" class=\"img\" width=\"343\" height=\"229\" loading=\"lazy\"\/>&#13;<br \/>\n                    &#13;<br \/>\n                <\/a><\/p>\n<p>\n            17<br \/>\n            cze 2026\n        <\/p>\n<p>\n            \u015aroda\n        <\/p>\n<p>\n            godz. 17:00\n        <\/p>\n<p>                <a href=\"https:\/\/www.bialystokonline.pl\/iii-podlaski-nerd-fest,impreza,150075,11,1.html\" title=\"III Podlaski Nerd Fest\" class=\"event-imga\" rel=\"nofollow noopener\" target=\"_blank\">&#13;<br \/>\n                    &#13;<br \/>\n                        &#13;<br \/>\n                        &#13;<br \/>\n                        <img decoding=\"async\" src=\"https:\/\/www.europesays.com\/pl\/wp-content\/uploads\/2026\/06\/150075-343x229.jpg\" alt=\"\" class=\"img\" width=\"343\" height=\"229\" loading=\"lazy\"\/>&#13;<br \/>\n                    &#13;<br \/>\n                <\/a><\/p>\n<p class=\"event-label hdr-label\">Patronat<\/p>\n<p>                <a href=\"https:\/\/www.bialystokonline.pl\/xix-festiwal-kultury-zydowskiej-zachor-kolor-i-dzwiek,impreza,149935,11,1.html\" title=\"XIX Festiwal Kultury \u017bydowskiej Zachor - Kolor i D\u017awi\u0119k\" class=\"event-imga\" rel=\"nofollow noopener\" target=\"_blank\">&#13;<br \/>\n                    &#13;<br \/>\n                        &#13;<br \/>\n                        &#13;<br \/>\n                        <img decoding=\"async\" src=\"https:\/\/www.europesays.com\/pl\/wp-content\/uploads\/2026\/06\/149935-343x229.jpg\" alt=\"\" class=\"img\" width=\"343\" height=\"229\" loading=\"lazy\"\/>&#13;<br \/>\n                    &#13;<br \/>\n                <\/a><\/p>\n<p class=\"event-label hdr-label\">Patronat<\/p>\n<p>                <a href=\"https:\/\/www.bialystokonline.pl\/katarzyna-herman-i-bartlomiej-topa-iii-podlaski-nerd-fest,impreza,150076,11,1.html\" title=\"Katarzyna Herman i Bart\u0142omiej Topa | III Podlaski Nerd Fest\" class=\"event-imga\" rel=\"nofollow noopener\" target=\"_blank\">&#13;<br \/>\n                    &#13;<br \/>\n                        &#13;<br \/>\n                        &#13;<br \/>\n                        <img decoding=\"async\" src=\"https:\/\/www.europesays.com\/pl\/wp-content\/uploads\/2026\/06\/150076-343x229.jpg\" alt=\"\" class=\"img\" width=\"343\" height=\"229\" loading=\"lazy\"\/>&#13;<br \/>\n                    &#13;<br \/>\n                <\/a><\/p>\n<p class=\"event-label hdr-label\">Patronat<\/p>\n<p>\n            26<br \/>\n            cze 2026\n        <\/p>\n<p>\n            Pi\u0105tek\n        <\/p>\n<p>\n            godz. 18:00\n        <\/p>\n<p>                <a href=\"https:\/\/www.bialystokonline.pl\/pystok-83,impreza,150034,11,1.html\" title=\"PyStok #83\" class=\"event-imga\" rel=\"nofollow noopener\" target=\"_blank\">&#13;<br \/>\n                    &#13;<br \/>\n                        &#13;<br \/>\n                        &#13;<br \/>\n                        <img decoding=\"async\" src=\"https:\/\/www.europesays.com\/pl\/wp-content\/uploads\/2026\/06\/150034-343x229.jpg\" alt=\"\" class=\"img\" width=\"343\" height=\"229\" loading=\"lazy\"\/>&#13;<br \/>\n                    &#13;<br \/>\n                <\/a><\/p>\n<p>\t\t\t\t\t\t&#13;<br \/>\n                            &#13;<br \/>\n\t\t\t\t\t\t\t&#13;<br \/>\n                            <img decoding=\"async\" class=\"event-logoi\" src=\"https:\/\/www.europesays.com\/pl\/wp-content\/uploads\/2026\/06\/1781003614_296_23048-18226-logo-200.jpg\" width=\"80\" height=\"80\" alt=\"Zmiana Klimatu\" loading=\"lazy\"\/>&#13;<\/p>\n<p>\n            17<br \/>\n            cze 2026\n        <\/p>\n<p>\n            \u015aroda\n        <\/p>\n<p>\n            godz. 18:00\n        <\/p>\n","protected":false},"excerpt":{"rendered":"21 cze 2026 Niedziela godz. 12:00 21 czerwca 2026, godz. 12:00-13:00 warsztaty rodzinne Bia\u0142ostocki ratusz. LEGO na temat&hellip;\n","protected":false},"author":2,"featured_media":499764,"comment_status":"","ping_status":"","sticky":false,"template":"","format":"standard","meta":{"footnotes":"","_share_on_mastodon":"0"},"categories":[51614],"tags":[2151,96962,51731,113,51730,3754,51738,51735,4041,1096,1089,53208,399,17334,51736,2921,3840,51734,8736,1232,120,7116,17265,19285,42,5083,53207,38,40,39,41,6309,1756,8815,38950,123,800,4278,1323,51737,2879,253],"class_list":["post-499763","post","type-post","status-publish","format-standard","has-post-thumbnail","category-bialystok","tag-bialystok","tag-bialostocki-ratusz-lego-na-temat-wyklady","tag-bialystokonline","tag-biznes","tag-bstok","tag-dom","tag-drobne","tag-firm","tag-firmy","tag-hotele","tag-imprezy","tag-imprezy-okolicznosciowe-bialystok","tag-informacje","tag-katalog","tag-kina","tag-koncert","tag-lokale","tag-miejski","tag-mieszkanie","tag-motoryzacja","tag-nauka","tag-ogloszenia","tag-on-line","tag-online","tag-pl","tag-podlasie","tag-pokazy","tag-poland","tag-polish","tag-polska","tag-polski","tag-portal","tag-praca","tag-repertuar","tag-rozklad","tag-rozrywka","tag-teatr","tag-turystyka","tag-uroda","tag-urzedy","tag-zakupy","tag-zdrowie"],"share_on_mastodon":{"url":"https:\/\/pubeurope.com\/@pl\/116765892998927947","error":""},"_links":{"self":[{"href":"https:\/\/www.europesays.com\/pl\/wp-json\/wp\/v2\/posts\/499763","targetHints":{"allow":["GET"]}}],"collection":[{"href":"https:\/\/www.europesays.com\/pl\/wp-json\/wp\/v2\/posts"}],"about":[{"href":"https:\/\/www.europesays.com\/pl\/wp-json\/wp\/v2\/types\/post"}],"author":[{"embeddable":true,"href":"https:\/\/www.europesays.com\/pl\/wp-json\/wp\/v2\/users\/2"}],"replies":[{"embeddable":true,"href":"https:\/\/www.europesays.com\/pl\/wp-json\/wp\/v2\/comments?post=499763"}],"version-history":[{"count":0,"href":"https:\/\/www.europesays.com\/pl\/wp-json\/wp\/v2\/posts\/499763\/revisions"}],"wp:featuredmedia":[{"embeddable":true,"href":"https:\/\/www.europesays.com\/pl\/wp-json\/wp\/v2\/media\/499764"}],"wp:attachment":[{"href":"https:\/\/www.europesays.com\/pl\/wp-json\/wp\/v2\/media?parent=499763"}],"wp:term":[{"taxonomy":"category","embeddable":true,"href":"https:\/\/www.europesays.com\/pl\/wp-json\/wp\/v2\/categories?post=499763"},{"taxonomy":"post_tag","embeddable":true,"href":"https:\/\/www.europesays.com\/pl\/wp-json\/wp\/v2\/tags?post=499763"}],"curies":[{"name":"wp","href":"https:\/\/api.w.org\/{rel}","templated":true}]}}