{"id":499831,"date":"2026-06-17T14:57:12","date_gmt":"2026-06-17T14:57:12","guid":{"rendered":"https:\/\/www.europesays.com\/pl\/499831\/"},"modified":"2026-06-17T14:57:12","modified_gmt":"2026-06-17T14:57:12","slug":"obronnosc-odpornosc-i-jeszcze-raz-pieniadze","status":"publish","type":"post","link":"https:\/\/www.europesays.com\/pl\/499831\/","title":{"rendered":"Obronno\u015b\u0107, odporno\u015b\u0107 i jeszcze raz pieni\u0105dze"},"content":{"rendered":"<p>&#13;<br \/>\n  \u2013 Lepiej dzi\u015b zaci\u0105gn\u0105\u0107 kredyt, ni\u017c p\u00f3\u017aniej p\u0142aci\u0107 krwi\u0105 za straty \u2013 powiedzia\u0142 wicepremier W\u0142adys\u0142aw Kosiniak-Kamysz, kt\u00f3ry wzi\u0105\u0142 udzia\u0142 w I Kongresie Finansowania Odporno\u015bci, Bezpiecze\u0144stwa i Obronno\u015bci. Magdalena Sobkowiak-Czarnecka, pe\u0142nomocniczka rz\u0105du ds. SAFE, poinformowa\u0142a, \u017ce ju\u017c osiem pa\u0144stw zadeklarowa\u0142o zakupy polskiego uzbrojenia w ramach unijnego programu.&#13;\n<\/p>\n<p>&#13;<br \/>\n  <img loading=\"lazy\" decoding=\"async\" style=\"display: block; margin-left: auto; margin-right: auto;\" src=\"https:\/\/www.europesays.com\/pl\/wp-content\/uploads\/2026\/06\/110204.jpeg\" alt=\"\" width=\"800\" height=\"533\"\/>&#13;\n<\/p>\n<p>\u2013 Finansowanie obronno\u015bci, odporno\u015bci i bezpiecze\u0144stwa to sprawa dla nas absolutnie najwa\u017cniejsza. Przed chwil\u0105 w Sejmie m\u00f3wi\u0142em o wektorach polskiego bezpiecze\u0144stwa. One s\u0105 zwr\u00f3cone w kierunku naszych sojusznik\u00f3w, ale to, \u017ce mo\u017cemy budowa\u0107 sojusze, wynika zawsze z si\u0142y pa\u0144stwa, z kt\u00f3rym si\u0119 ten sojusz chce zawiera\u0107. Polska musi by\u0107 silna, \u017ceby kto\u015b chcia\u0142 by\u0107 z nami w jednym sojuszu, musi by\u0107 bezpieczna. Musi budowa\u0107 swoj\u0105 odporno\u015b\u0107 i obronno\u015b\u0107, \u017ceby kto\u015b chcia\u0142 nawi\u0105zywa\u0107 z nami mocne relacje \u2013 powiedzia\u0142 minister obrony narodowej.<\/p>\n<p>\u2013 Nasze inwestycje s\u0105 dzisiaj najwi\u0119ksze w historii \u2013 m\u00f3wi\u0142 szef MON-u, przypominaj\u0105c, \u017ce bud\u017cet resortu na rok 2026 wynosi 200 mld z\u0142, z czego znaczna cz\u0119\u015b\u0107 pochodzi z bank\u00f3w komercyjnych. \u2013 Zaci\u0105gamy zobowi\u0105zania, inwestujemy w najlepsz\u0105 mo\u017cliw\u0105 lini\u0119 kredytow\u0105, tak\u0105 jak program SAFE. Inwestujemy w to, \u017ceby rachunku strat kolejne pokolenia nie musia\u0142y sp\u0142aca\u0107 krwi\u0105. Inwestycja dzisiaj gwarantuje bezpieczne jutro \u2013 podkre\u015bli\u0142. Wicepremier zwr\u00f3ci\u0142 uwag\u0119 na wzrost wydatk\u00f3w na bro\u0144 i sprz\u0119t dla wojska, w tym przesuni\u0119cie 22,5 mld z\u0142 z KPO na zadania zwi\u0119kszenia odporno\u015bci i obronno\u015bci, zwi\u0119kszenie przyznanej Polsce przez USA puli \u015brodk\u00f3w w ramach procedury Foreign Military Financing oraz na fakt, \u017ce w ramach unijnego mechanizmu SAFE Polska nie tylko b\u0119dzie kupowa\u0142a, ale i \u201epo raz pierwszy w historii b\u0119dziemy sprzedawali na du\u017c\u0105 skal\u0119 nasze produkty sojusznikom\u201d.<\/p>\n<p>W\u0142adys\u0142aw Kosiniak-Kamysz podkre\u015bli\u0142 znaczenie \u201esilnych bank\u00f3w\u201d, zdolnych finansowa\u0107 opracowanie nowego uzbrojenia i wdra\u017canie go do wojska. \u2013 B\u0105d\u017acie odwa\u017cni, ten sektor b\u0119dzie si\u0119 rozwija\u0142 \u2013 zaapelowa\u0142 do bankowc\u00f3w i przypomnia\u0142, \u017ce na <a href=\"https:\/\/polska-zbrojna.pl\/home\/articleshow\/44104?t=Wiecej-na-obronnosc-silniejsze-NATO\" target=\"_blank\" rel=\"nofollow noopener\">ostatnim szczycie w Hadze<\/a> sojusznicy uzgodnili zwi\u0119kszanie wydatk\u00f3w obronnych do poziomu 5% PKB rocznie. \u2013 Liczymy na jeszcze wi\u0119ksz\u0105 aktywno\u015b\u0107 bank\u00f3w \u2013 doda\u0142.<\/p>\n<p>\u2013 D\u0105\u017cymy do tego, \u017ceby sektor obronny i wszystko, co z nim zwi\u0105zane, by\u0142y jednym z najsilniejszych filar\u00f3w polskiej gospodarki \u2013 powiedzia\u0142a Magdalena Sobkowiak-Czarnecka, pe\u0142nomocniczka rz\u0105du ds. SAFE. Zwr\u00f3ci\u0142a uwag\u0119 na zmian\u0119 w podej\u015bciu bran\u017cy finans\u00f3w do spraw obronno\u015bci. \u2013 Jeszcze kilka lat temu nie by\u0142o w tym sektorze wielkiej ch\u0119ci finansowania obronno\u015bci. Kiedy pojawi\u0142 si\u0119 mechanizm SAFE, na jednym ze spotka\u0144 kto\u015b powiedzia\u0142: \u201eNie zapominajcie o nas\u201d \u2013 m\u00f3wi\u0142a. Przypomnia\u0142a, \u017ce to <a href=\"https:\/\/polska-zbrojna.pl\/home\/articleshow\/45732?t=SAFE-zasady-wykorzystania-unijnych-srodkow\" target=\"_blank\" rel=\"nofollow noopener\">Polska wymy\u015bli\u0142a i wynegocjowa\u0142a mechanizm SAFE<\/a>, Polsce przyznano najwi\u0119cej \u015brodk\u00f3w, Polska tak\u017ce jako pierwsza spe\u0142ni\u0142a wszystkie wymagania, <a href=\"https:\/\/polska-zbrojna.pl\/home\/articleshow\/46304?t=SAFE-staje-sie-faktem-\" target=\"_blank\" rel=\"nofollow noopener\">podpisa\u0142a umow\u0119 po\u017cyczkow\u0105<\/a> i <a href=\"https:\/\/polska-zbrojna.pl\/home\/articleshow\/46448?t=Pierwsze-pieniadze-z-SAFE-juz-w-Polsce\" target=\"_blank\" rel=\"nofollow noopener\">otrzyma\u0142a pierwsz\u0105 zaliczk\u0119<\/a>. Pod koniec maja br. MON zawar\u0142o w ramach <a href=\"https:\/\/polska-zbrojna.pl\/home\/articleshow\/46466?t=Polska-SAFE-czyli-inwestycje-w-bezpieczenstwo-\" target=\"_blank\" rel=\"nofollow noopener\">pierwszego etapu programu SAFE<\/a> 62 umowy na 120 mld z\u0142, kt\u00f3re trafi\u0105 do Polski przed ko\u0144cem 2030 roku.<\/p>\n<p>&#13;<br \/>\n  <img loading=\"lazy\" decoding=\"async\" style=\"display: block; margin-left: auto; margin-right: auto;\" src=\"https:\/\/www.europesays.com\/pl\/wp-content\/uploads\/2026\/06\/110205.jpeg\" alt=\"\" width=\"800\" height=\"533\"\/>&#13;\n<\/p>\n<p>\u2013 Gdy formu\u0142owali\u015bmy wniosek o po\u017cyczk\u0119, od pocz\u0105tku by\u0142o dla nas jasne, \u017ce postawimy na polski przemys\u0142 zbrojeniowy. Transformujemy polski przemys\u0142 zbrojeniowy, przestajemy by\u0107 klientem i importerem \u2013 m\u00f3wi\u0142a. Doda\u0142a, \u017ce za poprzednich rz\u0105d\u00f3w w krajowym przemy\u015ble obronnym wydawano 20% \u015brodk\u00f3w, \u201ew SAFE wydajemy 90%, a w ca\u0142kowitym bilansie wydatk\u00f3w zbrojeniowych wicepremier, szef MON W\u0142adys\u0142aw Kosiniak-Kamysz doszed\u0142 do podzia\u0142u p\u00f3\u0142 na p\u00f3\u0142\u201d (druga po\u0142owa to przede wszystkim kontrakty z firmami z USA i Korei Po\u0142udniowej).<\/p>\n<p>\u2013 Od kilku miesi\u0119cy podr\u00f3\u017cuj\u0119 po krajach Unii Europejskiej i nie tylko, przekonuj\u0105c do zakup\u00f3w w polskim przemy\u015ble zbrojeniowym, i mam sukcesy. Dzisiaj ju\u017c osiem kraj\u00f3w cz\u0142onkowskich i spoza Unii, kt\u00f3re przyst\u0105pi\u0142y do SAFE, sk\u0142ada konkretne zam\u00f3wienia w polskim przemy\u015ble zbrojeniowym. Mamy osiem konkretnych deklaracji \u2013 poinformowa\u0142a Sobkowiak-Czarnecka. Doda\u0142a, \u017ce nie jest sztuk\u0105 rozkr\u0119ci\u0107 chwilowy popyt, lecz utrzyma\u0107 go w kolejnych latach. \u2013 Dzisiaj mamy pieni\u0105dze z SAFE, ale wielkie inwestycje, kt\u00f3re id\u0105 w przemys\u0142 obronny, my musimy realizowa\u0107, musimy znajdowa\u0107 nowe rynki zbytu. Nad tym dzisiaj pracujemy \u2013 m\u00f3wi\u0142a.<\/p>\n<p>\u2013 Wszyscy zdajemy sobie spraw\u0119 z potrzeby sfinansowania ogromnych wydatk\u00f3w obronnych \u2013 zapewni\u0142 Tadeusz Bia\u0142ek, prezes Zwi\u0105zku Bank\u00f3w Polskich. Przyzna\u0142, \u017ce \u201ejeszcze kilka lat temu zapewne nikt nie przypuszcza\u0142, \u017ce obronno\u015b\u0107 stanie si\u0119 jednym z g\u0142\u00f3wnych temat\u00f3w gospodarczych\u201d. \u2013 Bezpiecze\u0144stwo przesta\u0142o by\u0107 wy\u0142\u0105cznie domen\u0105 pa\u0144stwa, sta\u0142o si\u0119 kategori\u0105 gospodarcz\u0105. Bezpiecze\u0144stwo to nie tylko \u017co\u0142nierze, ale tak\u017ce naukowcy, przedsi\u0119biorcy, sektory energetyczny, cyfrowy i finansowy. Coraz cz\u0119\u015bciej dostrzegamy, \u017ce bezpiecze\u0144stwo jest nie tylko kosztem, lecz r\u00f3wnie\u017c inwestycj\u0105. Nowa architektura bezpiecze\u0144stwa wymaga nowej architektury finansowania \u2013 doda\u0142.<\/p>\n<p>Marko Primorac, wiceprezes Grupy Europejskiego Banku Inwestycyjnego, stwierdzi\u0142, \u017ce same bud\u017cety pa\u0144stw nie wystarcz\u0105, by sfinansowa\u0107 wydatki obronne, s\u0105 to tak\u017ce zadania dla bank\u00f3w. Zaznaczy\u0142, \u017ce cho\u0107 EBI nie finansuje zakup\u00f3w broni ani amunicji, odgrywa istotn\u0105 rol\u0119 w zwi\u0119kszaniu odporno\u015bci, przyczyniaj\u0105c si\u0119 do zwi\u0119kszania zdolno\u015bci przemys\u0142owych, wojskowej mobilno\u015bci, budowy baz wojskowych, centr\u00f3w szkolenia wojsk, rozwoju logistyki i szpitali.<\/p>\n","protected":false},"excerpt":{"rendered":"&#13; \u2013 Lepiej dzi\u015b zaci\u0105gn\u0105\u0107 kredyt, ni\u017c p\u00f3\u017aniej p\u0142aci\u0107 krwi\u0105 za straty \u2013 powiedzia\u0142 wicepremier W\u0142adys\u0142aw Kosiniak-Kamysz, kt\u00f3ry&hellip;\n","protected":false},"author":2,"featured_media":499832,"comment_status":"","ping_status":"","sticky":false,"template":"","format":"standard","meta":{"footnotes":"","_share_on_mastodon":"0"},"categories":[12],"tags":[2891,425,96993,96991,2310,1238,23206,8660,52570,18211,42,38,2279,40,39,50002,52571,41,96992,8465,58635,16864,22721,89438,28760,161,5041,96990,52569,6573,96994],"class_list":["post-499831","post","type-post","status-publish","format-standard","has-post-thumbnail","category-polska","tag-armia","tag-bezpieczenstwo","tag-bialek","tag-finansowanie-obronnosci","tag-kongres","tag-kosiniak-kamysz","tag-marynarka-wojenna","tag-ministerstwo-obrony-narodowej","tag-obrona-narodowa","tag-oficer","tag-pl","tag-poland","tag-poligon","tag-polish","tag-polska","tag-polska-zbrojna","tag-polska-zbrojna-pl","tag-polski","tag-primorac","tag-safe","tag-sektor-finansowy","tag-sily-powietrzne","tag-sluzba-wojskowa","tag-sobkowiak","tag-wojska-ladowe","tag-wojsko","tag-wojsko-polskie","tag-wydatki-na-wojsko","tag-zawodowy","tag-zolnierz","tag-zwiazek-bankw-polskich"],"share_on_mastodon":{"url":"https:\/\/pubeurope.com\/@pl\/116766038220375914","error":""},"_links":{"self":[{"href":"https:\/\/www.europesays.com\/pl\/wp-json\/wp\/v2\/posts\/499831","targetHints":{"allow":["GET"]}}],"collection":[{"href":"https:\/\/www.europesays.com\/pl\/wp-json\/wp\/v2\/posts"}],"about":[{"href":"https:\/\/www.europesays.com\/pl\/wp-json\/wp\/v2\/types\/post"}],"author":[{"embeddable":true,"href":"https:\/\/www.europesays.com\/pl\/wp-json\/wp\/v2\/users\/2"}],"replies":[{"embeddable":true,"href":"https:\/\/www.europesays.com\/pl\/wp-json\/wp\/v2\/comments?post=499831"}],"version-history":[{"count":0,"href":"https:\/\/www.europesays.com\/pl\/wp-json\/wp\/v2\/posts\/499831\/revisions"}],"wp:featuredmedia":[{"embeddable":true,"href":"https:\/\/www.europesays.com\/pl\/wp-json\/wp\/v2\/media\/499832"}],"wp:attachment":[{"href":"https:\/\/www.europesays.com\/pl\/wp-json\/wp\/v2\/media?parent=499831"}],"wp:term":[{"taxonomy":"category","embeddable":true,"href":"https:\/\/www.europesays.com\/pl\/wp-json\/wp\/v2\/categories?post=499831"},{"taxonomy":"post_tag","embeddable":true,"href":"https:\/\/www.europesays.com\/pl\/wp-json\/wp\/v2\/tags?post=499831"}],"curies":[{"name":"wp","href":"https:\/\/api.w.org\/{rel}","templated":true}]}}