{"id":500079,"date":"2026-06-17T17:27:07","date_gmt":"2026-06-17T17:27:07","guid":{"rendered":"https:\/\/www.europesays.com\/pl\/500079\/"},"modified":"2026-06-17T17:27:07","modified_gmt":"2026-06-17T17:27:07","slug":"tak-zareagowal-na-telefon-od-karola-nawrockiego-jesli-to-nie-sciema","status":"publish","type":"post","link":"https:\/\/www.europesays.com\/pl\/500079\/","title":{"rendered":"Tak zareagowa\u0142 na telefon od Karola Nawrockiego. &#8222;Je\u015bli to nie \u015bciema&#8221;"},"content":{"rendered":"<p>UFC Freedom 250 to specjalna gala przygotowana z okazji 250-lecia Stan\u00f3w Zjednoczonych. Odby\u0142a si\u0119 14 czerwca, czyli w dniu 80. urodzin Donalda Trumpa, co oczywi\u015bcie nie by\u0142o przypadkowe. Oktagon stan\u0105\u0142 na po\u0142udniowym trawniku Bia\u0142ego Domu w Waszyngtonie.<\/p>\n<p> Dalszy ci\u0105g artyku\u0142u pod materia\u0142em wideo <\/p>\n<p>Lista zaproszonych go\u015bci by\u0142a d\u0142uga. W\u015br\u00f3d nich znalaz\u0142 si\u0119 Nawrocki, o czym wcze\u015bniej informowa\u0142a jego kancelaria. Jak si\u0119 okaza\u0142o, w wydarzeniu wzi\u0105\u0142 udzia\u0142 tak\u017ce B\u0142achowicz, kt\u00f3ry ju\u017c na lotnisku pochwali\u0142 si\u0119 zdj\u0119ciem z prezydentem. Jak si\u0119 okazuje, pocz\u0105tkowo nie do ko\u0144ca wierzy\u0142 w to, \u017ce faktycznie uda si\u0119 w podr\u00f3\u017c do USA z g\u0142ow\u0105 pa\u0144stwa.<\/p>\n<p>\u2014 Wiedzia\u0142em, \u017ce kto\u015b z kancelarii prezydenta b\u0119dzie w tej sprawie dzwoni\u0142 \u2014 przyzna\u0142 w magazynie &#8222;Klatka po klatce&#8221;. \u2014 Ale tak czy inaczej, jak ten telefon dosta\u0142em, to powiedzia\u0142em: &#8222;z przyjemno\u015bci\u0105, je\u017celi to nie jest \u015bciema, \u017ce kto\u015b mnie nie wkr\u0119ca&#8221; \u2014 ujawni\u0142 zawodnik MMA.<\/p>\n<p>Jan B\u0142achowicz zachwycony spotkaniem z Karolem Nawrockim. &#8222;Fajnie&#8221;     <\/p>\n<p>Zapytany natomiast wprost o wra\u017cenia po spotkaniu z Nawrockim odpowiedzia\u0142, \u017ce s\u0105 &#8222;bardzo pozytywne&#8221;. \u2014 Ju\u017c przed wylotem, jak si\u0119 poznali\u015bmy, a p\u00f3\u017aniej w samym samolocie, kiedy mieli\u015bmy okazj\u0119 chwil\u0119 pogada\u0107, no dwie godzinki, jak nie lepiej, to bardzo fajnie nam si\u0119 rozmawia\u0142o \u2014 podkre\u015bli\u0142.<\/p>\n<p>\u2014 Czasami masz tak\u0105 barier\u0119, \u017ce wiesz, \u017ce kogo\u015b innego poznajesz, nie wiesz za bardzo, o czym pogada\u0107, a tutaj czego\u015b takiego nie by\u0142o. Fajnie gadka si\u0119 klei\u0142a \u2014 oceni\u0142 B\u0142achowicz. \u2014 Ciesz\u0119 si\u0119, \u017ce mog\u0142em towarzyszy\u0107 prezydentowi w tak sportowym megawydarzeniu \u2014 zako\u0144czy\u0142.<\/p>\n","protected":false},"excerpt":{"rendered":"UFC Freedom 250 to specjalna gala przygotowana z okazji 250-lecia Stan\u00f3w Zjednoczonych. Odby\u0142a si\u0119 14 czerwca, czyli w&hellip;\n","protected":false},"author":2,"featured_media":500080,"comment_status":"","ping_status":"","sticky":false,"template":"","format":"standard","meta":{"footnotes":"","_share_on_mastodon":"0"},"categories":[62712],"tags":[61195,44,28961,690,43,1255,48,46,47,4848],"class_list":["post-500079","post","type-post","status-publish","format-standard","has-post-thumbnail","category-karol-nawrocki","tag-bottomfeed_styl","tag-donald_trump","tag-jan_blachowicz","tag-karol-nawrocki","tag-karol_nawrocki","tag-mma","tag-nat_styl","tag-omp","tag-screening_general","tag-ufc"],"share_on_mastodon":{"url":"https:\/\/pubeurope.com\/@pl\/116766627783269806","error":""},"_links":{"self":[{"href":"https:\/\/www.europesays.com\/pl\/wp-json\/wp\/v2\/posts\/500079","targetHints":{"allow":["GET"]}}],"collection":[{"href":"https:\/\/www.europesays.com\/pl\/wp-json\/wp\/v2\/posts"}],"about":[{"href":"https:\/\/www.europesays.com\/pl\/wp-json\/wp\/v2\/types\/post"}],"author":[{"embeddable":true,"href":"https:\/\/www.europesays.com\/pl\/wp-json\/wp\/v2\/users\/2"}],"replies":[{"embeddable":true,"href":"https:\/\/www.europesays.com\/pl\/wp-json\/wp\/v2\/comments?post=500079"}],"version-history":[{"count":0,"href":"https:\/\/www.europesays.com\/pl\/wp-json\/wp\/v2\/posts\/500079\/revisions"}],"wp:featuredmedia":[{"embeddable":true,"href":"https:\/\/www.europesays.com\/pl\/wp-json\/wp\/v2\/media\/500080"}],"wp:attachment":[{"href":"https:\/\/www.europesays.com\/pl\/wp-json\/wp\/v2\/media?parent=500079"}],"wp:term":[{"taxonomy":"category","embeddable":true,"href":"https:\/\/www.europesays.com\/pl\/wp-json\/wp\/v2\/categories?post=500079"},{"taxonomy":"post_tag","embeddable":true,"href":"https:\/\/www.europesays.com\/pl\/wp-json\/wp\/v2\/tags?post=500079"}],"curies":[{"name":"wp","href":"https:\/\/api.w.org\/{rel}","templated":true}]}}