{"id":500101,"date":"2026-06-17T17:40:12","date_gmt":"2026-06-17T17:40:12","guid":{"rendered":"https:\/\/www.europesays.com\/pl\/500101\/"},"modified":"2026-06-17T17:40:12","modified_gmt":"2026-06-17T17:40:12","slug":"wroclaw-wraca-do-prac-nad-uchwala-krajobrazowa-projekt-sprzed-10-lat-idzie-do-kosza-2","status":"publish","type":"post","link":"https:\/\/www.europesays.com\/pl\/500101\/","title":{"rendered":"Wroc\u0142aw wraca do prac nad uchwa\u0142\u0105 krajobrazow\u0105. Projekt sprzed 10 lat&#8230; idzie do kosza"},"content":{"rendered":"<p>Wroc\u0142aw wraca do prac nad uchwa\u0142\u0105 krajobrazow\u0105.<\/p>\n<p>Fot. archiwum RW<\/p>\n<p>Po 10 latach wroc\u0142awscy urz\u0119dnicy zarzucaj\u0105 pierwotny projekt uchwa\u0142y krajobrazowej i od nowa rozpoczynaj\u0105 prac\u0119 nad dokumentem reguluj\u0105cym tzw. &#8222;reklamoz\u0119&#8221;. Zapowiedziano kolejne konsultacje spo\u0142eczne oraz inwentaryzacj\u0119 no\u015bnik\u00f3w reklamowych w mie\u015bcie.<\/p>\n<p style=\"text-align: justify;\">Wroc\u0142aw ponownie przyst\u0119puje do opracowywania uchwa\u0142y krajobrazowej. Pierwsza pr\u00f3ba, rozpocz\u0119ta prawie 10 lat temu &#8211; we wrze\u015bniu 2016 roku &#8211; nie zako\u0144czy\u0142a si\u0119 stworzeniem dokumentu. Przeprowadzono jednak wtedy konsultacje, w kt\u00f3rych przewa\u017ca\u0142y opinie, \u017ce nale\u017cy maksymalnie ograniczy\u0107 reklamy na budynkach. Anna Ko\u0142odziej, przewodnicz\u0105ca podkomisji ds. uchwa\u0142y krajobrazowej oraz radna miejska Lewicy, wyja\u015bnia, \u017ce od czasu opracowywania poprzedniego dokumentu min\u0119\u0142o tyle czasu, \u017ce ca\u0142y biurokratyczny proces musi si\u0119 rozpocz\u0105\u0107 od nowa. Powt\u00f3rzone zostan\u0105 tak\u017ce konsultacje:<\/p>\n<p style=\"text-align: justify;\">&#8211; Ten projekt ju\u017c jest zbyt stary, tak naprawd\u0119. Musimy ten proces po prostu rozpocz\u0105\u0107 od pocz\u0105tku, ale nie zaczynamy od zera. Jeste\u015bmy bogatsi o do\u015bwiadczenia naszych innych partner\u00f3w samorz\u0105dowych. Na pewno te\u017c nie b\u0119dziemy chcieli sztucznie przed\u0142u\u017ca\u0107 tego czasu.<\/p>\n<p>&#13;<br \/>\n\t\t\t\t\t\t\t\t\t\tAby ods\u0142ucha\u0107 za\u0142\u0105czonego d\u017awi\u0119ku zaktualizuj przegl\u0105dark\u0119 lub\/i wtyczk\u0119 Adobe Flash Player.&#13;\n\t\t\t\t\t\t\t\t\t<\/p>\n<p>\u00a0<br \/>\nMieszka\u0144cy od lat licz\u0105 i sprawdzaj\u0105 reklamy. Czy urz\u0105d to wykorzysta?<\/p>\n<p style=\"text-align: justify;\">Aktywi\u015bci z Towarzystwa Upi\u0119kszania Miasta Wroc\u0142awia od lat sami licz\u0105 i sprawdzaj\u0105 legalno\u015b\u0107 billboard\u00f3w, telebim\u00f3w i plakat\u00f3w. Tworz\u0105 map\u0119 z kilkoma tysi\u0105cami sprawdzonych reklam. Plastyk miejska, Ma\u0142gorzata Jordan z Wydzia\u0142u Architektury i Zabytk\u00f3w, tak odpowiedzia\u0142a na pytanie, czy Urz\u0105d Miejski Wroc\u0142awia skorzysta z zebranych przez mieszka\u0144c\u00f3w danych:<\/p>\n<p style=\"text-align: justify;\">&#8211; Bierzemy pod uwag\u0119 te\u017c wnioski, kt\u00f3re do nas wp\u0142ywaj\u0105. Akurat znam pan\u00f3w, kt\u00f3rzy stoj\u0105 za tymi akcjami. Natomiast my\u015bl\u0119, \u017ce my mamy kompletn\u0105 wiedz\u0119.<br \/>&#8211; Wiedza jest kompletna, ale b\u0119dzie potrzebna inwentaryzacja? (pyt. red.)<br \/>&#8211; To znaczy tak: ja nie m\u00f3wi\u0119, \u017ce wiedza jest kompletna, bo tak samo my musimy zbada\u0107 wszystkie \u017ar\u00f3d\u0142a i stwierdzi\u0107, czy wiedza jest kompletna, wystarczaj\u0105ca na to, \u017ceby przygotowa\u0107 uchwa\u0142\u0119 krajobrazow\u0105.<\/p>\n<p>&#13;<br \/>\n\t\t\t\t\t\t\t\t\t\tAby ods\u0142ucha\u0107 za\u0142\u0105czonego d\u017awi\u0119ku zaktualizuj przegl\u0105dark\u0119 lub\/i wtyczk\u0119 Adobe Flash Player.&#13;\n\t\t\t\t\t\t\t\t\t<\/p>\n<p style=\"text-align: justify;\">Krzysztof Karabon z Towarzystwa Upi\u0119kszania Miasta Wroc\u0142awia zwraca uwag\u0119, \u017ce wiele z gmin, kt\u00f3re przyj\u0119\u0142y swoje wersje uchwa\u0142 krajobrazowych, nie robi\u0142o \u017cadnych inwentaryzacji:<\/p>\n<p style=\"text-align: justify;\">&#8211; NIK robi\u0142 tak\u0105 ankiet\u0119 w innych gminach i po\u0142owa gmin nie robi\u0142a takiej inwentaryzacji przed podj\u0119ciem uchwa\u0142y, wi\u0119c w naszej opinii jest to tylko przed\u0142u\u017canie.<\/p>\n<p>&#13;<br \/>\n\t\t\t\t\t\t\t\t\t\tAby ods\u0142ucha\u0107 za\u0142\u0105czonego d\u017awi\u0119ku zaktualizuj przegl\u0105dark\u0119 lub\/i wtyczk\u0119 Adobe Flash Player.&#13;\n\t\t\t\t\t\t\t\t\t<\/p>\n<p style=\"text-align: justify;\">Radna Anna Ko\u0142odziej liczy na to, \u017ce uchwa\u0142\u0119 krajobrazow\u0105 uda si\u0119 wprowadzi\u0107 we Wroc\u0142awiu jeszcze w tej kadencji samorz\u0105dowej, czyli do kwietnia 2029 roku.<\/p>\n","protected":false},"excerpt":{"rendered":"Wroc\u0142aw wraca do prac nad uchwa\u0142\u0105 krajobrazow\u0105. Fot. archiwum RW Po 10 latach wroc\u0142awscy urz\u0119dnicy zarzucaj\u0105 pierwotny projekt&hellip;\n","protected":false},"author":2,"featured_media":500102,"comment_status":"","ping_status":"","sticky":false,"template":"","format":"standard","meta":{"footnotes":"","_share_on_mastodon":"0"},"categories":[51607],"tags":[1177,55261,58752,76809,97021,41181,59481,42,38,40,39,41,58980,207,97022,10198,77853,1853],"class_list":["post-500101","post","type-post","status-publish","format-standard","has-post-thumbnail","category-wroclaw","tag-1177","tag-do","tag-idzie","tag-kosza","tag-krajobrazowa","tag-lat","tag-nad","tag-pl","tag-poland","tag-polish","tag-polska","tag-polski","tag-prac","tag-projekt","tag-sprzed","tag-uchwala","tag-wraca","tag-wroclaw"],"share_on_mastodon":{"url":"https:\/\/pubeurope.com\/@pl\/116766679170368591","error":""},"_links":{"self":[{"href":"https:\/\/www.europesays.com\/pl\/wp-json\/wp\/v2\/posts\/500101","targetHints":{"allow":["GET"]}}],"collection":[{"href":"https:\/\/www.europesays.com\/pl\/wp-json\/wp\/v2\/posts"}],"about":[{"href":"https:\/\/www.europesays.com\/pl\/wp-json\/wp\/v2\/types\/post"}],"author":[{"embeddable":true,"href":"https:\/\/www.europesays.com\/pl\/wp-json\/wp\/v2\/users\/2"}],"replies":[{"embeddable":true,"href":"https:\/\/www.europesays.com\/pl\/wp-json\/wp\/v2\/comments?post=500101"}],"version-history":[{"count":0,"href":"https:\/\/www.europesays.com\/pl\/wp-json\/wp\/v2\/posts\/500101\/revisions"}],"wp:featuredmedia":[{"embeddable":true,"href":"https:\/\/www.europesays.com\/pl\/wp-json\/wp\/v2\/media\/500102"}],"wp:attachment":[{"href":"https:\/\/www.europesays.com\/pl\/wp-json\/wp\/v2\/media?parent=500101"}],"wp:term":[{"taxonomy":"category","embeddable":true,"href":"https:\/\/www.europesays.com\/pl\/wp-json\/wp\/v2\/categories?post=500101"},{"taxonomy":"post_tag","embeddable":true,"href":"https:\/\/www.europesays.com\/pl\/wp-json\/wp\/v2\/tags?post=500101"}],"curies":[{"name":"wp","href":"https:\/\/api.w.org\/{rel}","templated":true}]}}