{"id":500105,"date":"2026-06-17T17:43:13","date_gmt":"2026-06-17T17:43:13","guid":{"rendered":"https:\/\/www.europesays.com\/pl\/500105\/"},"modified":"2026-06-17T17:43:13","modified_gmt":"2026-06-17T17:43:13","slug":"ukraincy-potwierdzaja-kontrakt-z-polska-firma-zrealizowany-w-calosci-biznes-wprost","status":"publish","type":"post","link":"https:\/\/www.europesays.com\/pl\/500105\/","title":{"rendered":"Ukrai\u0144cy potwierdzaj\u0105: Kontrakt z polsk\u0105 firm\u0105 zrealizowany w ca\u0142o\u015bci \u2013 Biznes Wprost"},"content":{"rendered":"\n<p>&#13;<br \/>\nRzecznik DPSU Andrij Demczenko przekaza\u0142 agencji Interfax-Ukraina, \u017ce\u00a0ca\u0142y zakontraktowany towar zosta\u0142 dostarczony i\u00a0przekazany Si\u0142om Zbrojnym Ukrainy \u2013\u00a0a\u00a0ceny zakupu okaza\u0142y si\u0119 jednymi z\u00a0najni\u017cszych spo\u015br\u00f3d dost\u0119pnych ofert na\u00a0rynku. &#13;\n<\/p>\n<p>&#13;<br \/>\nDemczenko nie\u00a0pozostawi\u0142 w\u0105tpliwo\u015bci co\u00a0do\u00a0przebiegu wsp\u00f3\u0142pracy: &#13;\n<\/p>\n<p>\u2013 Dostawy amunicji realizowane w\u00a0ramach kontrakt\u00f3w na\u00a0kwot\u0119 23 miliard\u00f3w hrywien, kt\u00f3re pod\u00a0koniec 2024 roku wywo\u0142ywa\u0142y ogromn\u0105, nieuzasadnion\u0105 krytyk\u0119, zosta\u0142y wykonane w\u00a0pe\u0142nym zakresie. Wszystkie towary dostarczono w\u00a0ca\u0142o\u015bci i\u00a0przekazano Si\u0142om Zbrojnym Ukrainy \u2013\u00a0powiedzia\u0142 rzecznik DPSU. <\/p>\n<p>&#13;<br \/>\nDemczenko odni\u00f3s\u0142 si\u0119 te\u017c do\u00a0powtarzanych w\u00a0ukrai\u0144skiej przestrzeni medialnej zarzut\u00f3w o\u00a0zawy\u017cone ceny i\u00a0niewykonanie umowy. Jego s\u0142owa by\u0142y jednoznaczne: wycena zakupu, po\u00a0kt\u00f3rej dokonano transakcji z\u00a0<a href=\"https:\/\/biznes.wprost.pl\/firmy-i-rynki\/12355221\/polska-firma-najwiekszym-dostawca-amunicji-dla-ukrainy-przerywamy-milczenie.html\" rel=\"nofollow noopener\" target=\"_blank\">Lechmar<\/a>, nale\u017cy do\u00a0najni\u017cszych spo\u015br\u00f3d dost\u0119pnych na\u00a0rynku, a\u00a0sugestie o\u00a0\u201ewypraniu\u201d \u015brodk\u00f3w publicznych nie\u00a0maj\u0105 \u017cadnego pokrycia w\u00a0faktach. Doda\u0142, \u017ce\u00a0zar\u00f3wno kszta\u0142towanie cen, jak i\u00a0warunki dostaw przez ca\u0142y czas pozostawa\u0142y pod\u00a0kontrol\u0105 w\u0142a\u015bciwych ukrai\u0144skich s\u0142u\u017cb nadzorczych. &#13;\n<\/p>\n<p>&#13;<br \/>\nRzecznik przypomnia\u0142, \u017ce\u00a0DPSU dzia\u0142a\u0142a w\u00a0ramach delegowanych uprawnie\u0144 do\u00a0przeprowadzania zakup\u00f3w obronnych na\u00a0rzecz ukrai\u0144skich Si\u0142 Zbrojnych \u2013\u00a0a\u00a0nomenklatura i\u00a0ilo\u015b\u0107 zamawianego sprz\u0119tu by\u0142y ka\u017cdorazowo uzgadniane i\u00a0zatwierdzane przez Ministerstwo Obrony. Zaznaczy\u0142 te\u017c, \u017ce\u00a0s\u0142u\u017cba graniczna posiada stosowny certyfikat dysponenta \u015brodk\u00f3w drugiego stopnia i\u00a0nie jest nowicjuszem w\u00a0zakupach wojskowych \u2013\u00a0przed transakcj\u0105 z\u00a0Lechmar z\u00a0powodzeniem realizowa\u0142a podobne kontrakty zar\u00f3wno na\u00a0potrzeby w\u0142asnych oddzia\u0142\u00f3w, jak i\u00a0na mocy wcze\u015bniejszych delegowa\u0144 rz\u0105dowych. &#13;\n<\/p>\n<p>&#13;<br \/>\nPotwierdzenie skuteczno\u015bci dostawy pop\u0142yn\u0119\u0142o r\u00f3wnie\u017c ze\u00a0strony polskiej. Karolina Siudy\u0142a, rzeczniczka PHU Lechmar, w\u00a0wywiadzie dla\u00a0tygodnika \u201eWprost\u201d oznajmi\u0142a, \u017ce\u00a0kontrakt zosta\u0142 zamkni\u0119ty w\u00a0pe\u0142nym zakresie. Zaznaczy\u0142a przy tym, \u017ce\u00a0realizacji umowy towarzyszy\u0142a intensywna <a href=\"https:\/\/www.wprost.pl\/zycie\/12340062\/tak-internauci-staja-sie-narzedziem-dezinformacji-ekspert-ostrzega.html\" rel=\"nofollow noopener\" target=\"_blank\">dezinformacja<\/a> ze\u00a0strony rosyjskich s\u0142u\u017cb specjalnych, wymierzona w\u00a0wiarygodno\u015b\u0107 zar\u00f3wno Lechmara, jak i\u00a0ca\u0142ego \u0142a\u0144cucha dostaw uzbrojenia dla\u00a0Ukrainy. &#13;\n<\/p>\n<p>&#13;<br \/>\nSiudy\u0142a wprost odnios\u0142a si\u0119 do\u00a0rosyjskiej kampanii dezinformacyjnej: &#13;\n<\/p>\n<p>\u2013 Mamy \u015bwiadomo\u015b\u0107, sk\u0105d bior\u0105 si\u0119 te\u00a0nieprawdziwe doniesienia. Pod koniec 2025 roku rosyjski wywiad opublikowa\u0142 fa\u0142szywy materia\u0142 na\u00a0nasz temat, kt\u00f3ry w\u00a0ci\u0105gu kilku godzin trafi\u0142 na\u00a0setki prorosyjskich stron, a\u00a0potem zacz\u0105\u0142 by\u0107 powtarzany r\u00f3wnie\u017c przez cz\u0119\u015b\u0107 ukrai\u0144skich kana\u0142\u00f3w. To\u00a0element szerszej wojny informacyjnej, kt\u00f3rej celem jest podwa\u017canie wiarygodno\u015bci dostawc\u00f3w sprz\u0119tu dla\u00a0Ukrainy \u2013\u00a0powiedzia\u0142a rzeczniczka Lechmara. <\/p>\n<p>&#13;<br \/>\nSp\u00f3\u0142ka dzia\u0142alno\u015b\u0107 w\u00a0obrocie specjalnym prowadzi od\u00a02014 roku \u2013\u00a0momentu <a href=\"https:\/\/www.wprost.pl\/kraj\/458855\/aneksja-krymu-swiat-byl-podzielony-ale-po-zestrzeleniu-boeinga.html\" rel=\"nofollow noopener\" target=\"_blank\">aneksji Krymu<\/a> przez Rosj\u0119 i\u00a0pocz\u0105tku konfliktu na\u00a0wschodzie Ukrainy. Przez ponad dekad\u0119 Lechmar budowa\u0142 sie\u0107 kontakt\u00f3w z\u00a0producentami i\u00a0dostawcami sprz\u0119tu na\u00a0ca\u0142ym \u015bwiecie, uczestniczy\u0142 w\u00a0targach bran\u017cowych i\u00a0zdobywa\u0142 specjalistyczn\u0105 wiedz\u0119 dotycz\u0105c\u0105 regulacji, specyfikacji technicznych uzbrojenia oraz\u00a0logistyki i\u00a0finansowania transakcji w\u00a0strefach konfliktu. Firma dysponuje wszelkimi wymaganymi koncesjami i\u00a0podlega sta\u0142emu nadzorowi w\u0142a\u015bciwych organ\u00f3w. &#13;\n<\/p>\n<p>&#13;<br \/>\nCzytaj te\u017c:<br \/><a href=\"https:\/\/www.wprost.pl\/opinie-i-komentarze\/12358809\/polska-wchodzi-w-nowa-faze-zagrozen-rosja-przesuwa-granice-ryzyka.html\" rel=\"follow nofollow noopener\" data-schema=\"WPROST\" data-image=\"https:\/\/img.wprost.pl\/_thumb\/85\/52\/496be089d63804c187729bf4f0bb.jpeg\" target=\"_blank\">Polska wchodzi w\u00a0now\u0105 faz\u0119 zagro\u017ce\u0144? \u201ePolityczna przemoc przekracza granice\u201d<\/a>&#13;\n<\/p>\n<p>&#13;<br \/>\nSiudy\u0142a podkre\u015bli\u0142a gotowo\u015b\u0107 sp\u00f3\u0142ki do\u00a0pe\u0142nej transparentno\u015bci: &#13;\n<\/p>\n<p>\u2013 Dzia\u0142amy w\u00a0bran\u017cy, kt\u00f3ra wymaga dyscypliny i\u00a0pe\u0142nej przejrzysto\u015bci wobec instytucji kontrolnych. Posiadamy wszystkie wymagane koncesje, podlegamy wewn\u0119trznym i\u00a0zewn\u0119trznym mechanizmom nadzoru i\u00a0w\u00a0ka\u017cdej chwili jeste\u015bmy gotowi podda\u0107 si\u0119 kontroli ze\u00a0strony uprawnionych organ\u00f3w \u2013\u00a0zar\u00f3wno polskich, jak i\u00a0ukrai\u0144skich \u2013\u00a0stwierdzi\u0142a rzeczniczka sp\u00f3\u0142ki. <\/p>\n<p>&#13;<br \/>\nNa fakt realizacji kontraktu zwr\u00f3ci\u0142 te\u017c uwag\u0119 by\u0142y wiceminister obrony Ukrainy, genera\u0142-porucznik Iwan Hawyry\u0142uk, kt\u00f3ry podczas posiedzenia parlamentarnej tymczasowej komisji \u015bledczej wyja\u015bni\u0142, \u017ce\u00a0decyzja o\u00a0delegowaniu uprawnie\u0144 zakupowych do\u00a0DPSU wynika\u0142a z\u00a0niemo\u017cno\u015bci zaspokojenia przez Agencj\u0119 Uzbrojenia (AOZ) zapotrzebowania na\u00a0konkretne rodzaje amunicji. &#13;\n<\/p>\n<p>\u2013 Tak, uwa\u017cam, \u017ce\u00a0wszystkie kontrakty zosta\u0142y zrealizowane \u2013\u00a0powiedzia\u0142 Hawyry\u0142uk, zapytany wprost o\u00a0wykonanie um\u00f3w. <\/p>\n<p>&#13;<br \/>\nCzytaj te\u017c:<br \/><a href=\"https:\/\/biznes.wprost.pl\/gospodarka\/12359301\/ukraina-przyspiesza-reformy-finansowe-przed-wejsciem-do-ue.html\" rel=\"follow nofollow noopener\" data-schema=\"WPROST\" data-image=\"https:\/\/img.wprost.pl\/_thumb\/c8\/cc\/1971022debf965b479dcca491068.jpeg\" target=\"_blank\">Ukraina przyspiesza marsz do\u00a0UE. Kluczowy sektor przechodzi wielk\u0105 zmian\u0119<\/a>Czytaj te\u017c:<br \/><a href=\"https:\/\/biznes.wprost.pl\/twoj-portfel\/12358209\/karta-mobilizacyjna-co-oznaczaja-czerwony-zielony-i-niebieski-pasek.html\" rel=\"follow nofollow noopener\" data-schema=\"WPROST\" data-image=\"https:\/\/img.wprost.pl\/_thumb\/44\/98\/8eeee1b777af345e80a0be15f025.jpeg\" target=\"_blank\">Wojsko wysy\u0142a specjalne dokumenty. Wielu nie\u00a0wie, co\u00a0oznacza kolor paska<\/a>&#13;<\/p>\n","protected":false},"excerpt":{"rendered":"&#13; Rzecznik DPSU Andrij Demczenko przekaza\u0142 agencji Interfax-Ukraina, \u017ce\u00a0ca\u0142y zakontraktowany towar zosta\u0142 dostarczony i\u00a0przekazany Si\u0142om Zbrojnym Ukrainy \u2013\u00a0a\u00a0ceny&hellip;\n","protected":false},"author":2,"featured_media":500106,"comment_status":"","ping_status":"","sticky":false,"template":"","format":"standard","meta":{"footnotes":"","_share_on_mastodon":"0"},"categories":[12],"tags":[12283,2786,52937,52765,94030,42,38,40,39,41,415,892,161,43315],"class_list":["post-500105","post","type-post","status-publish","format-standard","has-post-thumbnail","category-polska","tag-amunicja","tag-bron","tag-finanse-i-inwestycje","tag-firmy-i-rynki","tag-lechmar","tag-pl","tag-poland","tag-polish","tag-polska","tag-polski","tag-ukraina","tag-wojna","tag-wojsko","tag-wprost"],"share_on_mastodon":{"url":"","error":""},"_links":{"self":[{"href":"https:\/\/www.europesays.com\/pl\/wp-json\/wp\/v2\/posts\/500105","targetHints":{"allow":["GET"]}}],"collection":[{"href":"https:\/\/www.europesays.com\/pl\/wp-json\/wp\/v2\/posts"}],"about":[{"href":"https:\/\/www.europesays.com\/pl\/wp-json\/wp\/v2\/types\/post"}],"author":[{"embeddable":true,"href":"https:\/\/www.europesays.com\/pl\/wp-json\/wp\/v2\/users\/2"}],"replies":[{"embeddable":true,"href":"https:\/\/www.europesays.com\/pl\/wp-json\/wp\/v2\/comments?post=500105"}],"version-history":[{"count":0,"href":"https:\/\/www.europesays.com\/pl\/wp-json\/wp\/v2\/posts\/500105\/revisions"}],"wp:featuredmedia":[{"embeddable":true,"href":"https:\/\/www.europesays.com\/pl\/wp-json\/wp\/v2\/media\/500106"}],"wp:attachment":[{"href":"https:\/\/www.europesays.com\/pl\/wp-json\/wp\/v2\/media?parent=500105"}],"wp:term":[{"taxonomy":"category","embeddable":true,"href":"https:\/\/www.europesays.com\/pl\/wp-json\/wp\/v2\/categories?post=500105"},{"taxonomy":"post_tag","embeddable":true,"href":"https:\/\/www.europesays.com\/pl\/wp-json\/wp\/v2\/tags?post=500105"}],"curies":[{"name":"wp","href":"https:\/\/api.w.org\/{rel}","templated":true}]}}