{"id":500142,"date":"2026-06-17T18:07:18","date_gmt":"2026-06-17T18:07:18","guid":{"rendered":"https:\/\/www.europesays.com\/pl\/500142\/"},"modified":"2026-06-17T18:07:18","modified_gmt":"2026-06-17T18:07:18","slug":"lodz-trasa-na-smiglego-rydza-i-nizszej-przed-odbiorami-tramwaje-w-polowie-lipca-zdjecia","status":"publish","type":"post","link":"https:\/\/www.europesays.com\/pl\/500142\/","title":{"rendered":"\u0141\u00f3d\u017a. Trasa na \u015amig\u0142ego-Rydza i Ni\u017cszej przed odbiorami, tramwaje w po\u0142owie lipca (zdj\u0119cia)"},"content":{"rendered":"<p>Pr\u0119dzej ni\u017c p\u00f3\u017aniej zostanie otwarta trasa tramwajowa w ci\u0105gu Alei \u015amig\u0142ego-Rydza i ulicy Ni\u017cszej. Infrastruktura torowo-sieciowa jest ju\u017c gotowa do odbior\u00f3w, trwaj\u0105 jeszcze ostatnie prace ogrodnicze. Po kilku latach przerwy \u0141odzianie b\u0119d\u0105 mogli zn\u00f3w skorzysta\u0107 z tramwaj\u00f3w w tym rejonie miasta. <\/p>\n<p>Drogowa cz\u0119\u015b\u0107 ci\u0105gu ulic \u015amig\u0142ego-Rydza i Ni\u017cszej <a href=\"https:\/\/www.rynekinfrastruktury.pl\/wiadomosci\/miasto\/lodz-jest-data-otwarcia-smiglegorydza-i-nizsza-104544.html\" target=\"_blank\" rel=\"nofollow noopener\">dla kierowc\u00f3w dost\u0119pna jest od blisko dw\u00f3ch miesi\u0119cy<\/a>. W momencie, w kt\u00f3rym je\u017adzi\u0142y ju\u017c pierwsza auta, trwa\u0142y nadal prace budowlane m.in. przy sieci trakcyjnej i zapleczu socjalnym dla prowadz\u0105cych. <\/p>\n<p>Trasa tramwajowa w ci\u0105gu \u015amig\u0142ego-Rydza i Ni\u017cszej gotowa <\/p>\n<p>\u2013 Jeste\u015bmy w pe\u0142nej procedurze ju\u017c formalnej i w kontakcie z wojew\u00f3dzkim nadzorem budowlanym. Tak, \u017ceby te procedury, kt\u00f3re s\u0105 konieczne, aby w pe\u0142nym pod wzgl\u0119dem dokumentacyjnym i odbiorowym zosta\u0142 wznowiony i powr\u00f3ci\u0142 tramwaj na ulice \u015amig\u0142ego Rydza i Ni\u017csz\u0105 \u2013 powiedzia\u0142 Marcin Dyguda, dyrektor ds. koordynacji ze sp\u00f3\u0142ki \u0141\u00f3dzkie Inwestycje.<\/p>\n<p><img decoding=\"async\" src=\"https:\/\/www.europesays.com\/pl\/wp-content\/uploads\/2026\/06\/2026061716383320260617SmiglegoRydzaNizszaPrzedWznowieniem5fotDSiwak.jpg\"\/><\/p>\n<p>Fot. Daniel Siwak | Nowy przystanek Ni\u017csza &#8211; Broniewskiego, kt\u00f3ry zosta\u0142 wybudowany w ramach inwestycji<\/p>\n<p>Pod k\u0105tem drogowym przebudowa obejmowa\u0142a wymian\u0119 instalacji podziemnych, budow\u0119 nowych jezdni, chodnik\u00f3w i dr\u00f3g dla rower\u00f3w. Pod k\u0105tem tramwajowym mamy tutaj nowe szyny &#8211; cz\u0119\u015bciowo zabudowane w nawierzchni betonowej, s\u0142upy oraz sie\u0107 trakcyjn\u0105. Przystanki zosta\u0142y wyd\u0142u\u017cone i wyposa\u017cone w nowe wiaty i wy\u015bwietlacze Systemu Informacji Pasa\u017cerskiej.\u00a0<\/p>\n<p>Tramwaje na D\u0105brow\u0119 Ni\u017csz\u0105 wr\u00f3c\u0105 w po\u0142owie lipca <\/p>\n<p>Obecnie nie ma ju\u017c w\u0105tpliwo\u015bci, \u017ce w ten rejon \u0141odzi powr\u00f3c\u0105 tramwaje. \u2013 Nast\u0105pi to w okolicach po\u0142owy miesi\u0105ca lipca. Tak\u017ce b\u0119dzie uruchomiona tutaj ju\u017c normalnie trasa tramwajowa i powraca tramwaj linii 13. My\u015bl\u0119 bardzo dobra wiadomo\u015b\u0107 dla mieszka\u0144c\u00f3w \u2013 przekaza\u0142 Grzegorz Nita, wiceprezes \u0141\u00f3dzkich Inwestycji. <\/p>\n<p>Na teraz wymienianym terminem jest weekend 11 lub 12 lipca. B\u0119dzie to na razie linia 13, kt\u00f3ra z kra\u0144c\u00f3wki D\u0105browa Ni\u017csza bez zmian dojedzie do tzw. skrzy\u017cowania Marsza\u0142k\u00f3w. Dalej alejami Pi\u0142sudskiego, Mickiewicza, W\u0142\u00f3kniarzy, Limanowskiego, Aleksandrowsk\u0105 do kra\u0144c\u00f3wki Teofil\u00f3w (d. Szczeci\u0144ska). <\/p>\n<p>Jest to trasa tymczasowa, zwi\u0105zana z planowanym rozpocz\u0119ciem budowy trasy tramwajowej w Nowym Centrum \u0141odzi. Jej elementem ma by\u0107 wyburzenie cz\u0119\u015bci wiaduktu, po kt\u00f3rym r\u00f3wnie\u017c je\u017adzi\u0142aby linia 13.  Aby wspomniana linia mog\u0142a wr\u00f3ci\u0107 b\u0119dzie konieczno\u015b\u0107 \u201coddania\u201d kilku brygad z linii 8. To z kolei oznacza, \u017ce zar\u00f3wno \u201e\u00f3semka&#8221;, jak i\u00a0\u201etrzynastka\u201d b\u0119d\u0105 podje\u017cd\u017ca\u0107 na przystanki tylko co 15 minut w dni robocze.<\/p>\n<p><img decoding=\"async\" src=\"https:\/\/www.europesays.com\/pl\/wp-content\/uploads\/2026\/06\/2026061716383220260617SmiglegoRydzaNizszaPrzedWznowieniem3fotDSiwak.jpg\"\/>Fot. Daniel Siwak | W przysz\u0142o\u015bci z Ronda Broniewskiego b\u0119dzie mo\u017cna pojecha\u0107 tak\u017ce ul. Broniewskiego<\/p>\n<p>W osiem lat trzy odcinki Alei \u015amig\u0142ego-Rydza <\/p>\n<p>Wykonawc\u0105 inwestycji, kt\u00f3ra <a href=\"https:\/\/www.rynek-kolejowy.pl\/wiadomosci\/lodz-poczatek-inwestycji-na-nizszej-na-razie--demontaz-129312.html\" target=\"_blank\" rel=\"nofollow noopener\">rozpocz\u0119\u0142a si\u0119 we wrze\u015bniu 2024 roku<\/a>, by\u0142a firma Trakcja. Nie oby\u0142o si\u0119 jednak bez op\u00f3\u017anienia, bo pierwotnym terminem oddania opisywanej dzi\u015b trasy tramwajowej by\u0142 stycze\u0144 tego roku. Potem wymieniane by\u0142y jeszcze: wiosna i okres przed wakacjami.<\/p>\n<p>Przypomnijmy, \u017ce w\u0142a\u015bnie ko\u0144czy si\u0119 <a href=\"https:\/\/www.rynek-kolejowy.pl\/wiadomosci\/lodz-smiglegorydza-rozkopana-od-niedzieli-137330.html\" target=\"_blank\" rel=\"nofollow noopener\">prowadzona od 2018 roku przebudowa ca\u0142ej Alei \u015amig\u0142ego-Rydza<\/a>. Inwestycj\u0119 by\u0142a podzielona na odcinki, gdzie pierwszym by\u0142 ten od skrzy\u017cowania Marsza\u0142k\u00f3w do ul. Przybyszewskiego. Kolejne lata to z kolei odcinek od ul. Przybyszewskiego do ul. D\u0105browskiego. Teraz przebudowano fragment pomi\u0119dzy ul. D\u0105browskiego a ul. \u015al\u0105sk\u0105. Wszystkie trzy odcinki s\u0105 cz\u0119\u015bci\u0105 <a href=\"https:\/\/www.rynek-kolejowy.pl\/wiadomosci\/tramwaj-dla-lodzi-wiekszosc-inwestycji-zakonczy-sie-pozniej-133357.html\" target=\"_blank\" rel=\"nofollow noopener\">op\u00f3\u017anionego i etapowanego projektu transportowego \u201eTramwaj dla \u0141odzi&#8221;<\/a>. <\/p>\n<p><\/p>\n","protected":false},"excerpt":{"rendered":"Pr\u0119dzej ni\u017c p\u00f3\u017aniej zostanie otwarta trasa tramwajowa w ci\u0105gu Alei \u015amig\u0142ego-Rydza i ulicy Ni\u017cszej. Infrastruktura torowo-sieciowa jest ju\u017c&hellip;\n","protected":false},"author":2,"featured_media":500143,"comment_status":"","ping_status":"","sticky":false,"template":"","format":"standard","meta":{"footnotes":"","_share_on_mastodon":"0"},"categories":[51608],"tags":[7648,7650,2624,54135,59371,54137,54134,7651,2995,3652,56324,56325,7649,7653,10798,2801,42,38,40,39,41,6228,7647,7646,7652,13314,59370,54132],"class_list":["post-500142","post","type-post","status-publish","format-standard","has-post-thumbnail","category-lodz","tag-autostrada","tag-cieplownictwo","tag-energetyka","tag-inwestycje-miejskie","tag-inwestycje-tramwajowe","tag-komunikacja-miejska-w-lodzi","tag-komunikacja-w-lodzi","tag-linie-kolejowe","tag-lotnisko","tag-lodz","tag-lodzkie-inwestycje","tag-miejskie-centrum-inwestycji-w-lodzi","tag-obwodnica","tag-operatorzy","tag-pasazerowie","tag-pkp-plk","tag-pl","tag-poland","tag-polish","tag-polska","tag-polski","tag-porty","tag-porty-lotnicze","tag-stocznie","tag-telekomunikacja","tag-trakcja","tag-tramwaj-dla-lodzi","tag-tramwaje-w-lodzi"],"share_on_mastodon":{"url":"https:\/\/pubeurope.com\/@pl\/116766785189384998","error":""},"_links":{"self":[{"href":"https:\/\/www.europesays.com\/pl\/wp-json\/wp\/v2\/posts\/500142","targetHints":{"allow":["GET"]}}],"collection":[{"href":"https:\/\/www.europesays.com\/pl\/wp-json\/wp\/v2\/posts"}],"about":[{"href":"https:\/\/www.europesays.com\/pl\/wp-json\/wp\/v2\/types\/post"}],"author":[{"embeddable":true,"href":"https:\/\/www.europesays.com\/pl\/wp-json\/wp\/v2\/users\/2"}],"replies":[{"embeddable":true,"href":"https:\/\/www.europesays.com\/pl\/wp-json\/wp\/v2\/comments?post=500142"}],"version-history":[{"count":0,"href":"https:\/\/www.europesays.com\/pl\/wp-json\/wp\/v2\/posts\/500142\/revisions"}],"wp:featuredmedia":[{"embeddable":true,"href":"https:\/\/www.europesays.com\/pl\/wp-json\/wp\/v2\/media\/500143"}],"wp:attachment":[{"href":"https:\/\/www.europesays.com\/pl\/wp-json\/wp\/v2\/media?parent=500142"}],"wp:term":[{"taxonomy":"category","embeddable":true,"href":"https:\/\/www.europesays.com\/pl\/wp-json\/wp\/v2\/categories?post=500142"},{"taxonomy":"post_tag","embeddable":true,"href":"https:\/\/www.europesays.com\/pl\/wp-json\/wp\/v2\/tags?post=500142"}],"curies":[{"name":"wp","href":"https:\/\/api.w.org\/{rel}","templated":true}]}}