{"id":500190,"date":"2026-06-17T18:35:14","date_gmt":"2026-06-17T18:35:14","guid":{"rendered":"https:\/\/www.europesays.com\/pl\/500190\/"},"modified":"2026-06-17T18:35:14","modified_gmt":"2026-06-17T18:35:14","slug":"rozne-punkty-slyszenia-kontrowersyjna-uchwala-tematem-debaty-samorzadowej","status":"publish","type":"post","link":"https:\/\/www.europesays.com\/pl\/500190\/","title":{"rendered":"R\u00f3\u017cne punkty s\u0142yszenia: Kontrowersyjna uchwa\u0142a tematem debaty samorz\u0105dowej"},"content":{"rendered":"\n<p>                <a target=\"_blank\" href=\"http:\/\/www.wykop.pl\/dodaj\/link\/?url=https%3A%2F%2Fwww.radiowroclaw.pl%2Farticles%2Fview%2F161556%2FRozne-punkty-slyszenia-Kontrowersyjna-uchwala-tematem-debaty-samorzadowej&amp;title=R%C3%B3%C5%BCne+punkty+s%C5%82yszenia%3A+Kontrowersyjna+uchwa%C5%82a+tematem+debaty+samorz%C4%85dowej&amp;desc=Zapraszamy+na+debat%C4%99+samorz%C4%85dow%C4%85+w+audycji+%22R%C3%B3%C5%BCne+punkty+s%C5%82yszenia%22.\" rel=\"nofollow noopener\"><img decoding=\"async\" alt=\"Dodaj do Wykop.pl\" src=\"https:\/\/www.radiowroclaw.pl\/nlayout\/layout\/wykop-social.svg\"\/><\/a><\/p>\n<p>    <img decoding=\"async\" src=\"https:\/\/www.europesays.com\/pl\/wp-content\/uploads\/2026\/06\/mz07SrN2TC.jpg\" class=\"w-100\" alt=\"R\u00f3\u017cne punkty s\u0142yszenia: Kontrowersyjna uchwa\u0142a tematem debaty samorz\u0105dowej - Kontrowersyjna uchwa\u0142a tematem debaty samorz\u0105dowej.\"\/>Kontrowersyjna uchwa\u0142a tematem debaty samorz\u0105dowej.<\/p>\n<p>Fot. RW<\/p>\n<p>Zapraszamy na debat\u0119 samorz\u0105dow\u0105 w audycji &#8222;R\u00f3\u017cne punkty s\u0142yszenia&#8221;.<\/p>\n<p style=\"text-align: justify;\">Czy liczba osiedli we Wroc\u0142awiu zmniejszy si\u0119 do 22 i czy temat tej kontrowersyjnej uchwa\u0142y zostanie poddany konsultacjom spo\u0142ecznym? G\u0142\u00f3wnie na ten temat porozmawiamy w debacie samorz\u0105dowej w przeddzie\u0144 Sesji Rady Miejskiej Wroc\u0142awia. Poruszymy tak\u017ce sprawy potencjalnej ustawy metropolitalnej dla Wroc\u0142awia oraz przyst\u0105pienia magistratu do prac nad uchwa\u0142\u0105 krajobrazow\u0105. Zaproszenie do &#8222;R\u00f3\u017cnych punkt\u00f3w s\u0142yszenia&#8221; przyj\u0119li:<\/p>\n<p>&#13;<br \/>\n\u0141ukasz Kasztelowicz (PiS),&#13;<br \/>\nRobert Leszczy\u0144ski (KO),&#13;<br \/>\nAnna Ko\u0142odziej (Lewica),&#13;<br \/>\nJakub Janas (Naprawmy Przysz\u0142o\u015b\u0107).&#13;<\/p>\n<p style=\"text-align: justify;\">Do us\u0142yszenia po 20:00.<\/p>\n<p>        <a name=\"Comments\"\/><br \/>\n    \ufeff<\/p>\n<p>\t\t\t\t<a name=\"Comments\"\/><\/p>\n<p>\t\t\t\t\tDodaj\u0105c komentarz do artyku\u0142u akceptujesz<br \/>\n\t\t\t\t\t<a class=\"fw-bold\" href=\"https:\/\/www.radiowroclaw.pl\/articles\/view\/97405\" title=\"regulamin strony\" rel=\"nofollow noopener\" target=\"_blank\">regulamin strony<\/a>.<br \/>\n\t\t\t\t\tRadio Wroc\u0142aw nie odpowiada za tre\u015b\u0107 komentarzy.<\/p>\n","protected":false},"excerpt":{"rendered":"Kontrowersyjna uchwa\u0142a tematem debaty samorz\u0105dowej. Fot. RW Zapraszamy na debat\u0119 samorz\u0105dow\u0105 w audycji &#8222;R\u00f3\u017cne punkty s\u0142yszenia&#8221;. Czy liczba&hellip;\n","protected":false},"author":2,"featured_media":500191,"comment_status":"","ping_status":"","sticky":false,"template":"","format":"standard","meta":{"footnotes":"","_share_on_mastodon":"0"},"categories":[51607],"tags":[97077,83576,42,38,40,39,41,34838,56961,97078,56962,92817,10198,1853],"class_list":["post-500190","post","type-post","status-publish","format-standard","has-post-thumbnail","category-wroclaw","tag-debaty","tag-kontrowersyjna","tag-pl","tag-poland","tag-polish","tag-polska","tag-polski","tag-punkty","tag-rozne","tag-samorzadowej","tag-slyszenia","tag-tematem","tag-uchwala","tag-wroclaw"],"share_on_mastodon":{"url":"https:\/\/pubeurope.com\/@pl\/116766896197405531","error":""},"_links":{"self":[{"href":"https:\/\/www.europesays.com\/pl\/wp-json\/wp\/v2\/posts\/500190","targetHints":{"allow":["GET"]}}],"collection":[{"href":"https:\/\/www.europesays.com\/pl\/wp-json\/wp\/v2\/posts"}],"about":[{"href":"https:\/\/www.europesays.com\/pl\/wp-json\/wp\/v2\/types\/post"}],"author":[{"embeddable":true,"href":"https:\/\/www.europesays.com\/pl\/wp-json\/wp\/v2\/users\/2"}],"replies":[{"embeddable":true,"href":"https:\/\/www.europesays.com\/pl\/wp-json\/wp\/v2\/comments?post=500190"}],"version-history":[{"count":0,"href":"https:\/\/www.europesays.com\/pl\/wp-json\/wp\/v2\/posts\/500190\/revisions"}],"wp:featuredmedia":[{"embeddable":true,"href":"https:\/\/www.europesays.com\/pl\/wp-json\/wp\/v2\/media\/500191"}],"wp:attachment":[{"href":"https:\/\/www.europesays.com\/pl\/wp-json\/wp\/v2\/media?parent=500190"}],"wp:term":[{"taxonomy":"category","embeddable":true,"href":"https:\/\/www.europesays.com\/pl\/wp-json\/wp\/v2\/categories?post=500190"},{"taxonomy":"post_tag","embeddable":true,"href":"https:\/\/www.europesays.com\/pl\/wp-json\/wp\/v2\/tags?post=500190"}],"curies":[{"name":"wp","href":"https:\/\/api.w.org\/{rel}","templated":true}]}}