{"id":500216,"date":"2026-06-17T18:49:27","date_gmt":"2026-06-17T18:49:27","guid":{"rendered":"https:\/\/www.europesays.com\/pl\/500216\/"},"modified":"2026-06-17T18:49:27","modified_gmt":"2026-06-17T18:49:27","slug":"wizyta-karola-nawrockiego-w-usa-prezydent-podkresla-sile-polonii-na-florydzie","status":"publish","type":"post","link":"https:\/\/www.europesays.com\/pl\/500216\/","title":{"rendered":"Wizyta Karola Nawrockiego w USA. Prezydent podkre\u015bla si\u0142\u0119 Polonii na Florydzie"},"content":{"rendered":"<p>Podczas kilkudniowego pobytu w USA polski przyw\u00f3dca nie tylko bra\u0142 udzia\u0142 w obchodach 80. urodzin Donalda Trumpa, ale tak\u017ce lobbowa\u0142 na Kapitolu za wzmocnieniem sankcji wobec Rosji i zwi\u0119kszeniem obecno\u015bci ameryka\u0144skich wojsk w Polsce.<\/p>\n<p> Dalszy ci\u0105g artyku\u0142u pod materia\u0142em wideo <\/p>\n<p>Ostatnim punktem wizyty Karola Nawrockiego by\u0142o spotkanie w Polskim Centrum im. \u015bw. Jana Paw\u0142a II w Clearwater pod Tamp\u0105. Prezydent zwr\u00f3ci\u0142 si\u0119 do zgromadzonych tam rodak\u00f3w, podkre\u015blaj\u0105c ich kluczow\u0105 rol\u0119 w budowaniu relacji mi\u0119dzy narodami. \u2014 Sojusz Polski z USA jest silny tak\u017ce dzi\u0119ki wam \u2014 o\u015bwiadczy\u0142 Nawrocki.<\/p>\n<p>Prezydent przytoczy\u0142 dane dotycz\u0105ce polskiej obecno\u015bci w tym regionie: na Florydzie mieszka 40 tys. obywateli RP, a blisko 400 tys. Amerykan\u00f3w przyznaje si\u0119 do polskiego pochodzenia. Nawrocki podkre\u015bli\u0142, \u017ce to w\u0142a\u015bnie codzienna praca Polonii sprawia, \u017ce Polska postrzegana jest w USA jako wzorowy sojusznik. Podczas uroczysto\u015bci prezydent wr\u0119czy\u0142 odznaczenia pa\u0144stwowe trojgu przedstawicieli polskiej spo\u0142eczno\u015bci: Antoninie Hubskiej, Micha\u0142owi B\u0105kowi oraz Paw\u0142owi D\u0119bi\u0144skiemu.<\/p>\n<p>     Rozmowy z Donaldem Trumpem i wizyta na Kapitolu<\/p>\n<p>Wizyta prezydenta mia\u0142a r\u00f3wnie\u017c intensywny wymiar polityczny. Nawrocki bra\u0142 udzia\u0142 w inauguracji obchod\u00f3w 250. rocznicy podpisania Deklaracji Niepodleg\u0142o\u015bci USA oraz w 80. urodzinach Donalda Trumpa. Spotka\u0142 si\u0119 tak\u017ce z wiceprezydentem J.D. Vance\u2019em, ameryka\u0144skim biznesem oraz czo\u0142owymi politykami na Kapitolu, w tym z szefem wi\u0119kszo\u015bci w Senacie, Johnem Thunem.<\/p>\n<p>Z relacji Marcina Przydacza, szefa Biura Polityki Mi\u0119dzynarodowej, wynika, \u017ce kluczowymi tematami rozm\u00f3w w Waszyngtonie by\u0142y przygotowania do zbli\u017caj\u0105cego si\u0119 szczytu NATO oraz sytuacja w Europie \u015arodkowej.<\/p>\n<p>Prezydent Nawrocki mocno opowiedzia\u0142 si\u0119 za kontynuacj\u0105 polityki sankcji oraz dalszym dozbrajaniem Ukrainy jako jedynym sposobem na powstrzymanie rosyjskiej agresji, a senat USA potwierdzi\u0142 konieczno\u015b\u0107 utrzymania, a nawet rozbudowy obecno\u015bci ameryka\u0144skich \u017co\u0142nierzy na wschodniej flance NATO w duchu sta\u0142ej obecno\u015bci.<\/p>\n<p>Wsp\u00f3\u0142praca zbrojeniowa i nowe technologie<\/p>\n<p>Wa\u017cnym elementem rozm\u00f3w by\u0142a kwestia przemys\u0142u zbrojeniowego. Polska, kt\u00f3ra dokona\u0142a znacz\u0105cych zakup\u00f3w w USA, chce, aby ameryka\u0144skie technologie i produkcja by\u0142y lokowane r\u00f3wnie\u017c nad Wis\u0142\u0105. Wed\u0142ug ministra Przydacza, Amerykanie dysponuj\u0105 technologiami, kt\u00f3re mog\u0142yby zwi\u0119kszy\u0107 zdolno\u015bci produkcyjne sojusznik\u00f3w w Europie.<\/p>\n<p>W trakcie wizyty poruszono r\u00f3wnie\u017c tematy energetyczne, w tym wp\u0142yw porozumienia ameryka\u0144sko-ira\u0144skiego na \u015bwiatowe ceny energii. Wizyta prezydenta Nawrockiego potwierdzi\u0142a, \u017ce Polska jest postrzegana jako pa\u0144stwo, kt\u00f3re przesz\u0142o najskuteczniejsz\u0105 transformacj\u0119 ekonomiczn\u0105 w regionie i pozostaje filarem wsp\u00f3\u0142pracy z USA.<\/p>\n","protected":false},"excerpt":{"rendered":"Podczas kilkudniowego pobytu w USA polski przyw\u00f3dca nie tylko bra\u0142 udzia\u0142 w obchodach 80. urodzin Donalda Trumpa, ale&hellip;\n","protected":false},"author":2,"featured_media":500217,"comment_status":"","ping_status":"","sticky":false,"template":"","format":"standard","meta":{"footnotes":"","_share_on_mastodon":"0"},"categories":[62712],"tags":[61195,44,1350,690,43,48,46,3523,39,47,80],"class_list":["post-500216","post","type-post","status-publish","format-standard","has-post-thumbnail","category-karol-nawrocki","tag-bottomfeed_styl","tag-donald_trump","tag-floryda","tag-karol-nawrocki","tag-karol_nawrocki","tag-nat_styl","tag-omp","tag-polonia","tag-polska","tag-screening_general","tag-swiat"],"share_on_mastodon":{"url":"https:\/\/pubeurope.com\/@pl\/116766950205072220","error":""},"_links":{"self":[{"href":"https:\/\/www.europesays.com\/pl\/wp-json\/wp\/v2\/posts\/500216","targetHints":{"allow":["GET"]}}],"collection":[{"href":"https:\/\/www.europesays.com\/pl\/wp-json\/wp\/v2\/posts"}],"about":[{"href":"https:\/\/www.europesays.com\/pl\/wp-json\/wp\/v2\/types\/post"}],"author":[{"embeddable":true,"href":"https:\/\/www.europesays.com\/pl\/wp-json\/wp\/v2\/users\/2"}],"replies":[{"embeddable":true,"href":"https:\/\/www.europesays.com\/pl\/wp-json\/wp\/v2\/comments?post=500216"}],"version-history":[{"count":0,"href":"https:\/\/www.europesays.com\/pl\/wp-json\/wp\/v2\/posts\/500216\/revisions"}],"wp:featuredmedia":[{"embeddable":true,"href":"https:\/\/www.europesays.com\/pl\/wp-json\/wp\/v2\/media\/500217"}],"wp:attachment":[{"href":"https:\/\/www.europesays.com\/pl\/wp-json\/wp\/v2\/media?parent=500216"}],"wp:term":[{"taxonomy":"category","embeddable":true,"href":"https:\/\/www.europesays.com\/pl\/wp-json\/wp\/v2\/categories?post=500216"},{"taxonomy":"post_tag","embeddable":true,"href":"https:\/\/www.europesays.com\/pl\/wp-json\/wp\/v2\/tags?post=500216"}],"curies":[{"name":"wp","href":"https:\/\/api.w.org\/{rel}","templated":true}]}}