{"id":500343,"date":"2026-06-17T20:12:12","date_gmt":"2026-06-17T20:12:12","guid":{"rendered":"https:\/\/www.europesays.com\/pl\/500343\/"},"modified":"2026-06-17T20:12:12","modified_gmt":"2026-06-17T20:12:12","slug":"rosjanie-nacieraja-zewszad-na-konstantynowke-rownaja-ja-z-ziemia-onet","status":"publish","type":"post","link":"https:\/\/www.europesays.com\/pl\/500343\/","title":{"rendered":"Rosjanie nacieraj\u0105 zewsz\u0105d na Konstantyn\u00f3wk\u0119. R\u00f3wnaj\u0105 j\u0105 z ziemi\u0105 &#8211; Onet"},"content":{"rendered":"<ol>\n<li><a href=\"https:\/\/news.google.com\/rss\/articles\/CBMirgFBVV95cUxPQTFUb0NVazd5N0xFRzJwdEJ2Yll2M2hBTldGbDdVaDZOS25JVTh2bGlwUjZsS3g5YWZ3QS1QTnFZaE1xRHFKa214M3B5WDhSblF5Q1gtQzNwS0hReE1KM2o5SExfLVZsWnhSTEVzbXlXRWxnRzJINFRudXU3cDdFN3RZMV94Q2xNMnpsa0NtMFprZ1ZQaXhTUW5tTzV5UEd1dFdGSC12MmZEb0tmenc?oc=5\" target=\"_blank\" rel=\"nofollow noopener\">Rosjanie nacieraj\u0105 zewsz\u0105d na Konstantyn\u00f3wk\u0119. R\u00f3wnaj\u0105 j\u0105 z ziemi\u0105<\/a>&nbsp;&nbsp;Onet<\/li>\n<li><a href=\"https:\/\/news.google.com\/rss\/articles\/CBMivwFBVV95cUxNYkF6Z2tucmtWTlA3TDVvdkRieTdSRkZMemI5cFRsOHZvVzNUNlduRjhFcEdIbXpnUHg5RUU1Q0diZzJHR2xhQ2tEMUtKYXJaeHJhdGk0dF9ZN2RmQlBqVmwzVGU3ZllTX2lqaUpDemJrenFWUTJoTW9sMnZRRjM3QTdLQXdQOVpHM2V3U29sNnA2UWJDZXlNZ1ZkR2dnZThic0lPZHg3eFRrYnFDTzJvMmo2UG5QT211MjRzbUVXSQ?oc=5\" target=\"_blank\" rel=\"nofollow noopener\">Rosjanie &#8222;zr\u00f3wnuj\u0105 miasto z ziemi\u0105&#8221;. Pot\u0119\u017cne natarcie na wschodzie Ukrainy<\/a>&nbsp;&nbsp;Interia Wydarzenia<\/li>\n<li><a href=\"https:\/\/news.google.com\/rss\/articles\/CBMivgFBVV95cUxOWHB1TFFTNU5KUHFoNUVSTDVlRkFsRUdOV3o4dUVGTk13YUhaWVcxam80cHB0VFVHTDA0cFlRd1Vhbm9rRS1TdGtVclZ5Y1pyMUdNa2lINEFRcFNwd21YeGh5UjFiOXF4enhwSzIyeTJsUDlIemlxdFZCZE9OdXZQcUN6ZGtiaTJ3ektHUzRwVURLUWRzZGNKN0V3Szc1UTRybUN0TjZHNEhkbDBqUXdfWG95OGUyZHR3Z19ydjRB?oc=5\" target=\"_blank\" rel=\"nofollow noopener\">&#8222;Sytuacja rozwija si\u0119 wed\u0142ug najgorszego scenariusza&#8221;. Rosjanie mog\u0105 zaj\u0105\u0107 kluczowe miasto na Donbasie<\/a>&nbsp;&nbsp;Wiadomo\u015bci Onet<\/li>\n<li><a href=\"https:\/\/news.google.com\/rss\/articles\/CBMizAFBVV95cUxPdC1FdEVsT1gyeVBGUl9HQmQ5VkhzaUUxTTVrZXlUX1ZudTItN3FQRHhhSGRHNzluMGV3V1M2QjZwcGhuanRtMjFlVmFZeFV2OXVVRkVEazdCSFFIdFVORjY1eklsZ2R4UlNzalU0SXVFZlJ3S0oxMkhBQUcyMUt0WkFwV0RDNmdDOVdmZmVEbmk2UXc2NVB5dngwVmhwczZ6WXZJUllCTlQ2YmFSSFRBcFlJSUt5SVhFQ01OWDFRVG9KeFdBZkNVajVNUkI?oc=5\" target=\"_blank\" rel=\"nofollow noopener\">Scenariusz z Pokrowska mo\u017ce si\u0119 powt\u00f3rzy\u0107? Rosjanie nacieraj\u0105 tam ze wszystkich stron<\/a>&nbsp;&nbsp;PolsatNews.pl<\/li>\n<li><a href=\"https:\/\/news.google.com\/rss\/articles\/CBMiswFBVV95cUxOandLS0g0TEZGNnB6S1pzNUxtVnlhNjRlNVZTX056ZEhyRlg4YXJJSkVGdzZIZ01iUTI4dk9vLWhyNUpWdFM4LXRGbU44dUNDUFFWWDRpMERCOElpU3Y0SFVwOTB2NjBuZURndjZTQU1nekFZN1g4XzJtQ3JoZUV5S2FzX0RfdTFRcGl5RWRBTk12bldQRWt1VmdoNUkyWm9DWndJSEItQzM3aE9NSGdtYTdHSQ?oc=5\" target=\"_blank\" rel=\"nofollow noopener\">Ukrai\u0144cy kontratakuj\u0105 na po\u0142udniu, ale Konstiantyniwka w Donbasie upada [P\u0141K LEWANDOWSKI O WOJNIE]<\/a>&nbsp;&nbsp;OKO.press<\/li>\n<\/ol>\n","protected":false},"excerpt":{"rendered":"Rosjanie nacieraj\u0105 zewsz\u0105d na Konstantyn\u00f3wk\u0119. R\u00f3wnaj\u0105 j\u0105 z ziemi\u0105&nbsp;&nbsp;Onet Rosjanie &#8222;zr\u00f3wnuj\u0105 miasto z ziemi\u0105&#8221;. Pot\u0119\u017cne natarcie na wschodzie&hellip;\n","protected":false},"author":2,"featured_media":500344,"comment_status":"","ping_status":"","sticky":false,"template":"","format":"standard","meta":{"footnotes":"","_share_on_mastodon":"0"},"categories":[14],"tags":[27365,61195,32,33,27,399,34,35,28,31,48,25,46,55,40,41,47,80,29,30,26,82,83,84],"class_list":["post-500343","post","type-post","status-publish","format-standard","has-post-thumbnail","category-swiat","tag-belsatpl","tag-bottomfeed_styl","tag-breaking-news","tag-breakingnews","tag-headlines","tag-informacje","tag-latest-news","tag-latestnews","tag-naglowki","tag-najwazniejsze-artykuly","tag-nat_styl","tag-news","tag-omp","tag-phx","tag-polish","tag-polski","tag-screening_general","tag-swiat","tag-top-stories","tag-topstories","tag-wiadomosci","tag-world","tag-world-news","tag-worldnews"],"share_on_mastodon":{"url":"https:\/\/pubeurope.com\/@pl\/116767276634037082","error":""},"_links":{"self":[{"href":"https:\/\/www.europesays.com\/pl\/wp-json\/wp\/v2\/posts\/500343","targetHints":{"allow":["GET"]}}],"collection":[{"href":"https:\/\/www.europesays.com\/pl\/wp-json\/wp\/v2\/posts"}],"about":[{"href":"https:\/\/www.europesays.com\/pl\/wp-json\/wp\/v2\/types\/post"}],"author":[{"embeddable":true,"href":"https:\/\/www.europesays.com\/pl\/wp-json\/wp\/v2\/users\/2"}],"replies":[{"embeddable":true,"href":"https:\/\/www.europesays.com\/pl\/wp-json\/wp\/v2\/comments?post=500343"}],"version-history":[{"count":0,"href":"https:\/\/www.europesays.com\/pl\/wp-json\/wp\/v2\/posts\/500343\/revisions"}],"wp:featuredmedia":[{"embeddable":true,"href":"https:\/\/www.europesays.com\/pl\/wp-json\/wp\/v2\/media\/500344"}],"wp:attachment":[{"href":"https:\/\/www.europesays.com\/pl\/wp-json\/wp\/v2\/media?parent=500343"}],"wp:term":[{"taxonomy":"category","embeddable":true,"href":"https:\/\/www.europesays.com\/pl\/wp-json\/wp\/v2\/categories?post=500343"},{"taxonomy":"post_tag","embeddable":true,"href":"https:\/\/www.europesays.com\/pl\/wp-json\/wp\/v2\/tags?post=500343"}],"curies":[{"name":"wp","href":"https:\/\/api.w.org\/{rel}","templated":true}]}}