{"id":500432,"date":"2026-06-17T21:08:08","date_gmt":"2026-06-17T21:08:08","guid":{"rendered":"https:\/\/www.europesays.com\/pl\/500432\/"},"modified":"2026-06-17T21:08:08","modified_gmt":"2026-06-17T21:08:08","slug":"nato-przed-kluczowym-szczytem-europejscy-sojusznicy-zastepuja-usa","status":"publish","type":"post","link":"https:\/\/www.europesays.com\/pl\/500432\/","title":{"rendered":"NATO przed kluczowym szczytem. Europejscy sojusznicy zast\u0119puj\u0105 USA"},"content":{"rendered":"<p>\u2014 Europejscy sojusznicy NATO ju\u017c zobowi\u0105zali si\u0119 zast\u0105pi\u0107 wi\u0119kszo\u015b\u0107 sprz\u0119tu bojowego, kt\u00f3ry USA wycofuj\u0105 z puli przydzielonej sojuszowi \u2014 poinformowa\u0142 dzi\u015b sekretarz generalny NATO Mark Rutte.<\/p>\n<p>Waszyngton poinformowa\u0142 sojusznik\u00f3w z NATO pod koniec ub. miesi\u0105ca, \u017ce zamierza wycofa\u0107 szeroki zakres mo\u017cliwo\u015bci wojskowych, w tym bombowce strategiczne, my\u015bliwce, drony, okr\u0119ty podwodne i okr\u0119ty wojenne, z zasob\u00f3w, z kt\u00f3rych sojusz mo\u017ce korzysta\u0107 w czasie wojny.<\/p>\n<p>\u2014 Naszym zadaniem jest upewni\u0107 si\u0119, \u017ce to, co do tej pory dostarcza\u0142y Stany Zjednoczone, zostanie uzupe\u0142nione \u2014 powiedzia\u0142 dziennikarzom w Brukseli. \u2014 Wi\u0119kszo\u015b\u0107 z tego ju\u017c zrobiono lub jest na uko\u0144czeniu, a cz\u0119\u015b\u0107 wymaga jeszcze dalszych rozm\u00f3w i dyskusji.<\/p>\n<p>\u2014 Stany Zjednoczone m\u00f3wi\u0105: &#8222;dostosowali\u015bmy nasz wk\u0142ad do modelu si\u0142 NATO&#8221;, co oznacza, \u017ce inni sojusznicy musz\u0105 przej\u0105\u0107 cz\u0119\u015b\u0107 odpowiedzialno\u015bci \u2014 powiedzia\u0142 Rutte i doda\u0142: \u2014 Widzimy, \u017ce europejscy sojusznicy i Kanada s\u0105 gotowi, ch\u0119tni i zdolni zrobi\u0107 wi\u0119cej.<\/p>\n<p>Wed\u0142ug dyplomat\u00f3w NATO Stany Zjednoczone poinformowa\u0142y sojusznik\u00f3w w zesz\u0142ym miesi\u0105cu, \u017ce ich decyzja b\u0119dzie mia\u0142a natychmiastowy skutek. W praktyce oznacza to, \u017ce te zdolno\u015bci nie b\u0119d\u0105 ju\u017c uwzgl\u0119dniane w planach wojennych NATO, cho\u0107 Waszyngton wci\u0105\u017c mo\u017ce je rozmie\u015bci\u0107 na wypadek konfliktu.<\/p>\n<p>W odpowiedzi europejscy sojusznicy intensyfikuj\u0105 dzia\u0142ania, by zape\u0142ni\u0107 luk\u0119 i zast\u0105pi\u0107 wycofywane \u015brodki. Jak m\u00f3wi\u0105 dyplomaci, w niekt\u00f3rych przypadkach b\u0119d\u0105 to bezpo\u015brednie zamienniki na podstawie deklaracji sojusznik\u00f3w, w innych konieczne b\u0119dzie kreatywne podej\u015bcie \u2014 na przyk\u0142ad zast\u0105pienie tradycyjnych si\u0142 powietrznych dronami. W przypadku bombowc\u00f3w strategicznych sprawa b\u0119dzie trudniejsza, bo Europa nie dysponuje odpowiednim zamiennikiem.<\/p>\n<p>\u2014 Sojusznicy przedstawi\u0105 nowe propozycje na pocz\u0105tku lipca, kt\u00f3re zostan\u0105 natychmiast wdro\u017cone \u2014 twierdzi jeden z dyplomat\u00f3w, maj\u0105c na my\u015bli szczyt NATO w Ankarze 7\u20138 lipca. \u2014 Je\u015bli padn\u0105 odpowiednie propozycje, nie powstanie \u017cadna luka.<\/p>\n<p>\u2014 Europejscy sojusznicy ju\u017c zacz\u0119li dostarcza\u0107 nowe zdolno\u015bci \u2014 m\u00f3wi trzeci dyplomata NATO i doda\u0142: \u2014 Plany tworzymy wsp\u00f3lnie ze wszystkimi zainteresowanymi sojusznikami i partnerami, dzi\u0119ki czemu zachowujemy elastyczno\u015b\u0107 pod wzgl\u0119dem mo\u017cliwo\u015bci i termin\u00f3w.<\/p>\n","protected":false},"excerpt":{"rendered":"\u2014 Europejscy sojusznicy NATO ju\u017c zobowi\u0105zali si\u0119 zast\u0105pi\u0107 wi\u0119kszo\u015b\u0107 sprz\u0119tu bojowego, kt\u00f3ry USA wycofuj\u0105 z puli przydzielonej sojuszowi&hellip;\n","protected":false},"author":2,"featured_media":500433,"comment_status":"","ping_status":"","sticky":false,"template":"","format":"standard","meta":{"footnotes":"","_share_on_mastodon":"0"},"categories":[14],"tags":[61195,32,33,27,34,35,13445,28,31,48,160,25,46,55,40,1314,41,47,80,29,30,26,82,83,84],"class_list":["post-500432","post","type-post","status-publish","format-standard","has-post-thumbnail","category-swiat","tag-bottomfeed_styl","tag-breaking-news","tag-breakingnews","tag-headlines","tag-latest-news","tag-latestnews","tag-mark_rutte","tag-naglowki","tag-najwazniejsze-artykuly","tag-nat_styl","tag-nato","tag-news","tag-omp","tag-phx","tag-polish","tag-politico","tag-polski","tag-screening_general","tag-swiat","tag-top-stories","tag-topstories","tag-wiadomosci","tag-world","tag-world-news","tag-worldnews"],"share_on_mastodon":{"url":"https:\/\/pubeurope.com\/@pl\/116767496897317882","error":""},"_links":{"self":[{"href":"https:\/\/www.europesays.com\/pl\/wp-json\/wp\/v2\/posts\/500432","targetHints":{"allow":["GET"]}}],"collection":[{"href":"https:\/\/www.europesays.com\/pl\/wp-json\/wp\/v2\/posts"}],"about":[{"href":"https:\/\/www.europesays.com\/pl\/wp-json\/wp\/v2\/types\/post"}],"author":[{"embeddable":true,"href":"https:\/\/www.europesays.com\/pl\/wp-json\/wp\/v2\/users\/2"}],"replies":[{"embeddable":true,"href":"https:\/\/www.europesays.com\/pl\/wp-json\/wp\/v2\/comments?post=500432"}],"version-history":[{"count":0,"href":"https:\/\/www.europesays.com\/pl\/wp-json\/wp\/v2\/posts\/500432\/revisions"}],"wp:featuredmedia":[{"embeddable":true,"href":"https:\/\/www.europesays.com\/pl\/wp-json\/wp\/v2\/media\/500433"}],"wp:attachment":[{"href":"https:\/\/www.europesays.com\/pl\/wp-json\/wp\/v2\/media?parent=500432"}],"wp:term":[{"taxonomy":"category","embeddable":true,"href":"https:\/\/www.europesays.com\/pl\/wp-json\/wp\/v2\/categories?post=500432"},{"taxonomy":"post_tag","embeddable":true,"href":"https:\/\/www.europesays.com\/pl\/wp-json\/wp\/v2\/tags?post=500432"}],"curies":[{"name":"wp","href":"https:\/\/api.w.org\/{rel}","templated":true}]}}