{"id":5005,"date":"2025-09-19T17:14:08","date_gmt":"2025-09-19T17:14:08","guid":{"rendered":"https:\/\/www.europesays.com\/pl\/5005\/"},"modified":"2025-09-19T17:14:08","modified_gmt":"2025-09-19T17:14:08","slug":"gerard-z-rumi-podbija-internet-teatr-muzyczny-odpowiada-na-zaczepke-netflixa","status":"publish","type":"post","link":"https:\/\/www.europesays.com\/pl\/5005\/","title":{"rendered":"Gerard z Rumi podbija internet.Teatr Muzyczny odpowiada na zaczepk\u0119 Netflixa"},"content":{"rendered":"<p>            <a href=\"https:\/\/s-trojmiasto.pl\/zdj\/c\/n\/9\/4132\/1495x0\/4132712-Bialowlosy-Gerard-z-Rumi-w-nowym-sezonie-1670-Widzowie-od-razu-zauwazyli-podobienstwo__c_145_0_1495_921.webp\" target=\"_blank\" data-slide-name=\"788160\" data-lightbox-target=\"photo full\" data-sub-html=\"&lt;h4&gt;Bia\u0142ow\u0142osy Gerard z Rumi w nowym sezonie &quot;1670&quot;. Widzowie od razu zauwa\u017cyli podobie\u0144stwo.&lt;\/h4&gt;&lt;p&gt;fot. netflix.pl\/skrin&lt;\/p&gt;&#010;\" class=\"photoMarker__link\" data-filter-brightness=\"brightness--100\" rel=\"nofollow noopener\"><\/p>\n<p>    <img decoding=\"async\" style=\"height:462px; aspect-ratio: 1.62324\/1; filter:brightness(1);\" alt=\"Bia\u0142ow\u0142osy Gerard z Rumi w nowym sezonie &quot;1670&quot;. Widzowie od razu zauwa\u017cyli podobie\u0144stwo.\" src=\"https:\/\/www.europesays.com\/pl\/wp-content\/uploads\/2025\/09\/4132712-Bialowlosy-Gerard-z-Rumi-w-nowym-sezonie-1670-Widzowie-od-razu__c_145_0_1495_921.webp.webp\" class=\"photoMarker__img \" data-slider=\"img\" fetchpriority=\"high\"\/><\/p>\n<p>            <\/a><\/p>\n<p class=\"lead\">My\u015bleli\u015bcie, \u017ce w\u00a0&#8222;1670&#8221; widzieli\u015bcie ju\u017c wszystkie zabawne postacie? Serial powr\u00f3ci\u0142 17 wrze\u015bnia z\u00a0drugim, d\u0142ugo wyczekiwanym sezonem i\u00a0od razu przyni\u00f3s\u0142 zabawn\u0105 niespodziank\u0119. W\u00a0Adamczysze obok znanych bohater\u00f3w pojawia si\u0119 bia\u0142ow\u0142osy Gerard z\u00a0Rumi &#8211; posta\u0107, kt\u00f3r\u0105 trudno odczytywa\u0107 inaczej ni\u017c parodi\u0119 Wied\u017amina. Widzowie szybko zacz\u0119li dopatrywa\u0107 si\u0119 w\u00a0niej kolejnych znacze\u0144: nie tylko \u017cartu z\u00a0Geralta z\u00a0Rivii, ale te\u017c mo\u017cliwego nawi\u0105zania do rumskiego aktora i\u00a0jego roli <a href=\"https:\/\/www.trojmiasto.pl\/kultura\/Wiedzmin-s2659.html\" data-tklik=\"939037\" rel=\"nofollow noopener\" target=\"_blank\">Wied\u017amina<\/a> w\u00a0<a href=\"https:\/\/www.trojmiasto.pl\/Teatr-muzyczny\" data-tklik=\"575877\" rel=\"nofollow noopener\" target=\"_blank\">Teatrze Muzycznym w Gdyni<\/a>. Przypadek czy nie &#8211; lokalny smaczek zdecydowanie jest.<\/p>\n<p><a href=\"https:\/\/www.trojmiasto.pl\/ankiety\/Czy-podoba-ci-sie-serial-1670-ank80229.html\" rel=\"nofollow noopener\" target=\"_blank\">Czy podoba ci si\u0119 serial &#8222;1670\u201d?<\/a><\/p>\n<p>                                tak, to jedna z najlepszych polskich komedii ostatnich lat<br \/>\n                                52%<\/p>\n<p>                                jest okej, ale bez sza\u0142u<br \/>\n                                17%<\/p>\n<p>                                nie, nie trafia do mnie<br \/>\n                                12%<\/p>\n<p>                                jeszcze nie ogl\u0105da\u0142e(a)m<br \/>\n                                19%<\/p>\n<p>&#8222;Adamczycha szcz\u0119\u015bliwa bez Andrzeja&#8221; &#8211; powr\u00f3ci\u0142 hit Netflixa<\/p>\n<p>Premiera drugiego sezonu popularnej polskiej komedii &#8222;1670&#8221; odby\u0142a si\u0119 w\u00a0\u015brod\u0119, 17 wrze\u015bnia, na platformie Netflix i\u00a0ponownie zdoby\u0142a sympati\u0119 zar\u00f3wno widz\u00f3w, jak i\u00a0krytyk\u00f3w, wyr\u00f3\u017cniaj\u0105c si\u0119 na tle innych rodzimych produkcji swoj\u0105 form\u0105 i\u00a0bezpretensjonalnym humorem, kt\u00f3ry w\u00a0smaczny spos\u00f3b bawi. To polska komedia kostiumowa osadzona w\u00a0realiach XVII wieku, zrealizowana w\u00a0konwencji mockumentu. Fabu\u0142a skupia si\u0119 na losach Jana Paw\u0142a Adamczewskiego, w\u00a0kt\u00f3rego wciela si\u0119 Bart\u0142omiej Topa. <\/p>\n<p>Bohater jest szlachcicem i\u00a0w\u0142a\u015bcicielem &#8222;tej mniejszej po\u0142owy&#8221; wsi Adamczycha, a\u00a0jego najwi\u0119kszym marzeniem pozostaje zapisanie si\u0119 w\u00a0historii jako najs\u0142ynniejszy Jan Pawe\u0142 w\u00a0dziejach Rzeczpospolitej &#8211; kraju, kt\u00f3ry uwa\u017ca za najpot\u0119\u017cniejsze pa\u0144stwo \u015bwiata. <\/p>\n<p>            <a href=\"https:\/\/s-trojmiasto.pl\/zdj\/c\/n\/9\/4132\/1640x0\/4132729-Netflix-ponownie-pozytywnie-zaskoczyl-fanow.webp\" target=\"_blank\" data-slide-name=\"788161\" data-lightbox-target=\"photo full\" data-sub-html=\"&lt;h4&gt;Netflix ponownie pozytywnie zaskoczy\u0142 fan\u00f3w. &lt;\/h4&gt;&lt;p&gt;fot. Netflix\/facebook&lt;\/p&gt;&#010;\" class=\"photoMarker__link\" data-filter-brightness=\"brightness--100\" rel=\"nofollow noopener\"><\/p>\n<p>    <img decoding=\"async\" style=\"height:422px; aspect-ratio: 1.77489\/1; filter:brightness(1);\" alt=\"Netflix ponownie pozytywnie zaskoczy\u0142 fan\u00f3w. \" src=\"https:\/\/www.europesays.com\/pl\/wp-content\/uploads\/2025\/09\/4132729-Netflix-ponownie-pozytywnie-zaskoczyl-fanow.webp.webp\" class=\"photoMarker__img lazy\" data-slider=\"img\"\/><\/p>\n<p>            <\/a><\/p>\n<p>Netflix ma sw\u00f3j w\u0142asny patent na budowanie smaczk\u00f3w. I\u00a0tym razem w\u00a0nowym sezonie serialu &#8222;1670&#8221; pojawi\u0142a si\u0119 epizodyczna posta\u0107, kt\u00f3ra wielu widzom wyda\u0142a si\u0119 zaskakuj\u0105co znajoma. Bia\u0142ow\u0142osy wojownik przypomina\u0142 Wied\u017amina i\u00a0to nie byle jakiego, a\u00a0tego, kt\u00f3ry od o\u015bmiu lat go\u015bci na scenie Teatru Muzycznego w\u00a0Gdyni.<br \/>Gerard z\u00a0Rumi<\/p>\n<p>Ju\u017c w\u00a0pierwszych odcinkach nowej serii widzowie mogli natkn\u0105\u0107 si\u0119 na spore zaskoczenie. Uwag\u0119 tych, kt\u00f3rzy obejrzeli ponad po\u0142ow\u0119 sezonu, przyku\u0142a bowiem wyj\u0105tkowo swojska posta\u0107, szybko zestawiana w\u00a0komentarzach z\u00a0dobrze znanym Geraltem z\u00a0Muzycznego.<\/p>\n<p>            <a href=\"https:\/\/s-trojmiasto.pl\/zdj\/c\/n\/9\/4132\/958x0\/4132646-Bialowlosy-Gerard-z-Rumi-w-nowym-sezonie-1670-Widzowie-od-razu-zauwazyli-podobienstwo.webp\" target=\"_blank\" data-slide-name=\"788155\" data-lightbox-target=\"photo full\" data-sub-html=\"&lt;h4&gt;Bia\u0142ow\u0142osy Gerard z Rumi w nowym sezonie &quot;1670&quot;. Widzowie od razu zauwa\u017cyli podobie\u0144stwo.&lt;\/h4&gt;&lt;p&gt;fot. netflix.pl\/skrin&lt;\/p&gt;&#010;\" class=\"photoMarker__link\" data-filter-brightness=\"brightness--100\" rel=\"nofollow noopener\"><\/p>\n<p>    <img decoding=\"async\" style=\"height:422px; aspect-ratio: 1.77407\/1; filter:brightness(1);\" alt=\"Bia\u0142ow\u0142osy Gerard z Rumi w nowym sezonie &quot;1670&quot;. Widzowie od razu zauwa\u017cyli podobie\u0144stwo.\" src=\"https:\/\/www.europesays.com\/pl\/wp-content\/uploads\/2025\/09\/4132646-Bialowlosy-Gerard-z-Rumi-w-nowym-sezonie-1670-Widzowie-od-razu.webp.webp\" class=\"photoMarker__img lazy\" data-slider=\"img\"\/><\/p>\n<p>            <\/a><\/p>\n<p>W pi\u0105tym odcinku nowej ods\u0142ony serialu widzowie spotykaj\u0105 si\u0119 z\u00a0Gerardem z\u00a0Rumi, kt\u00f3rego profesja, czyli zabijanie potwor\u00f3w, od razu przywodzi na my\u015bl Wied\u017amina. Trudno nie dostrzec, \u017ce mamy tu do czynienia z\u00a0parodi\u0105 Geralta z\u00a0Rivii, literackiego herosa stworzonego przez Andrzeja Sapkowskiego. W\u00a0to nie w\u0105tpi nikt. <\/p>\n<p>Cz\u0119\u015b\u0107 fan\u00f3w serialu z\u00a0okolicy zacz\u0119\u0142a jednak dopatrywa\u0107 si\u0119 kolejnego, bardziej lokalnego odniesienia. Mianowicie do Krzysztofa Kowalskiego, aktora z\u00a0Rumi, kt\u00f3ry od lat odgrywa role <a href=\"https:\/\/www.trojmiasto.pl\/kultura\/Wiedzmin-s2659.html\" data-tklik=\"397694\" rel=\"nofollow noopener\" target=\"_blank\">Wied\u017amina<\/a> na scenie <a href=\"https:\/\/www.trojmiasto.pl\/Teatr-muzyczny\" data-tklik=\"208200\" rel=\"nofollow noopener\" target=\"_blank\">Teatru Muzycznego w Gdyni.<\/a><\/p>\n<p>Cho\u0107 wszystko wskazuje na to, \u017ce zbie\u017cno\u015b\u0107 jest przypadkowa, efekt okaza\u0142 si\u0119 wyj\u0105tkowo sugestywny: wielu widz\u00f3w uzna\u0142o, \u017ce podobie\u0144stwa zachodz\u0105 r\u00f3wnocze\u015bnie na kilku poziomach i\u00a0jest to regionalny, ciekawy smaczek.<\/p>\n<p><a href=\"https:\/\/www.trojmiasto.pl\/kultura\/Ina-Wolisz-kiedy-sie-smieje-Recenzja-spektaklu-o-Inie-Benicie-z-siostrami-Kurdej-w-Teatrze-Muzycznym-n207198.html\" data-tklik=\"951486\" class=\"marker-news component newsMarker\" rel=\"nofollow noopener\" target=\"_blank\"><br \/>\n            <img decoding=\"async\" src=\"https:\/\/www.europesays.com\/pl\/wp-content\/uploads\/2025\/09\/4110300__kr.webp.webp\" alt=\"\" ina.=\"\" wolisz=\"\" kiedy=\"\" si=\"\" siostry=\"\" kurdej=\"\" i=\"\" dwie=\"\" twarze=\"\" jednej=\"\" legendy=\"\" class=\"lazy newsMarker__img\"\/><br \/>\n        &#8222;Ina. Wolisz, kiedy si\u0119 \u015bmiej\u0119&#8221;: Siostry Kurdej i dwie twarze jednej legendy<br \/>\n<\/a><\/p>\n<p><\/p>\n<p><a href=\"https:\/\/www.trojmiasto.pl\/Teatr-muzyczny\" class=\"parse-link\" title=\"Gdynia - Teatr Muzyczny\" rel=\"nofollow noopener\" target=\"_blank\">Teatr Muzyczny<\/a> r\u00f3wnie\u017c widzi podobie\u0144stwo <\/p>\n<p>Na reakcj\u0119 nie trzeba by\u0142o d\u0142ugo czeka\u0107. Teatr Muzyczny natychmiast podchwyci\u0142 w\u0105tek i\u00a0rozwia\u0142 wszelkie w\u0105tpliwo\u015bci, z\u00a0poczuciem humoru przypomninaj\u0105c: &#8222;Geralt z\u00a0Rumi jest tylko jeden! I\u00a0to w\u00a0Muzycznym, od o\u015bmiu lat&#8221;. Publiczno\u015b\u0107 mog\u0142a przy tym przeczyta\u0107 dodatkowy, lokalny przytyk &#8211; \u017ce Rumia znajduje si\u0119 obok Gdyni, a\u00a0nie pod Gda\u0144skiem.<\/p>\n<p>&#8211; Halo Netflix. Dosz\u0142y nas s\u0142uchy, \u017ce w\u00a0nowym sezonie serialu &#8222;1670&#8221; pojawi\u0142a si\u0119 posta\u0107, kt\u00f3ra wyda\u0142a nam si\u0119 mocno znajoma. Pragniemy was jednak poinformowa\u0107, \u017ce Geralt z\u00a0Rumi jest tylko jeden! I\u00a0to w\u00a0Muzycznym, i\u00a0to od 8 lat. Cieszymy si\u0119 bardzo, \u017ce zainspirowali\u015bcie si\u0119 postaci\u0105 kreowan\u0105 przez Krzysztofa Kowalskiego&#8230; z\u00a0Rumi. PS Rumia jest obok Gdyni, a\u00a0nie pod Gda\u0144skiem. Pozdrawiamy Gdy\u0144ski Muzyczny &#8211; komentarz <a href=\"https:\/\/www.trojmiasto.pl\/Teatr-muzyczny\" data-tklik=\"157118\" rel=\"nofollow noopener\" target=\"_blank\">Teatru Muzycznego<\/a>. <br \/>Netflix &#8211; \u015bwiadomie lub nie &#8211; uruchomi\u0142 dodatkowy &#8222;kana\u0142&#8221; zainteresowania nowym sezonem produkcji i\u00a0to lokalnie. Geralt z\u00a0Rivii mo\u017ce jednak dalej walczy\u0107 z\u00a0potworami w\u00a0Muzycznym, a\u00a0Gerard z\u00a0Rumi w\u0142a\u015bnie wygra\u0142 batali\u0119 o\u00a0uwag\u0119 medi\u00f3w spo\u0142eczno\u015bciowych na Pomorzu.<\/p>\n","protected":false},"excerpt":{"rendered":"My\u015bleli\u015bcie, \u017ce w\u00a0&#8222;1670&#8221; widzieli\u015bcie ju\u017c wszystkie zabawne postacie? Serial powr\u00f3ci\u0142 17 wrze\u015bnia z\u00a0drugim, d\u0142ugo wyczekiwanym sezonem i\u00a0od razu&hellip;\n","protected":false},"author":2,"featured_media":5006,"comment_status":"","ping_status":"","sticky":false,"template":"","format":"standard","meta":{"footnotes":""},"categories":[22],"tags":[217,2409,2439,2434,2405,2408,2416,122,1048,1064,2422,2440,2401,2423,2404,2448,2426,399,2437,2420,1766,2407,2425,2421,2429,2449,2406,2427,1066,216,2431,2446,2432,269,42,2430,38,40,39,41,2414,2433,649,2418,863,2424,2445,2435,123,2403,2410,2417,2412,2413,131,2444,2419,127,2438,2402,26,2447,2441,2411,2436,2415,2428,2442,2443,174],"class_list":{"0":"post-5005","1":"post","2":"type-post","3":"status-publish","4":"format-standard","5":"has-post-thumbnail","7":"category-rozrywka","8":"tag-217","9":"tag-adamczycha","10":"tag-adamczysze","11":"tag-aktor","12":"tag-andrzej-sapkowski","13":"tag-bartlomiej-topa","14":"tag-bohater","15":"tag-entertainment","16":"tag-gdansk","17":"tag-gdynia","18":"tag-geralt","19":"tag-geralt-z-rivii","20":"tag-geralt-z-rumi","21":"tag-gerard","22":"tag-gerard-z-rumi","23":"tag-gole","24":"tag-gra-z-widzem","25":"tag-informacje","26":"tag-inspiracja","27":"tag-instytucja-kultury","28":"tag-internet","29":"tag-jan-pawel-adamczewski","30":"tag-kanal-zainteresowania","31":"tag-kanal-zainteresowania-spolecznego-mediow-spolecznosciowych-platforma-streamingowa-premiera-komedia-kostiumowa-mockument-wlasciciel-wsi-szlachcic-panstwo","32":"tag-komedia","33":"tag-koszykowka","34":"tag-krzysztof-kowalski","35":"tag-media-spolecznosciowe","36":"tag-miasto","37":"tag-netflix","38":"tag-odcinek","39":"tag-opinie-uzytkownikow","40":"tag-parodia","41":"tag-pilka-nozna","42":"tag-pl","43":"tag-platforma","44":"tag-poland","45":"tag-polish","46":"tag-polska","47":"tag-polski","48":"tag-postac","49":"tag-powiesc","50":"tag-premiera","51":"tag-produkcja-globalna","52":"tag-promocja","53":"tag-publicznosc","54":"tag-relacje","55":"tag-rola","56":"tag-rozrywka","57":"tag-rumia","58":"tag-rzeczpospolita","59":"tag-scena-teatralna","60":"tag-serial","61":"tag-sezon","62":"tag-siatkowka","63":"tag-smaczek","64":"tag-spektakl","65":"tag-sport","66":"tag-szlachcic","67":"tag-teatr-muzyczny","68":"tag-wiadomosci","69":"tag-wiadomosci-sportowe","70":"tag-widz","71":"tag-wiedzmin","72":"tag-wladza","73":"tag-wojownik","74":"tag-zabojca-potworow","75":"tag-zart","76":"tag-znaczenie","77":"tag-zuzel"},"share_on_mastodon":{"url":"","error":""},"_links":{"self":[{"href":"https:\/\/www.europesays.com\/pl\/wp-json\/wp\/v2\/posts\/5005","targetHints":{"allow":["GET"]}}],"collection":[{"href":"https:\/\/www.europesays.com\/pl\/wp-json\/wp\/v2\/posts"}],"about":[{"href":"https:\/\/www.europesays.com\/pl\/wp-json\/wp\/v2\/types\/post"}],"author":[{"embeddable":true,"href":"https:\/\/www.europesays.com\/pl\/wp-json\/wp\/v2\/users\/2"}],"replies":[{"embeddable":true,"href":"https:\/\/www.europesays.com\/pl\/wp-json\/wp\/v2\/comments?post=5005"}],"version-history":[{"count":0,"href":"https:\/\/www.europesays.com\/pl\/wp-json\/wp\/v2\/posts\/5005\/revisions"}],"wp:featuredmedia":[{"embeddable":true,"href":"https:\/\/www.europesays.com\/pl\/wp-json\/wp\/v2\/media\/5006"}],"wp:attachment":[{"href":"https:\/\/www.europesays.com\/pl\/wp-json\/wp\/v2\/media?parent=5005"}],"wp:term":[{"taxonomy":"category","embeddable":true,"href":"https:\/\/www.europesays.com\/pl\/wp-json\/wp\/v2\/categories?post=5005"},{"taxonomy":"post_tag","embeddable":true,"href":"https:\/\/www.europesays.com\/pl\/wp-json\/wp\/v2\/tags?post=5005"}],"curies":[{"name":"wp","href":"https:\/\/api.w.org\/{rel}","templated":true}]}}