{"id":500530,"date":"2026-06-17T22:16:26","date_gmt":"2026-06-17T22:16:26","guid":{"rendered":"https:\/\/www.europesays.com\/pl\/500530\/"},"modified":"2026-06-17T22:16:26","modified_gmt":"2026-06-17T22:16:26","slug":"lubelski-kurator-oswiaty-zatrzymany-przez-cba-chodzi-o-zamowienia-publiczne","status":"publish","type":"post","link":"https:\/\/www.europesays.com\/pl\/500530\/","title":{"rendered":"Lubelski Kurator O\u015bwiaty zatrzymany przez CBA. Chodzi o zam\u00f3wienia publiczne"},"content":{"rendered":"<p>Funkcjonariusze Delegatury Centralnego Biura Antykorupcyjnego w Lublinie zatrzymali lubelskiego kuratora o\u015bwiaty. Jak informuje Zesp\u00f3\u0142 Prasowy CBA, dzia\u0142ania przeprowadzono 16 czerwca 2026 roku na polecenie Ma\u0142opolskiego Wydzia\u0142u Zamiejscowego Departamentu do Spraw Przest\u0119pczo\u015bci Zorganizowanej i Korupcji Prokuratury Krajowej w Krakowie.<\/p>\n<p>Zatrzymanie ma zwi\u0105zek ze \u015bledztwem dotycz\u0105cym podejrzenia przekroczenia uprawnie\u0144 w celu osi\u0105gni\u0119cia korzy\u015bci maj\u0105tkowej oraz wywarcia bezprawnego wp\u0142ywu na przygotowanie i prowadzenie post\u0119powania o udzielenie zam\u00f3wienia publicznego przez urz\u0119dnik\u00f3w Urz\u0119du Miasta Lublin oraz Kuratorium O\u015bwiaty.<\/p>\n<p>Przeszukania w kilku lokalizacjach<\/p>\n<p>W ramach prowadzonych czynno\u015bci funkcjonariusze CBA przeszukali kilka miejsc, w tym siedzib\u0119 Kuratorium O\u015bwiaty w Lublinie oraz Lubelskiego Urz\u0119du Wojew\u00f3dzkiego w Lublinie.<\/p>\n<p>Jak przekaza\u0142 Zesp\u00f3\u0142 Prasowy CBA, zabezpieczono dokumentacj\u0119 dotycz\u0105c\u0105 okre\u015blonych zam\u00f3wie\u0144 publicznych realizowanych dla Kuratorium O\u015bwiaty oraz Lubelskiego Urz\u0119du Wojew\u00f3dzkiego. Funkcjonariusze zabezpieczyli r\u00f3wnie\u017c urz\u0105dzenia elektroniczne, korespondencj\u0119 oraz inne dokumenty mog\u0105ce mie\u0107 znaczenie dla prowadzonego post\u0119powania.<\/p>\n<p>Podejrzenia dotycz\u0105ce zam\u00f3wie\u0144 publicznych<\/p>\n<p>\u015aledztwo prowadzone przez Delegatur\u0119 CBA w Lublinie obejmuje podejrzenia przekroczenia uprawnie\u0144, wp\u0142ywania na rozstrzygni\u0119cia zam\u00f3wie\u0144 publicznych oraz przyj\u0119cia korzy\u015bci maj\u0105tkowej.<\/p>\n<p>Z materia\u0142u dowodowego wynika, \u017ce ustalone osoby mia\u0142y uzgadnia\u0107 tryb oraz warto\u015b\u0107 zam\u00f3wie\u0144, a tak\u017ce kierowa\u0107 zapytania ofertowe do wcze\u015bniej wybranych podmiot\u00f3w. Wed\u0142ug ustale\u0144 \u015bledczych mechanizm ten mia\u0142 gwarantowa\u0107 wyb\u00f3r konkretnego wykonawcy.<\/p>\n<p>Sprawa dotyczy r\u00f3wnie\u017c post\u0119powania zwi\u0105zanego z organizacj\u0105 uroczysto\u015bci z okazji 100-lecia Kuratorium O\u015bwiaty w Lublinie. Z ustale\u0144 wynika, \u017ce zatrzymany kurator mia\u0142 przekroczy\u0107 swoje uprawnienia w zakresie reprezentowania Kuratorium O\u015bwiaty w Lublinie poprzez zawarcie porozumienia z ustalonym wykonawc\u0105 z bran\u017cy eventowej. Jak wskazuje CBA, porozumienie to mia\u0142o s\u0142u\u017cy\u0107 wywarciu bezprawnego wp\u0142ywu na wynik post\u0119powania o udzielenie zam\u00f3wienia publicznego.<\/p>\n<p>Zarzuty i \u015brodki zapobiegawcze<\/p>\n<p>Po zatrzymaniu lubelski kurator o\u015bwiaty zosta\u0142 doprowadzony do siedziby Ma\u0142opolskiego Wydzia\u0142u Zamiejscowego Prokuratury Krajowej w Krakowie, gdzie us\u0142ysza\u0142 zarzuty.<\/p>\n<p>\u2014 W dniu 16 czerwca 2026 r., na polecenie Ma\u0142opolskiego Wydzia\u0142u Zamiejscowego Departamentu do Spraw Przest\u0119pczo\u015bci Zorganizowanej i Korupcji Prokuratury Krajowej w Krakowie, funkcjonariusze Delegatury CBA w Lublinie zatrzymali Kuratora O\u015bwiaty w Lublinie, kt\u00f3remu prokurator przedstawi\u0142 zarzut przekroczenia uprawnie\u0144 i wej\u015bcia w porozumienie z lokalnym przedsi\u0119biorc\u0105 w celu wywarcia wp\u0142ywu na wynik post\u0119powania o udzielenie zam\u00f3wienia publicznego na organizacj\u0119 uroczysto\u015bci z okazji 100-lecia Kuratorium O\u015bwiaty w Lublinie (art. 231 \u00a7 2 kk i art. 305 \u00a7 2 i 3 kk w zwi\u0105zku z art. 12 \u00a7 2 kk). Wobec podejrzanego zastosowano \u015brodki zapobiegawcze w postaci zawieszenia w czynno\u015bciach s\u0142u\u017cbowych, por\u0119czenia maj\u0105tkowego oraz dozoru policji. Podejrzanemu grozi kara do 20 lat pozbawienia wolno\u015bci \u2013 przekazuje prok. Katarzyna Cal\u00f3w-Jaszewska z Dzia\u0142u Prasowego Prokuratury Krajowej.<\/p>\n<p>\u015aledztwo ma charakter rozwojowy<\/p>\n<p>Jak informuje CBA, by\u0142a to druga realizacja procesowa w tym post\u0119powaniu przygotowawczym. \u015aledztwo ma charakter rozwojowy, a w sprawie planowane s\u0105 kolejne czynno\u015bci procesowe.<\/p>\n<p>\u2014 Podczas pierwszych czynno\u015bci w tej sprawie, w dniu 14 stycznia 2026 roku, funkcjonariusze CBA zatrzymali siedem os\u00f3b, w tym Zast\u0119pczyni\u0119 Prezydenta Miasta Lublin, dyrektora oraz kierownika jednego z wydzia\u0142\u00f3w Urz\u0119du Miasta Lublin, a tak\u017ce przedsi\u0119biorc\u00f3w z bran\u017cy eventowej. Dw\u00f3jk\u0119 urz\u0119dnik\u00f3w, w tym Zast\u0119pczyni\u0119 Prezydenta Lublina, zawieszono w czynno\u015bciach s\u0142u\u017cbowych \u2013 dodaje prok. Katarzyna Cal\u00f3w-Jaszewska.<\/p>\n<p>\u0179r\u00f3d\u0142o: CBA\\Prokuratura Krajowa<\/p>\n","protected":false},"excerpt":{"rendered":"Funkcjonariusze Delegatury Centralnego Biura Antykorupcyjnego w Lublinie zatrzymali lubelskiego kuratora o\u015bwiaty. Jak informuje Zesp\u00f3\u0142 Prasowy CBA, dzia\u0142ania przeprowadzono&hellip;\n","protected":false},"author":2,"featured_media":500531,"comment_status":"","ping_status":"","sticky":false,"template":"","format":"standard","meta":{"footnotes":"","_share_on_mastodon":"0"},"categories":[51612],"tags":[359,2882,97209,97210,1081,42,38,40,39,41,47600,97211,65463],"class_list":["post-500530","post","type-post","status-publish","format-standard","has-post-thumbnail","category-lublin","tag-cba","tag-korupcja","tag-kuratorium-oswiaty-w-lublinie","tag-lubelski-kurator-oswiaty","tag-lublin","tag-pl","tag-poland","tag-polish","tag-polska","tag-polski","tag-prokuratura-krajowa","tag-urzad-miasta-lublin","tag-zamowienia-publiczne"],"share_on_mastodon":{"url":"https:\/\/pubeurope.com\/@pl\/116767764366065283","error":""},"_links":{"self":[{"href":"https:\/\/www.europesays.com\/pl\/wp-json\/wp\/v2\/posts\/500530","targetHints":{"allow":["GET"]}}],"collection":[{"href":"https:\/\/www.europesays.com\/pl\/wp-json\/wp\/v2\/posts"}],"about":[{"href":"https:\/\/www.europesays.com\/pl\/wp-json\/wp\/v2\/types\/post"}],"author":[{"embeddable":true,"href":"https:\/\/www.europesays.com\/pl\/wp-json\/wp\/v2\/users\/2"}],"replies":[{"embeddable":true,"href":"https:\/\/www.europesays.com\/pl\/wp-json\/wp\/v2\/comments?post=500530"}],"version-history":[{"count":0,"href":"https:\/\/www.europesays.com\/pl\/wp-json\/wp\/v2\/posts\/500530\/revisions"}],"wp:featuredmedia":[{"embeddable":true,"href":"https:\/\/www.europesays.com\/pl\/wp-json\/wp\/v2\/media\/500531"}],"wp:attachment":[{"href":"https:\/\/www.europesays.com\/pl\/wp-json\/wp\/v2\/media?parent=500530"}],"wp:term":[{"taxonomy":"category","embeddable":true,"href":"https:\/\/www.europesays.com\/pl\/wp-json\/wp\/v2\/categories?post=500530"},{"taxonomy":"post_tag","embeddable":true,"href":"https:\/\/www.europesays.com\/pl\/wp-json\/wp\/v2\/tags?post=500530"}],"curies":[{"name":"wp","href":"https:\/\/api.w.org\/{rel}","templated":true}]}}