{"id":500698,"date":"2026-06-18T00:07:45","date_gmt":"2026-06-18T00:07:45","guid":{"rendered":"https:\/\/www.europesays.com\/pl\/500698\/"},"modified":"2026-06-18T00:07:45","modified_gmt":"2026-06-18T00:07:45","slug":"karol-nawrocki-zauwazony-na-urodzinach-donalda-trumpa-krotka-rozmowa","status":"publish","type":"post","link":"https:\/\/www.europesays.com\/pl\/500698\/","title":{"rendered":"Karol Nawrocki zauwa\u017cony na urodzinach Donalda Trumpa. Kr\u00f3tka rozmowa"},"content":{"rendered":"<p>\u2022 <a href=\"https:\/\/przegladsportowy.onet.pl\/?src=back_to_sg_bullet\" id=\"df73a83a-7583-42d2-b332-fa46eb04a1d7\" rel=\"nofollow noopener\" target=\"_blank\">Wi\u0119cej informacji znajdziesz w Przegl\u0105dzie Sportowym Onet<\/a><a href=\"https:\/\/przegladsportowy.onet.pl\/mma\/wiemy-gdzie-pojawi-sie-karol-nawrocki-specjalne-zaproszenie\/5xmr1f4\" id=\"bce1c02b-feee-454e-8191-874ae1eee226\" rel=\"nofollow noopener\" target=\"_blank\">Ju\u017c wcze\u015bniej by\u0142o wiadomo, \u017ce Karol Nawrocki znalaz\u0142 si\u0119 w\u015br\u00f3d os\u00f3b zaproszonych przez Donalda Trumpa na gal\u0119 UFC Freedom 250, kt\u00f3ra obywa si\u0119 na trawniku przed Bia\u0142ym Domem<\/a>. Polski prezydent mia\u0142 by\u0107 tak\u017ce go\u015bciem na urodzinach ameryka\u0144skiego przyw\u00f3dcy. A ca\u0142e wydarzenie mia\u0142o by\u0107 absoutnie wyj\u0105tkowe. Dalszy ci\u0105g artyku\u0142u pod materia\u0142em wideo <\/p>\n<p>\u2014 Co\u015b takiego ju\u017c si\u0119 nie powt\u00f3rzy. Nigdy wcze\u015bniej nie mia\u0142o miejsca. Za mn\u0105 stoj\u0105 najlepsi zawodnicy na \u015bwiecie \u2014 m\u00f3wi\u0142 jaki\u015b czas temu Trump, zapowiadaj\u0105c gal\u0119, kt\u00f3ra zosta\u0142a przygotowana z okazji 250-lecia USA. A to nie wszystko, bo wyj\u0105tkowo odbywa\u0142a si\u0119 w nocy z niedzieli na poniedzia\u0142ek polskiego czasu, w dniu 80. urodzin prezydenta kraju.<\/p>\n<p>     Karol Nawrocki zauwa\u017cony przed Bia\u0142ym Domem. Kr\u00f3tka rozmowa<\/p>\n<p>&#8222;Wizyta b\u0119dzie okazj\u0105 do rozm\u00f3w w zakresie bezpiecze\u0144stwa i relacji dwustronnych&#8221; \u2014 przekazywa\u0142 szef prezydenckiego Biura Polityki Mi\u0119dzynarodowej Marcin Przydacz. A my mogli\u015bmy zastanawia\u0107 si\u0119, czy ju\u017c podczas samego wydarzenia Karol Nawrocki odegra jak\u0105\u015b rol\u0119. I tak faktycznie by\u0142o.<\/p>\n<p>Dziennikarz New York Post Steven Nelson zauwa\u017cy\u0142, \u017ce w trakcie gali prezydent Polski wda\u0142 si\u0119 w kr\u00f3tk\u0105 rozmow\u0119 z Donaldem Trumpem. A wszystko w mediach spo\u0142eczno\u015bciowych og\u0142osi\u0142 Marek Wa\u0142kuski, korespondent Polskiego Radia w Bia\u0142ym Domu.<\/p>\n<p>&#8222;W trakcie gali UFC w Bia\u0142ym Domu dosz\u0142o do kr\u00f3tkiej rozmowy prezydenta Nawrockiego z Donaldem Trumpem&#8221; \u2014 przekaza\u0142.<\/p>\n<p>Na gali UFC Freedom 250 pojawi\u0142o si\u0119 wiele znanych postaci, takich jak cho\u0107by Zlatan Ibrahomovi\u0107, Tyson Fury, Mark Zuckerberg czy Maxx Crosby.<\/p>\n","protected":false},"excerpt":{"rendered":"\u2022 Wi\u0119cej informacji znajdziesz w Przegl\u0105dzie Sportowym OnetJu\u017c wcze\u015bniej by\u0142o wiadomo, \u017ce Karol Nawrocki znalaz\u0142 si\u0119 w\u015br\u00f3d os\u00f3b&hellip;\n","protected":false},"author":2,"featured_media":500699,"comment_status":"","ping_status":"","sticky":false,"template":"","format":"standard","meta":{"footnotes":"","_share_on_mastodon":"0"},"categories":[62712],"tags":[61195,44,690,43,1255,48,46,47,4848,130],"class_list":["post-500698","post","type-post","status-publish","format-standard","has-post-thumbnail","category-karol-nawrocki","tag-bottomfeed_styl","tag-donald_trump","tag-karol-nawrocki","tag-karol_nawrocki","tag-mma","tag-nat_styl","tag-omp","tag-screening_general","tag-ufc","tag-wiadomosci_sportowe"],"share_on_mastodon":{"url":"https:\/\/pubeurope.com\/@pl\/116768200636553532","error":""},"_links":{"self":[{"href":"https:\/\/www.europesays.com\/pl\/wp-json\/wp\/v2\/posts\/500698","targetHints":{"allow":["GET"]}}],"collection":[{"href":"https:\/\/www.europesays.com\/pl\/wp-json\/wp\/v2\/posts"}],"about":[{"href":"https:\/\/www.europesays.com\/pl\/wp-json\/wp\/v2\/types\/post"}],"author":[{"embeddable":true,"href":"https:\/\/www.europesays.com\/pl\/wp-json\/wp\/v2\/users\/2"}],"replies":[{"embeddable":true,"href":"https:\/\/www.europesays.com\/pl\/wp-json\/wp\/v2\/comments?post=500698"}],"version-history":[{"count":0,"href":"https:\/\/www.europesays.com\/pl\/wp-json\/wp\/v2\/posts\/500698\/revisions"}],"wp:featuredmedia":[{"embeddable":true,"href":"https:\/\/www.europesays.com\/pl\/wp-json\/wp\/v2\/media\/500699"}],"wp:attachment":[{"href":"https:\/\/www.europesays.com\/pl\/wp-json\/wp\/v2\/media?parent=500698"}],"wp:term":[{"taxonomy":"category","embeddable":true,"href":"https:\/\/www.europesays.com\/pl\/wp-json\/wp\/v2\/categories?post=500698"},{"taxonomy":"post_tag","embeddable":true,"href":"https:\/\/www.europesays.com\/pl\/wp-json\/wp\/v2\/tags?post=500698"}],"curies":[{"name":"wp","href":"https:\/\/api.w.org\/{rel}","templated":true}]}}