{"id":500916,"date":"2026-06-18T02:43:58","date_gmt":"2026-06-18T02:43:58","guid":{"rendered":"https:\/\/www.europesays.com\/pl\/500916\/"},"modified":"2026-06-18T02:43:58","modified_gmt":"2026-06-18T02:43:58","slug":"awaria-systemu-cepik-ograniczona-obsluga-mieszkancow-w-starostwie-powiatowym-w-lublinie","status":"publish","type":"post","link":"https:\/\/www.europesays.com\/pl\/500916\/","title":{"rendered":"Awaria systemu CEPiK. Ograniczona obs\u0142uga mieszka\u0144c\u00f3w w Starostwie Powiatowym w Lublinie"},"content":{"rendered":"<p>Starostwo Powiatowe w Lublinie poinformowa\u0142o o problemach technicznych, kt\u00f3re wp\u0142ywaj\u0105 na bie\u017c\u0105c\u0105 obs\u0142ug\u0119 klient\u00f3w Wydzia\u0142u Komunikacji, Transportu i Drogownictwa. Utrudnienia dotycz\u0105 przede wszystkim spraw zwi\u0105zanych z wydawaniem prawa jazdy oraz rejestracj\u0105 pojazd\u00f3w.<\/p>\n<p>Jak przekaza\u0142 Powiat Lubelski, przyczyn\u0105 ogranicze\u0144 jest awaria systemu CEPiK. To centralny system wykorzystywany m.in. przy obs\u0142udze dokument\u00f3w kierowc\u00f3w oraz pojazd\u00f3w, dlatego jego niedost\u0119pno\u015b\u0107 mo\u017ce powodowa\u0107 op\u00f3\u017anienia w realizacji cz\u0119\u015bci spraw urz\u0119dowych.<\/p>\n<p>Obs\u0142uga klient\u00f3w w ograniczonym zakresie<\/p>\n<p>W oficjalnym komunikacie poinformowano:<\/p>\n<p>\u2013 W zwi\u0105zku z awari\u0105 systemu CEPIK obs\u0142uga Klient\u00f3w Wydzia\u0142u Komunikacji, Transportu i Drogownictwa w zakresie wydawania prawa jazdy oraz rejestracji pojazd\u00f3w b\u0119dzie odbywa\u0107 si\u0119 w ograniczonym zakresie do odwo\u0142ania.<\/p>\n<p>Oznacza to, \u017ce osoby planuj\u0105ce wizyt\u0119 w urz\u0119dzie powinny przygotowa\u0107 si\u0119 na mo\u017cliwe utrudnienia, d\u0142u\u017cszy czas obs\u0142ugi lub brak mo\u017cliwo\u015bci za\u0142atwienia niekt\u00f3rych spraw w standardowym trybie. Ograniczenia maj\u0105 obowi\u0105zywa\u0107 do czasu usuni\u0119cia awarii.<\/p>\n<p>Urz\u0105d przeprasza za utrudnienia<\/p>\n<p>Starostwo Powiatowe w Lublinie przeprosi\u0142o mieszka\u0144c\u00f3w za niedogodno\u015bci. Na ten moment nie podano dok\u0142adnego terminu przywr\u00f3cenia pe\u0142nej obs\u0142ugi. Klienci urz\u0119du powinni \u015bledzi\u0107 bie\u017c\u0105ce komunikaty Powiatu Lubelskiego, szczeg\u00f3lnie je\u015bli planuj\u0105 za\u0142atwienie spraw zwi\u0105zanych z prawem jazdy lub rejestracj\u0105 pojazdu.<\/p>\n<p>\u0179r\u00f3d\u0142o: Starostwo Powiatowe w Lublinie<\/p>\n","protected":false},"excerpt":{"rendered":"Starostwo Powiatowe w Lublinie poinformowa\u0142o o problemach technicznych, kt\u00f3re wp\u0142ywaj\u0105 na bie\u017c\u0105c\u0105 obs\u0142ug\u0119 klient\u00f3w Wydzia\u0142u Komunikacji, Transportu i&hellip;\n","protected":false},"author":2,"featured_media":500917,"comment_status":"","ping_status":"","sticky":false,"template":"","format":"standard","meta":{"footnotes":"","_share_on_mastodon":"0"},"categories":[51612],"tags":[97292,1081,42,38,40,39,41,97293,13306,97294,97295,97296,97297,57183],"class_list":["post-500916","post","type-post","status-publish","format-standard","has-post-thumbnail","category-lublin","tag-awaria-cepik","tag-lublin","tag-pl","tag-poland","tag-polish","tag-polska","tag-polski","tag-powiat-lubelski","tag-prawo-jazdy","tag-rejestracja-pojazdow","tag-starostwo-powiatowe-w-lublinie","tag-system-cepik","tag-utrudnienia-w-urzedzie","tag-wydzial-komunikacji"],"share_on_mastodon":{"url":"https:\/\/pubeurope.com\/@pl\/116768818158545563","error":""},"_links":{"self":[{"href":"https:\/\/www.europesays.com\/pl\/wp-json\/wp\/v2\/posts\/500916","targetHints":{"allow":["GET"]}}],"collection":[{"href":"https:\/\/www.europesays.com\/pl\/wp-json\/wp\/v2\/posts"}],"about":[{"href":"https:\/\/www.europesays.com\/pl\/wp-json\/wp\/v2\/types\/post"}],"author":[{"embeddable":true,"href":"https:\/\/www.europesays.com\/pl\/wp-json\/wp\/v2\/users\/2"}],"replies":[{"embeddable":true,"href":"https:\/\/www.europesays.com\/pl\/wp-json\/wp\/v2\/comments?post=500916"}],"version-history":[{"count":0,"href":"https:\/\/www.europesays.com\/pl\/wp-json\/wp\/v2\/posts\/500916\/revisions"}],"wp:featuredmedia":[{"embeddable":true,"href":"https:\/\/www.europesays.com\/pl\/wp-json\/wp\/v2\/media\/500917"}],"wp:attachment":[{"href":"https:\/\/www.europesays.com\/pl\/wp-json\/wp\/v2\/media?parent=500916"}],"wp:term":[{"taxonomy":"category","embeddable":true,"href":"https:\/\/www.europesays.com\/pl\/wp-json\/wp\/v2\/categories?post=500916"},{"taxonomy":"post_tag","embeddable":true,"href":"https:\/\/www.europesays.com\/pl\/wp-json\/wp\/v2\/tags?post=500916"}],"curies":[{"name":"wp","href":"https:\/\/api.w.org\/{rel}","templated":true}]}}