{"id":501194,"date":"2026-06-18T06:18:16","date_gmt":"2026-06-18T06:18:16","guid":{"rendered":"https:\/\/www.europesays.com\/pl\/501194\/"},"modified":"2026-06-18T06:18:16","modified_gmt":"2026-06-18T06:18:16","slug":"to-miala-byc-wielka-atrakcja-wroclawia-zamrozenie-milionow-zlotych","status":"publish","type":"post","link":"https:\/\/www.europesays.com\/pl\/501194\/","title":{"rendered":"To mia\u0142a by\u0107 wielka atrakcja Wroc\u0142awia. \u201eZamro\u017cenie milion\u00f3w z\u0142otych&#8221;"},"content":{"rendered":"<p>Dlaczego Wroc\u0142aw kupi\u0142 kolekcj\u0119 zdj\u0119\u0107 Marilyn Monroe za 6,5 mln z\u0142.<\/p>\n<p>Jakie by\u0142y plany na wykorzystanie zdj\u0119\u0107 Marilyn Monroe po ich zakupie.<\/p>\n<p>Jakie s\u0105 plany na przysz\u0142o\u015b\u0107 dotycz\u0105ce wystaw i promocji kolekcji.<\/p>\n<p>Min\u0119\u0142o 12 lat od zakupu przez Wroc\u0142awskie Przedsi\u0119biorstwo Hala Ludowa Sp. z.o.o. \u2013 sp\u00f3\u0142k\u0119 gminy<br \/>\n<a href=\"https:\/\/wiadomosci.radiozet.pl\/tag\/kategoria\/wroclaw\" target=\"_self\" rel=\"dofollow noopener\">Wroc\u0142aw<\/a> \u2013 ponad 3 tys. zdj\u0119\u0107 Marilyn Monroe z kolekcji Miltona H. Greene&#8217;a. W 2014 roku, za rz\u0105d\u00f3w Rafa\u0142a Dutkiewicza, miasto wyda\u0142o na to 6,5 mln z\u0142. Kwot\u0119 t\u0119 uznano za rekordow\u0105 jednorazow\u0105 transakcj\u0119 na polskim rynku sztuki. Temat wr\u00f3ci\u0142 w maju bie\u017c\u0105cego roku. W\u00f3wczas radny Rady Miejskiej Wroc\u0142awia Andrzej Kilijanek (PiS) skierowa\u0142 do miasta interpelacj\u0119 w sprawie \u201eanalizy zasadno\u015bci zakupu kolekcji fotografii Miltona H. Greene&#8217;a oraz weryfikacji efekt\u00f3w jej dotychczasowego wykorzystania&#8221;. Portal RadioZET.pl przes\u0142a\u0142 w tej sprawie pytania do sp\u00f3\u0142ki. Mamy odpowied\u017a rzecznika.<\/p>\n<p><a name=\"eztoc42017685_0_7\" id=\"eztoc42017685_0_7\"\/>Wroc\u0142aw wyda\u0142 miliony na zdj\u0119cia Marilyn Monroe<\/p>\n<p>To mia\u0142a by\u0107<br \/>\n<a href=\"https:\/\/wiadomosci.radiozet.pl\/tag\/kategoria\/atrakcje\" target=\"_self\" rel=\"dofollow noopener\">atrakcja<\/a>, kt\u00f3ra przyci\u0105gnie turyst\u00f3w do Wroc\u0142awia. Hala Stulecia, kt\u00f3ra nale\u017cy do miasta, mia\u0142a ambitne plany w zwi\u0105zku z fotografiami. \u201eGazeta Wyborcza&#8221; informowa\u0142a, \u017ce w centrum miasta mia\u0142o powsta\u0107 muzeum \u2013 najlepiej w rynku albo na pl. Solnym, wydzier\u017cawiaj\u0105c od gminy kamienic\u0119, kt\u00f3ra zosta\u0142aby zaadaptowana pod kolekcj\u0119. Ostatecznie koncepcja nie zosta\u0142a zrealizowana. Pojawi\u0142 si\u0119 r\u00f3wnie\u017c pomys\u0142, by zdj\u0119cia eksponowa\u0107 w Hali na poziomie -1, ale r\u00f3wnie\u017c nie doszed\u0142 do skutku. Lata mijaj\u0105, a temat kontrowersyjnego zakupu zdj\u0119\u0107 Marilyn Monroe za miliony z\u0142otych co jaki\u015b czas powraca.<\/p>\n<p>Tym razem okazj\u0105 do poruszenia tego tematu by\u0142y setne urodziny Marilyn Monroe. Wydarzenie to w \u015bwiecie kultury i sztuki skupi\u0142o ogromn\u0105 uwag\u0119. \u201eTak znacz\u0105cy jubileusz sk\u0142ania jednak do postawienia pytania, czy decyzja o zamro\u017ceniu milion\u00f3w z\u0142otych w tych zbiorach by\u0142a z perspektywy czasu rzeczywi\u015bcie uzasadniona i gospodarna&#8221; \u2013 wskazuje radny Andrzej Kilijanek w interpelacji. W dalszej cz\u0119\u015bci zwr\u00f3ci\u0142 uwag\u0119 na \u201e brak widocznych, szeroko zakrojonych dzia\u0142a\u0144 wystawienniczych czy promocyjnych w dniu 100-lecia urodzin aktorki&#8221;, kt\u00f3ry m\u00f3g\u0142 rodzi\u0107 obawy, \u017ce potencja\u0142 tej kolekcji nie zosta\u0142 nale\u017cycie wykorzystany.<\/p>\n<p>Ostatecznie \u017ce Hala Stulecia uczci\u0142a setne urodziny Marilyn Monroe dodatkowym pokazem Fontanny Multimedialnej, kt\u00f3ry odby\u0142 si\u0119 1 czerwca. Wydarzenie zapowiada\u0142o wystaw\u0119 fotografii Miltona H. Greene\u2019a przygotowan\u0105 we wsp\u00f3\u0142pracy z Krupa Art Foundation.<\/p>\n<p><a name=\"eztoc42017685_0_8\" id=\"eztoc42017685_0_8\"\/>\u201eSzykowali\u015bmy si\u0119 do obchod\u00f3w od ponad roku&#8221;<\/p>\n<p>\u2013\u00a0Od ponad roku szykowali\u015bmy si\u0119 do obchod\u00f3w 100. rocznicy urodzin Marilyn Monroe, najpierw szukaj\u0105c partnera do wystawy, a nast\u0119pnie prowadz\u0105c jej przygotowania \u2013 m\u00f3wi\u00a0w rozmowie z RadioZET.pl Tomasz Myszko-Wolski, rzecznik prasowy Hali Stulecia. Rocznica sta\u0142a si\u0119\u00a0okazj\u0105 do ponownego zaprezentowania tego zbioru szerokiej publiczno\u015bci. Z informacji przekazywanych przez rzecznika sp\u00f3\u0142ki wynika, \u017ce na 2026 rok zaplanowano dwa wydarzenia:<\/p>\n<p>Urodzinowy pokaz specjalny na Fontannie Multimedialnej \u2013 odby\u0142 si\u0119 w dzie\u0144 urodzin gwiazdy, czyli 1 czerwca.<\/p>\n<p>Wystaw\u0119 fotografii w Krupa Art Foundation \u2013 unikatowe zdj\u0119cia b\u0119d\u0105 szeroko dost\u0119pne dla mieszka\u0144c\u00f3w oraz turyst\u00f3w od 15 lipca do 25 pa\u017adziernika 2026 roku. Ekspozycja zostanie zorganizowana w profesjonalnych, dedykowanych sztuce wn\u0119trzach galeryjnych.<\/p>\n<p>\u2013\u00a0Planowana jest szeroka kampania promuj\u0105ca wystaw\u0119. Informacje b\u0119d\u0105 dost\u0119pne zar\u00f3wno w kana\u0142ach miejskich jak i na terenie kompleksu Hali Stulecia. Szczeg\u00f3\u0142owy harmonogram kampanii jest w trakcie opracowywania \u2013 dodaje rzecznik.\u00a0Do tej pory zdj\u0119cia by\u0142y udost\u0119pniane publiczno\u015bci w ramach sze\u015bciu du\u017cych wystaw tematycznych. Trzy z nich odby\u0142y si\u0119 na terenie kompleksu Hali Stulecia, dwie w Domku\u00a0Miedziorytnika, a jedna w Narodowym Forum Muzyki.<\/p>\n<p><a name=\"eztoc42017685_0_9\" id=\"eztoc42017685_0_9\"\/>\u201eRealizacja\u00a0tych za\u0142o\u017ce\u0144 uleg\u0142a weryfikacji&#8221;<\/p>\n<p>Tomasz Myszko-Wolski zapewni\u0142, \u017ce ka\u017cda\u00a0z tych ekspozycji generowa\u0142a ruch turystyczny i \u201ebudowa\u0142a mark\u0119 Wroc\u0142awia jako miasta otwartego na kultur\u0119&#8221;. Nie przytoczy\u0142 jednak konkretnych danych czy liczb, kt\u00f3re to potwierdzaj\u0105. \u2013\u00a0Cho\u0107 pierwotne, historyczne zapowiedzi zak\u0142ada\u0142y m.in. budow\u0119 osobnego Muzeum Popkultury w podziemiach Placu Solnego, realizacja tych za\u0142o\u017ce\u0144 uleg\u0142a weryfikacji. Do momentu powstania planowanego przez miasto Centrum Fotografii odbywa\u0107 si\u0119 b\u0119d\u0105 wystawy czasowe w r\u00f3\u017cnych wroc\u0142awskich instytucjach kultury \u2013 wyja\u015bni\u0142 rzecznik.<\/p>\n<p>Ze wzgl\u0119du na konieczno\u015b\u0107 bezwzgl\u0119dnego dbania o bezpiecze\u0144stwo oraz zachowanie restrykcyjnych standard\u00f3w muzealnych (sta\u0142a temperatura, okre\u015blona wilgotno\u015b\u0107 powietrza), wszystkie oryginalne fotografie s\u0105 na co dzie\u0144 bezpiecznie deponowane i zabezpieczane w Archiwum Pa\u0144stwowym we Wroc\u0142awiu.\u00a0Jaki jest ostateczny bilans finansowy tej inwestycji, ile zyska\u0142o na niej miasto? Na to pytanie nie uzyskali\u015bmy odpowiedzi.\u00a0<\/p>\n<p>Radny Andrzej Kilijanek w interpelacji poprosi\u0142 m.in. o przedstawienie\u00a0szczeg\u00f3\u0142owego zestawienia przychod\u00f3w (z bilet\u00f3w, licencji, wypo\u017cycze\u0144) oraz koszt\u00f3w (ubezpieczenie, magazynowanie, konserwacja) zwi\u0105zanych z t\u0105 kolekcj\u0105 od 2014 roku do maja 2026 roku. Na razie interpelacja oczekuje na odpowied\u017a.<\/p>\n<p>\u0179r\u00f3d\u0142o: Radio ZET\/Gazeta Wyborcza<\/p>\n<p>By\u0142e\u015b \u015bwiadkiem czego\u015b niespodziewanego? Masz temat, kt\u00f3rym powinni\u015bmy si\u0119 zaj\u0105\u0107?<\/p>\n<p>Zg\u0142o\u015b spraw\u0119 przez <a href=\"https:\/\/wiadomosci.radiozet.pl\/czerwony-telefon\" target=\"_blank\" title=\"Czerwony telefon Radia Zet\" rel=\"nofollow noopener\">Czerwony telefon Radia ZET<\/a><\/p>\n","protected":false},"excerpt":{"rendered":"Dlaczego Wroc\u0142aw kupi\u0142 kolekcj\u0119 zdj\u0119\u0107 Marilyn Monroe za 6,5 mln z\u0142. Jakie by\u0142y plany na wykorzystanie zdj\u0119\u0107 Marilyn&hellip;\n","protected":false},"author":2,"featured_media":501195,"comment_status":"","ping_status":"","sticky":false,"template":"","format":"standard","meta":{"footnotes":"","_share_on_mastodon":"0"},"categories":[51607],"tags":[17214,3511,504,42,38,40,39,41,8767,1853],"class_list":["post-501194","post","type-post","status-publish","format-standard","has-post-thumbnail","category-wroclaw","tag-dolnoslaskie","tag-inwestycje","tag-pieniadze","tag-pl","tag-poland","tag-polish","tag-polska","tag-polski","tag-sztuka","tag-wroclaw"],"share_on_mastodon":{"url":"https:\/\/pubeurope.com\/@pl\/116769659979270038","error":""},"_links":{"self":[{"href":"https:\/\/www.europesays.com\/pl\/wp-json\/wp\/v2\/posts\/501194","targetHints":{"allow":["GET"]}}],"collection":[{"href":"https:\/\/www.europesays.com\/pl\/wp-json\/wp\/v2\/posts"}],"about":[{"href":"https:\/\/www.europesays.com\/pl\/wp-json\/wp\/v2\/types\/post"}],"author":[{"embeddable":true,"href":"https:\/\/www.europesays.com\/pl\/wp-json\/wp\/v2\/users\/2"}],"replies":[{"embeddable":true,"href":"https:\/\/www.europesays.com\/pl\/wp-json\/wp\/v2\/comments?post=501194"}],"version-history":[{"count":0,"href":"https:\/\/www.europesays.com\/pl\/wp-json\/wp\/v2\/posts\/501194\/revisions"}],"wp:featuredmedia":[{"embeddable":true,"href":"https:\/\/www.europesays.com\/pl\/wp-json\/wp\/v2\/media\/501195"}],"wp:attachment":[{"href":"https:\/\/www.europesays.com\/pl\/wp-json\/wp\/v2\/media?parent=501194"}],"wp:term":[{"taxonomy":"category","embeddable":true,"href":"https:\/\/www.europesays.com\/pl\/wp-json\/wp\/v2\/categories?post=501194"},{"taxonomy":"post_tag","embeddable":true,"href":"https:\/\/www.europesays.com\/pl\/wp-json\/wp\/v2\/tags?post=501194"}],"curies":[{"name":"wp","href":"https:\/\/api.w.org\/{rel}","templated":true}]}}