{"id":501201,"date":"2026-06-18T06:22:21","date_gmt":"2026-06-18T06:22:21","guid":{"rendered":"https:\/\/www.europesays.com\/pl\/501201\/"},"modified":"2026-06-18T06:22:21","modified_gmt":"2026-06-18T06:22:21","slug":"gigantyczny-dworzec-pod-nowym-lotniskiem-cztery-konsorcja-w-grze-o-miliardowy-kontrakt-infrastruktura","status":"publish","type":"post","link":"https:\/\/www.europesays.com\/pl\/501201\/","title":{"rendered":"Gigantyczny dworzec pod nowym lotniskiem. Cztery konsorcja w grze o miliardowy kontrakt &#8211; Infrastruktura"},"content":{"rendered":"<p class=\"wp-block-paragraph\">Sp\u00f3\u0142ka Centralny Port Komunikacyjny zako\u0144czy\u0142a analiz\u0119 wniosk\u00f3w z\u0142o\u017conych w post\u0119powaniu na budow\u0119 dworca kolejowego i tunelu pod przysz\u0142ym lotniskiem Port Polska. Do kolejnego etapu dialogu konkurencyjnego dopuszczono wszystkie cztery konsorcja zainteresowane realizacj\u0105 jednej z najwa\u017cniejszych inwestycji infrastrukturalnych w kraju.<\/p>\n<p class=\"wp-block-paragraph\">O kontrakt ubiegaj\u0105 si\u0119 zespo\u0142y tworzone przez jedena\u015bcie firm budowlanych. W\u015br\u00f3d nich s\u0105 konsorcja z udzia\u0142em takich wykonawc\u00f3w jak Mirbud, Mostostal Warszawa, PORR, G\u00fclermak czy Strabag.<\/p>\n<p><img fetchpriority=\"high\" decoding=\"async\" width=\"2400\" height=\"1600\" src=\"https:\/\/www.europesays.com\/pl\/wp-content\/uploads\/2026\/06\/Railway_Concourse-2400x1600-1.png\" alt=\"\" class=\"wp-image-116361\"  \/><\/p>\n<p class=\"wp-block-paragraph\">Do zasadniczej cz\u0119\u015bci dialogu konkurencyjnego zakwalifikowano nast\u0119puj\u0105ce podmioty:<\/p>\n<p>MIRBUD S.A. (lider), KOBYLARNIA S.A., TORPOL S.A.;<\/p>\n<p>MOSTOSTAL Warszawa S.A. (lider), NDI S.A., NDI SOPOT S.A., INTERCOR sp. z o.o.;<\/p>\n<p>PORR S.A. (lider), G\u00fclermak S.A.;<\/p>\n<p>STRABAG sp. z o.o. (lider), TYM-BUD Zak\u0142ad Remontowo-Budowlany Waldemar Tymoszewski.<\/p>\n<p class=\"wp-block-paragraph\">Przetarg zosta\u0142 podzielony na dwie cz\u0119\u015bci. Pierwsza obejmuje budow\u0119 wschodniej i centralnej cz\u0119\u015bci tunelu wraz z podziemnym dworcem kolejowym oraz hubem transportowym. Druga dotyczy zachodniej cz\u0119\u015bci tunelu wraz z rozplotami torowymi. W obu cz\u0119\u015bciach przewidziano tak\u017ce opcjonalny zakres prac zwi\u0105zanych z uk\u0142adem torowym oraz projektowaniem, dostaw\u0105, uruchomieniem i serwisem urz\u0105dze\u0144 transportu bliskiego.<\/p>\n<p class=\"wp-block-paragraph\">Wszyscy uczestnicy post\u0119powania zg\u0142osili ch\u0119\u0107 realizacji obu cz\u0119\u015bci inwestycji.<\/p>\n<p>Dworzec wi\u0119kszy od Dworca Centralnego<\/p>\n<p class=\"wp-block-paragraph\">Planowany dworzec kolejowy b\u0119dzie jednym z najbardziej imponuj\u0105cych obiekt\u00f3w tego typu w Polsce. Hala peronowa zostanie zlokalizowana cz\u0119\u015bciowo pod ziemi\u0105, a kubatura ca\u0142ego obiektu przekroczy 1,6 mln m\u00b3. To niemal trzykrotnie wi\u0119cej ni\u017c kubatura warszawskiego Dworca Centralnego.<\/p>\n<p class=\"wp-block-paragraph\">Jeszcze wi\u0119ksz\u0105 skal\u0119 b\u0119dzie mia\u0142 tunel kolejowy prowadz\u0105cy pod lotniskiem. Jego pojemno\u015b\u0107 wyniesie oko\u0142o 3,5 mln m\u00b3, a d\u0142ugo\u015b\u0107 oko\u0142o 6 kilometr\u00f3w. Obiekt b\u0119dzie mia\u0142 zmienn\u0105 szeroko\u015b\u0107 \u2013 od oko\u0142o 50 do nawet 160 metr\u00f3w.<\/p>\n<p class=\"wp-block-paragraph\">Przez tunel przebiega\u0107 b\u0119d\u0105 linie kolejowe nr 5, 85 i 88, kt\u00f3re stan\u0105 si\u0119 cz\u0119\u015bci\u0105 nowego uk\u0142adu transportowego obs\u0142uguj\u0105cego lotnisko oraz sie\u0107 Kolei Du\u017cych Pr\u0119dko\u015bci.<\/p>\n<p>Kluczowy element nowego systemu transportowego<\/p>\n<p class=\"wp-block-paragraph\">Dworzec i tunel pod lotniskiem s\u0105 jednym z najwa\u017cniejszych element\u00f3w ca\u0142ego projektu Port Polska. To w\u0142a\u015bnie tutaj spotkaj\u0105 si\u0119 po\u0142\u0105czenia lotnicze, regionalne, dalekobie\u017cne oraz linie Kolei Du\u017cych Pr\u0119dko\u015bci.<\/p>\n<p class=\"wp-block-paragraph\">Zgodnie z aktualnym harmonogramem rozstrzygni\u0119cie przetargu i podpisanie umowy z wykonawc\u0105 planowane jest na pierwszy kwarta\u0142 2027 roku. Roboty budowlane powinny rozpocz\u0105\u0107 si\u0119 w trzecim lub czwartym kwartale 2027 roku.<\/p>\n<p class=\"wp-block-paragraph\">Oddanie do u\u017cytku stacji kolejowej i tunelu przewidziano na koniec 2032 roku. W tym samym czasie ma zosta\u0107 uruchomiony pierwszy odcinek linii Kolei Du\u017cych Pr\u0119dko\u015bci mi\u0119dzy Warszaw\u0105 a \u0141odzi\u0105.<\/p>\n<p class=\"wp-block-paragraph\">Kolejne odcinki kolejowego \u201eY\u201d, prowadz\u0105ce z \u0141odzi do Wroc\u0142awia oraz z Sieradza do Poznania, maj\u0105 zosta\u0107 uko\u0144czone do ko\u0144ca 2035 roku.<\/p>\n<p>Masz newsa? Interesujesz si\u0119 inwestycjami w Warszawie? Pisz do nas na adres: redakcja@nowawarszawa.pl \u015aled\u017a nas na bie\u017c\u0105co na\u00a0<a href=\"https:\/\/www.facebook.com\/warszawaodnowa\/\" rel=\"nofollow noopener\" target=\"_blank\">Facebooku<\/a>.<\/p>\n","protected":false},"excerpt":{"rendered":"Sp\u00f3\u0142ka Centralny Port Komunikacyjny zako\u0144czy\u0142a analiz\u0119 wniosk\u00f3w z\u0142o\u017conych w post\u0119powaniu na budow\u0119 dworca kolejowego i tunelu pod przysz\u0142ym&hellip;\n","protected":false},"author":2,"featured_media":501202,"comment_status":"","ping_status":"","sticky":false,"template":"","format":"standard","meta":{"footnotes":"","_share_on_mastodon":"0"},"categories":[51605],"tags":[6106,6052,61121,20843,42,38,40,39,41,39480,435,26],"class_list":["post-501201","post","type-post","status-publish","format-standard","has-post-thumbnail","category-warszawa","tag-centralny-port-komunikacyjny","tag-cpk","tag-dworzec-centralny","tag-mirbud","tag-pl","tag-poland","tag-polish","tag-polska","tag-polski","tag-port-polska","tag-warszawa","tag-wiadomosci"],"share_on_mastodon":{"url":"https:\/\/pubeurope.com\/@pl\/116769676227469576","error":""},"_links":{"self":[{"href":"https:\/\/www.europesays.com\/pl\/wp-json\/wp\/v2\/posts\/501201","targetHints":{"allow":["GET"]}}],"collection":[{"href":"https:\/\/www.europesays.com\/pl\/wp-json\/wp\/v2\/posts"}],"about":[{"href":"https:\/\/www.europesays.com\/pl\/wp-json\/wp\/v2\/types\/post"}],"author":[{"embeddable":true,"href":"https:\/\/www.europesays.com\/pl\/wp-json\/wp\/v2\/users\/2"}],"replies":[{"embeddable":true,"href":"https:\/\/www.europesays.com\/pl\/wp-json\/wp\/v2\/comments?post=501201"}],"version-history":[{"count":0,"href":"https:\/\/www.europesays.com\/pl\/wp-json\/wp\/v2\/posts\/501201\/revisions"}],"wp:featuredmedia":[{"embeddable":true,"href":"https:\/\/www.europesays.com\/pl\/wp-json\/wp\/v2\/media\/501202"}],"wp:attachment":[{"href":"https:\/\/www.europesays.com\/pl\/wp-json\/wp\/v2\/media?parent=501201"}],"wp:term":[{"taxonomy":"category","embeddable":true,"href":"https:\/\/www.europesays.com\/pl\/wp-json\/wp\/v2\/categories?post=501201"},{"taxonomy":"post_tag","embeddable":true,"href":"https:\/\/www.europesays.com\/pl\/wp-json\/wp\/v2\/tags?post=501201"}],"curies":[{"name":"wp","href":"https:\/\/api.w.org\/{rel}","templated":true}]}}