{"id":501379,"date":"2026-06-18T08:12:06","date_gmt":"2026-06-18T08:12:06","guid":{"rendered":"https:\/\/www.europesays.com\/pl\/501379\/"},"modified":"2026-06-18T08:12:06","modified_gmt":"2026-06-18T08:12:06","slug":"byle-twarze-tvp-w-newsmax-polska-ujawniono-kolejne-nazwiska","status":"publish","type":"post","link":"https:\/\/www.europesays.com\/pl\/501379\/","title":{"rendered":"By\u0142e twarze TVP w Newsmax Polska. Ujawniono kolejne nazwiska"},"content":{"rendered":"\n<p>&#13;<br \/>\nDo Polski wchodzi Newsmax, a\u00a0wi\u0119c jedna z\u00a0najbardziej rozpoznawalnych konserwatywnych marek medialnych w\u00a0Stanach Zjednoczonych, kojarzona z\u00a0bliskim dost\u0119pem do\u00a0republika\u0144skiego establishmentu i\u00a0\u015brodowiska Donalda Trumpa. Nie\u00a0jest to\u00a0jednak zwyk\u0142a franczyza medialna, ani kolejny kana\u0142 informacyjny pr\u00f3buj\u0105cy zagospodarowa\u0107 polsk\u0105 scen\u0119 polityczn\u0105. <a href=\"https:\/\/rozrywka.dorzeczy.pl\/film-i-telewizja\/892093\/newsmax-polska-amerykanski-lotniskowiec-medialny-wplywa-do-polski.html\" target=\"_blank\" rel=\"nofollow noopener\">Newsmax ma\u00a0by\u0107 prezentowany<\/a> jako realna ameryka\u0144ska obecno\u015b\u0107 medialna w\u00a0Polsce: z\u00a0ameryka\u0144skim know-how, estetyk\u0105, formatami i\u00a0bezpo\u015brednim po\u0142\u0105czeniem z\u00a0debat\u0105 polityczn\u0105 w\u00a0USA. &#13;\n<\/p>\n<p>&#13;<br \/>\nProjekt wystartowa\u0142 ju\u017c jako serwis internetowy, a\u00a0kolejnym etapem ma\u00a0by\u0107 uruchomienie kana\u0142u telewizyjnego. Wed\u0142ug doniesie\u0144 bran\u017cowych start telewizji planowany jest na\u00a0koniec czerwca. &#13;\n<\/p>\n<p>Kolejne twarze z\u00a0TVP w\u00a0Newsmax Polska<\/p>\n<p>&#13;<br \/>\nTymczasem Wirtualne Media donosz\u0105, \u017ce\u00a0do\u00a0redakcji kana\u0142u Newsmax Polska do\u0142\u0105czy\u0142y kolejne osoby z\u00a0wieloletnim do\u015bwiadczeniem w\u00a0TVP. &#13;\n<\/p>\n<p>&#13;<br \/>\nMowa m.in. o\u00a0Agnieszce Bielas, kt\u00f3ra obj\u0119\u0142a funkcj\u0119 mened\u017cerki ds. produkcji. Przez ponad 17 lat by\u0142a zwi\u0105zana z\u00a0TVP, gdzie pracowa\u0142a m.in. jako producentka w\u00a0Agencji Kreacji Publicystyki, Dokumentu i\u00a0Audycji Spo\u0142ecznych. Odpowiada\u0142a r\u00f3wnie\u017c za\u00a0produkcj\u0119 w\u00a0Telewizyjnej Agencji Informacyjnej, a\u00a0wcze\u015bniej by\u0142a tak\u017ce reporterk\u0105 TAI. &#13;\n<\/p>\n<p>&#13;<br \/>\nW zespole Newsmax Polska znalaz\u0142 si\u0119 r\u00f3wnie\u017c Maciej Chudkiewicz, zwi\u0105zany z\u00a0Telewizj\u0105 Polsk\u0105 w\u00a0latach 2018\u20132025. W\u00a0tym czasie prowadzi\u0142 programy emitowane przez oddzia\u0142y TVP w\u00a0\u0141odzi i\u00a0Warszawie, w\u00a0tym &#8222;\u0141\u00f3dzkie Wiadomo\u015bci Dnia&#8221; oraz\u00a0audycj\u0119 publicystyczn\u0105 &#8222;Tw\u00f3j wyb\u00f3r&#8221;. Wcze\u015bniej przez niemal dekad\u0119 pe\u0142ni\u0142 funkcj\u0119 zast\u0119pcy redaktora naczelnego &#8222;Tygodnika Solidarno\u015b\u0107&#8221;, a\u00a0od lat jest tak\u017ce wyk\u0142adowc\u0105 na\u00a0Uniwersytecie Kardyna\u0142a Stefana Wyszy\u0144skiego w\u00a0Warszawie. &#13;\n<\/p>\n<p>&#13;<br \/>\nZa produkcj\u0119 nowej stacji odpowiada tak\u017ce Beata Krasicka, kt\u00f3ra z\u00a0Telewizj\u0105 Polsk\u0105 zwi\u0105zana jest od\u00a01997 roku. By\u0142a wsp\u00f3\u0142tw\u00f3rczyni\u0105 Telewizji Bie\u0142sat, gdzie pe\u0142ni\u0142a funkcj\u0119 zast\u0119pczyni dyrektora ds. programowych. Dzia\u0142a r\u00f3wnie\u017c spo\u0142ecznie jako fundatorka i\u00a0cz\u0142onkini Rady Fundacji Strefa Solidarno\u015bci. &#13;\n<\/p>\n<p>&#13;<br \/>\nTo nie\u00a0jedyne nazwiska z\u00a0przesz\u0142o\u015bci\u0105 w\u00a0TVP, kt\u00f3re trafi\u0142y do\u00a0Newsmax Polska. Wcze\u015bniej informowano ju\u017c, \u017ce\u00a0w\u00a0redakcji pracuj\u0105 r\u00f3wnie\u017c: Szymon Alaba, by\u0142y reporter &#8222;Telewizyjnego Kuriera Warszawskiego&#8221;, Katarzyna Adamiak-Sroczy\u0144ska, kt\u00f3ra kierowa\u0142a programem &#8222;Pytanie na\u00a0\u015bniadanie&#8221; w\u00a0TVP2, a\u00a0tak\u017ce Stanis\u0142aw Jegli\u0144ski z\u00a0TVP World oraz\u00a0Patryk G\u0142a\u017cewski, wcze\u015bniej zwi\u0105zany z\u00a0TVP Info. &#13;\n<\/p>\n<p>&#13;<br \/>\nCzytaj te\u017c:<br \/><a href=\"https:\/\/rozrywka.dorzeczy.pl\/film-i-telewizja\/902653\/skandal-wokol-serialu-tvp-lepkowska-miazdzy-wojne-zastepcza.html\" rel=\"follow nofollow noopener\" data-schema=\"DORZECZY\" data-image=\"https:\/\/img.dorzeczy.pl\/_thumb\/64\/2d\/6706b6e004ba4045eba1a7b83ce2.jpeg\" target=\"_blank\">Skandal wok\u00f3\u0142 serialu TVP. Znana scenarzystka mia\u017cd\u017cy produkcj\u0119<\/a>Czytaj te\u017c:<br \/><a href=\"https:\/\/dorzeczy.pl\/kraj\/902632\/wojewodzki-oglasza-to-koniec-podcastu-wojewodzkikedzierski.html\" rel=\"follow nofollow noopener\" data-schema=\"DORZECZY\" data-image=\"https:\/\/img.dorzeczy.pl\/_thumb\/ee\/92\/71fe4d7d4064ea122e9158496706.jpeg\" target=\"_blank\">Koniec s\u0142ynnego duetu. &#8222;Poinformowa\u0142em Piotra&#8230;&#8221;<\/a>&#13;<\/p>\n","protected":false},"excerpt":{"rendered":"&#13; Do Polski wchodzi Newsmax, a\u00a0wi\u0119c jedna z\u00a0najbardziej rozpoznawalnych konserwatywnych marek medialnych w\u00a0Stanach Zjednoczonych, kojarzona z\u00a0bliskim dost\u0119pem do\u00a0republika\u0144skiego&hellip;\n","protected":false},"author":2,"featured_media":501380,"comment_status":"","ping_status":"","sticky":false,"template":"","format":"standard","meta":{"footnotes":"","_share_on_mastodon":"0"},"categories":[12],"tags":[98,49,287,1158,60089,42,38,40,39,41,51405,123,224,507,506],"class_list":["post-501379","post","type-post","status-publish","format-standard","has-post-thumbnail","category-polska","tag-dorzeczy","tag-kraj","tag-malgorzata-puzyr","tag-media","tag-newsmax-polska","tag-pl","tag-poland","tag-polish","tag-polska","tag-polski","tag-praca-w-mediach","tag-rozrywka","tag-telewizja","tag-telewizja-polska","tag-tvp"],"share_on_mastodon":{"url":"https:\/\/pubeurope.com\/@pl\/116770107987136973","error":""},"_links":{"self":[{"href":"https:\/\/www.europesays.com\/pl\/wp-json\/wp\/v2\/posts\/501379","targetHints":{"allow":["GET"]}}],"collection":[{"href":"https:\/\/www.europesays.com\/pl\/wp-json\/wp\/v2\/posts"}],"about":[{"href":"https:\/\/www.europesays.com\/pl\/wp-json\/wp\/v2\/types\/post"}],"author":[{"embeddable":true,"href":"https:\/\/www.europesays.com\/pl\/wp-json\/wp\/v2\/users\/2"}],"replies":[{"embeddable":true,"href":"https:\/\/www.europesays.com\/pl\/wp-json\/wp\/v2\/comments?post=501379"}],"version-history":[{"count":0,"href":"https:\/\/www.europesays.com\/pl\/wp-json\/wp\/v2\/posts\/501379\/revisions"}],"wp:featuredmedia":[{"embeddable":true,"href":"https:\/\/www.europesays.com\/pl\/wp-json\/wp\/v2\/media\/501380"}],"wp:attachment":[{"href":"https:\/\/www.europesays.com\/pl\/wp-json\/wp\/v2\/media?parent=501379"}],"wp:term":[{"taxonomy":"category","embeddable":true,"href":"https:\/\/www.europesays.com\/pl\/wp-json\/wp\/v2\/categories?post=501379"},{"taxonomy":"post_tag","embeddable":true,"href":"https:\/\/www.europesays.com\/pl\/wp-json\/wp\/v2\/tags?post=501379"}],"curies":[{"name":"wp","href":"https:\/\/api.w.org\/{rel}","templated":true}]}}