{"id":501590,"date":"2026-06-18T10:25:14","date_gmt":"2026-06-18T10:25:14","guid":{"rendered":"https:\/\/www.europesays.com\/pl\/501590\/"},"modified":"2026-06-18T10:25:14","modified_gmt":"2026-06-18T10:25:14","slug":"letnia-grand-prix-kat-kobiety","status":"publish","type":"post","link":"https:\/\/www.europesays.com\/pl\/501590\/","title":{"rendered":"Letnia Grand Prix kat. kobiety"},"content":{"rendered":"\n<p class=\"event-label hdr-label\">Patronat<\/p>\n<p><a data-fancybox=\"gallery\" href=\"https:\/\/www.bialystokonline.pl\/gfx\/gfx_imprezy\/202606\/150129\/150129-max.webp\" data-caption=\"Letnia Grand Prix kat. kobiety | Lato na Piachu 2026\" class=\"event-item-photo\" rel=\"nofollow noopener\" target=\"_blank\"><\/p>\n<p>                    <img decoding=\"async\" class=\"event-item-img\" src=\"https:\/\/www.europesays.com\/pl\/wp-content\/uploads\/2026\/06\/150129-mini1.jpg\" alt=\"Letnia Grand Prix kat. kobiety | Lato na Piachu 2026\" title=\"Letnia Grand Prix kat. kobiety | Lato na Piachu 2026\" width=\"300\" height=\"200\" loading=\"lazy\"\/><\/p>\n<p>            <\/a><\/p>\n<p>\n            21<br \/>\n            cze 2026\n        <\/p>\n<p>\n            Niedziela\n        <\/p>\n<p>\n            godz. 10:00\n        <\/p>\n<p>Pla\u017ca Dojlidy ponownie stanie si\u0119 stolic\u0105 podlaskiej siatk\u00f3wki pla\u017cowej! Przed nami kolejne emocje, \u015bwietna atmosfera, rywalizacja na najwy\u017cszym amatorskim poziomie i niezapomniane chwile na piasku.<\/p>\n<p>W planach:<br \/>&#13;<br \/>\n&#8211; profesjonalnie przygotowane boiska,<br \/>&#13;<br \/>\n&#8211; \u015bwietna sportowa atmosfera,<br \/>&#13;<br \/>\n&#8211; atrakcyjne nagrody,<br \/>&#13;<br \/>\n&#8211; konkursy dla uczestnik\u00f3w,<br \/>&#13;<br \/>\n&#8211; pla\u017cowy klimat bia\u0142ostockiej Florydy<\/p>\n<p>21 czerwca, 10:00<br \/>&#13;<br \/>\nPla\u017ca Dojlidy, Bia\u0142ystok<\/p>\n<p>PULA NAGR\u00d3D RZECZOWYCH \u2013 2000 PLN<br \/>&#13;<br \/>\nPUCHARY \u2013 4 NAJLEPSZE DRU\u017bYNY<br \/>&#13;<br \/>\nMVP \u2013 STATUETKA, NAGRODA RZECZOWA<br \/>&#13;<br \/>\nLICZBA DRU\u017bYN \u2013 16<br \/>&#13;<br \/>\nWPISOWE \u2013 100 PLN\/DRU\u017bYNA<br \/>&#13;<br \/>\nBIURO ZAWOD\u00d3W: OD GODZ. 09:15-09:45<br \/>&#13;<br \/>\nPOCZ\u0104TEK ZAWOD\u00d3W: GODZ. 10:00<\/p>\n<p>KOSZULKI \u2013 10 DRU\u017bYN KT\u00d3RE JAKO PIERWSZE OP\u0141AC\u0104 WPISOWE<br \/>&#13;\n<\/p>\n<p>Organizator<br \/>\n&#13;<br \/>\n&#13;<br \/>\n&#13;<br \/>\n<img loading=\"lazy\" decoding=\"async\" src=\"https:\/\/www.europesays.com\/pl\/wp-content\/uploads\/2026\/06\/1781778314_501_adlog.gif\" width=\"0\" height=\"0\" alt=\"\" style=\"width: 0px; height: 0px;\"\/><\/p>\n<p class=\"hdrline hdrline-mod l-space-sm-top\">Zobacz tak\u017ce<\/p>\n","protected":false},"excerpt":{"rendered":"Patronat 21 cze 2026 Niedziela godz. 10:00 Pla\u017ca Dojlidy ponownie stanie si\u0119 stolic\u0105 podlaskiej siatk\u00f3wki pla\u017cowej! Przed nami&hellip;\n","protected":false},"author":2,"featured_media":501591,"comment_status":"","ping_status":"","sticky":false,"template":"","format":"standard","meta":{"footnotes":"","_share_on_mastodon":"0"},"categories":[51614],"tags":[2151,51731,113,51730,3754,51738,51735,4041,1096,1089,399,17334,51736,2921,97414,3840,51734,8736,1232,120,7116,17265,19285,42,5083,38,40,39,41,6309,1756,8815,38950,123,800,4278,1323,51737,2879,253],"class_list":["post-501590","post","type-post","status-publish","format-standard","has-post-thumbnail","category-bialystok","tag-bialystok","tag-bialystokonline","tag-biznes","tag-bstok","tag-dom","tag-drobne","tag-firm","tag-firmy","tag-hotele","tag-imprezy","tag-informacje","tag-katalog","tag-kina","tag-koncert","tag-letnia-grand-prix-kat-kobiety-lato-na-piachu-2026-wydarzenia-sportowe-i-rekreacyjne-bialystok","tag-lokale","tag-miejski","tag-mieszkanie","tag-motoryzacja","tag-nauka","tag-ogloszenia","tag-on-line","tag-online","tag-pl","tag-podlasie","tag-poland","tag-polish","tag-polska","tag-polski","tag-portal","tag-praca","tag-repertuar","tag-rozklad","tag-rozrywka","tag-teatr","tag-turystyka","tag-uroda","tag-urzedy","tag-zakupy","tag-zdrowie"],"share_on_mastodon":{"url":"https:\/\/pubeurope.com\/@pl\/116770631821907312","error":""},"_links":{"self":[{"href":"https:\/\/www.europesays.com\/pl\/wp-json\/wp\/v2\/posts\/501590","targetHints":{"allow":["GET"]}}],"collection":[{"href":"https:\/\/www.europesays.com\/pl\/wp-json\/wp\/v2\/posts"}],"about":[{"href":"https:\/\/www.europesays.com\/pl\/wp-json\/wp\/v2\/types\/post"}],"author":[{"embeddable":true,"href":"https:\/\/www.europesays.com\/pl\/wp-json\/wp\/v2\/users\/2"}],"replies":[{"embeddable":true,"href":"https:\/\/www.europesays.com\/pl\/wp-json\/wp\/v2\/comments?post=501590"}],"version-history":[{"count":0,"href":"https:\/\/www.europesays.com\/pl\/wp-json\/wp\/v2\/posts\/501590\/revisions"}],"wp:featuredmedia":[{"embeddable":true,"href":"https:\/\/www.europesays.com\/pl\/wp-json\/wp\/v2\/media\/501591"}],"wp:attachment":[{"href":"https:\/\/www.europesays.com\/pl\/wp-json\/wp\/v2\/media?parent=501590"}],"wp:term":[{"taxonomy":"category","embeddable":true,"href":"https:\/\/www.europesays.com\/pl\/wp-json\/wp\/v2\/categories?post=501590"},{"taxonomy":"post_tag","embeddable":true,"href":"https:\/\/www.europesays.com\/pl\/wp-json\/wp\/v2\/tags?post=501590"}],"curies":[{"name":"wp","href":"https:\/\/api.w.org\/{rel}","templated":true}]}}