{"id":501706,"date":"2026-06-18T11:38:10","date_gmt":"2026-06-18T11:38:10","guid":{"rendered":"https:\/\/www.europesays.com\/pl\/501706\/"},"modified":"2026-06-18T11:38:10","modified_gmt":"2026-06-18T11:38:10","slug":"izrael-zrywa-kontakty-z-szefowa-dyplomacji-unii-europejskiej","status":"publish","type":"post","link":"https:\/\/www.europesays.com\/pl\/501706\/","title":{"rendered":"Izrael zrywa kontakty z szefow\u0105 dyplomacji Unii Europejskiej"},"content":{"rendered":"<p>O s\u0142owach szefowej unijnej dyplomacji 12 czerwca poinformowa\u0142 portal Euractiv. Jak poda\u0142, wypowied\u017a ta pad\u0142a na spotkaniach za drzwiami zamkni\u0119tymi z przedstawicielami rz\u0105du Meksyku. Kallas podr\u00f3\u017cowa\u0142a do Meksyku w dniach 20-22 maja w ramach delegacji wysokiego szczebla UE.<\/p>\n<p>Izrael oburzony na s\u0142owa Kai Kallas. &#8222;Zrywamy wszelkie kontakty&#8221;&#8221;Kaja Kallas, wysoka przedstawiciel UE ds. zagranicznych i polityki bezpiecze\u0144stwa, od pewnego czasu zachowuje si\u0119 w spos\u00f3b obsesyjny i ra\u017c\u0105co niesprawiedliwy wobec Izraela. Niedawno ujawniono, \u017ce podczas swojej wizyty w Meksyku por\u00f3wna\u0142a Izrael do <a href=\"https:\/\/www.onet.pl\/turystyka\/dalekowswiatpl\/powstanie-i-upadek-apartheidu-w-republice-poludniowej-afryki\/sdvxykh,30bc1058\" id=\"7f46d06e-71a6-48d1-a774-8ec8c7823588\" rel=\"nofollow noopener\" target=\"_blank\">rasistowskiego re\u017cimu apartheidu, kt\u00f3ry istnia\u0142 w Republice Po\u0142udniowej Afryki<\/a>. Jestem wdzi\u0119czny licznym europejskim politykom, kt\u00f3rzy pot\u0119pili t\u0119 powa\u017cn\u0105 wypowied\u017a.     <\/p>\n<p>Jednak do tej pory nie wyda\u0142a ona \u017cadnego o\u015bwiadczenia zaprzeczaj\u0105cego, wyja\u015bniaj\u0105cego ani odpowiadaj\u0105cego. Dlatego jako minister spraw zagranicznych Izraela nie mam innego wyboru, jak tylko zerwa\u0107 wszelkie kontakty z pani\u0105 Kallas, dop\u00f3ki nie wycofa ona oszczerstwa, kt\u00f3re skierowa\u0142a pod adresem jedynego na \u015bwiecie pa\u0144stwa \u017cydowskiego, b\u0119d\u0105cego jednocze\u015bnie jedyn\u0105 demokracj\u0105 na Bliskim Wschodzie. I w\u0142a\u015bnie to robi\u0119&#8221; \u2014 przekaza\u0142 Gideon Saar.<\/p>\n<p>Biuro Kallas nie skomentowa\u0142o o\u015bwiadczenia izraelskiego ministra.<\/p>\n<p>Jak przypomnia\u0142 Reuters, w maju UE na\u0142o\u017cy\u0142a sankcje na trzy osoby i cztery podmioty, kt\u00f3re, jak stwierdzi\u0142a, by\u0142y odpowiedzialne za &#8222;powa\u017cne i systematyczne naruszenia praw cz\u0142owieka wobec Palesty\u0144czyk\u00f3w na Zachodnim Brzegu&#8221;. Saar o\u015bwiadczy\u0142 w\u00f3wczas, \u017ce Izrael stanowczo odrzuca t\u0119 decyzj\u0119.<\/p>\n","protected":false},"excerpt":{"rendered":"O s\u0142owach szefowej unijnej dyplomacji 12 czerwca poinformowa\u0142 portal Euractiv. Jak poda\u0142, wypowied\u017a ta pad\u0142a na spotkaniach za&hellip;\n","protected":false},"author":2,"featured_media":501707,"comment_status":"","ping_status":"","sticky":false,"template":"","format":"standard","meta":{"footnotes":"","_share_on_mastodon":"0"},"categories":[14],"tags":[61195,32,33,9826,27,91,13194,34,35,28,31,48,25,46,40,41,3266,47,80,29,30,86,26,82,83,84],"class_list":["post-501706","post","type-post","status-publish","format-standard","has-post-thumbnail","category-swiat","tag-bottomfeed_styl","tag-breaking-news","tag-breakingnews","tag-gideon_saar","tag-headlines","tag-izrael","tag-kaja_kallas","tag-latest-news","tag-latestnews","tag-naglowki","tag-najwazniejsze-artykuly","tag-nat_styl","tag-news","tag-omp","tag-polish","tag-polski","tag-rpa","tag-screening_general","tag-swiat","tag-top-stories","tag-topstories","tag-unia_europejska","tag-wiadomosci","tag-world","tag-world-news","tag-worldnews"],"share_on_mastodon":{"url":"https:\/\/pubeurope.com\/@pl\/116770918110042923","error":""},"_links":{"self":[{"href":"https:\/\/www.europesays.com\/pl\/wp-json\/wp\/v2\/posts\/501706","targetHints":{"allow":["GET"]}}],"collection":[{"href":"https:\/\/www.europesays.com\/pl\/wp-json\/wp\/v2\/posts"}],"about":[{"href":"https:\/\/www.europesays.com\/pl\/wp-json\/wp\/v2\/types\/post"}],"author":[{"embeddable":true,"href":"https:\/\/www.europesays.com\/pl\/wp-json\/wp\/v2\/users\/2"}],"replies":[{"embeddable":true,"href":"https:\/\/www.europesays.com\/pl\/wp-json\/wp\/v2\/comments?post=501706"}],"version-history":[{"count":0,"href":"https:\/\/www.europesays.com\/pl\/wp-json\/wp\/v2\/posts\/501706\/revisions"}],"wp:featuredmedia":[{"embeddable":true,"href":"https:\/\/www.europesays.com\/pl\/wp-json\/wp\/v2\/media\/501707"}],"wp:attachment":[{"href":"https:\/\/www.europesays.com\/pl\/wp-json\/wp\/v2\/media?parent=501706"}],"wp:term":[{"taxonomy":"category","embeddable":true,"href":"https:\/\/www.europesays.com\/pl\/wp-json\/wp\/v2\/categories?post=501706"},{"taxonomy":"post_tag","embeddable":true,"href":"https:\/\/www.europesays.com\/pl\/wp-json\/wp\/v2\/tags?post=501706"}],"curies":[{"name":"wp","href":"https:\/\/api.w.org\/{rel}","templated":true}]}}