{"id":501761,"date":"2026-06-18T12:09:13","date_gmt":"2026-06-18T12:09:13","guid":{"rendered":"https:\/\/www.europesays.com\/pl\/501761\/"},"modified":"2026-06-18T12:09:13","modified_gmt":"2026-06-18T12:09:13","slug":"zatrzymany-po-zabojstwie-rosjanina-nowe-ustalenia-mediow","status":"publish","type":"post","link":"https:\/\/www.europesays.com\/pl\/501761\/","title":{"rendered":"Zatrzymany po zab\u00f3jstwie Rosjanina. Nowe ustalenia medi\u00f3w"},"content":{"rendered":"<p>W czwartek premier Donald Tusk poinformowa\u0142 <a href=\"https:\/\/wiadomosci.onet.pl\/kraj\/zabojstwo-rosjanina-w-bialej-podlaskiej-abw-zatrzymala-podejrzewanego\/2jcjzxe\" id=\"2e29aa6d-47d7-4795-a190-b5aa50010938\" rel=\"nofollow noopener\" target=\"_blank\">o zatrzymaniu osoby podejrzewanej o udzia\u0142 w zab\u00f3jstwie rosyjskiego artysty.<\/a> Jak ustali\u0142 dziennikarz \u015bledczy Radia Zet Mariusz Gierszewski, uj\u0119ty m\u0119\u017cczyzna to prawdopodobnie kierowca samochodu, kt\u00f3rym ucieka\u0142 rzeczywisty sprawca zbrodni. Wiadomo, \u017ce pos\u0142ugiwa\u0142 si\u0119 on gruzi\u0144skim paszportem.<\/p>\n<p>&#8222;S\u0142u\u017cby nie maj\u0105 dowod\u00f3w, \u017ce m\u00f3g\u0142 by\u0107 strzelcem. Wczoraj wieczorem namierzono dzi\u0119ki monitoringowi samoch\u00f3d, kt\u00f3ry uczestniczy\u0142 w zdarzeniu. Zatrzymany m\u0119\u017cczyzna mo\u017ce by\u0107 jego kierowc\u0105&#8221; \u2014 napisa\u0142 dziennikarz na platformie X.<\/p>\n<p>W \u015brod\u0119 wieczorem w ca\u0142ej Polsce trwa\u0142y intensywne poszukiwania porzuconych i spalonych pojazd\u00f3w, jednak nie przynios\u0142y one rezultatu. Prze\u0142om nast\u0105pi\u0142 dzi\u0119ki zabezpieczonym nagraniom z monitoringu, z kt\u00f3rych uda\u0142o si\u0119 wyodr\u0119bni\u0107 tablice rejestracyjne samochodu. To w\u0142a\u015bnie ten trop pozwoli\u0142 s\u0142u\u017cbom dotrze\u0107 do kierowcy.<\/p>\n<p>\u015awiadkowie, kt\u00f3rzy opisywali przebieg zab\u00f3jstwa w mediach, zwracali uwag\u0119 na samoch\u00f3d, z kt\u00f3rego wysiad\u0142 sprawca. Wed\u0142ug ich relacji pojazd porusza\u0142 si\u0119 powoli wzd\u0142u\u017c parku, czekaj\u0105c na powr\u00f3t osoby, kt\u00f3ra odda\u0142a strza\u0142y.<\/p>\n<p>Do zab\u00f3jstwa dosz\u0142o 15 czerwca 2026 r. w centrum Bia\u0142ej Podlaskiej. Nieznany sprawca z bliskiej odleg\u0142o\u015bci odda\u0142 kilka strza\u0142\u00f3w do 44\u2011letniego m\u0119\u017cczyzny, kt\u00f3ry zmar\u0142 na miejscu mimo reanimacji. Ofiar\u0105 by\u0142 Rosjanin, artysta i performer pos\u0142uguj\u0105cy si\u0119 pseudonimem Siemion Skrepetski (Robert Kuzowkow), znany z otwartej krytyki W\u0142adimira Putina i innych przedstawicieli rosyjskich w\u0142adz.<\/p>\n","protected":false},"excerpt":{"rendered":"W czwartek premier Donald Tusk poinformowa\u0142 o zatrzymaniu osoby podejrzewanej o udzia\u0142 w zab\u00f3jstwie rosyjskiego artysty. Jak ustali\u0142&hellip;\n","protected":false},"author":2,"featured_media":501762,"comment_status":"","ping_status":"","sticky":false,"template":"","format":"standard","meta":{"footnotes":"","_share_on_mastodon":"0"},"categories":[62713],"tags":[61195,1345,9667,49,48,46,414,47,411],"class_list":["post-501761","post","type-post","status-publish","format-standard","has-post-thumbnail","category-donald-tusk","tag-bottomfeed_styl","tag-donald-tusk","tag-gruzja","tag-kraj","tag-nat_styl","tag-omp","tag-policja","tag-screening_general","tag-zabojstwo"],"share_on_mastodon":{"url":"https:\/\/pubeurope.com\/@pl\/116771040137033739","error":""},"_links":{"self":[{"href":"https:\/\/www.europesays.com\/pl\/wp-json\/wp\/v2\/posts\/501761","targetHints":{"allow":["GET"]}}],"collection":[{"href":"https:\/\/www.europesays.com\/pl\/wp-json\/wp\/v2\/posts"}],"about":[{"href":"https:\/\/www.europesays.com\/pl\/wp-json\/wp\/v2\/types\/post"}],"author":[{"embeddable":true,"href":"https:\/\/www.europesays.com\/pl\/wp-json\/wp\/v2\/users\/2"}],"replies":[{"embeddable":true,"href":"https:\/\/www.europesays.com\/pl\/wp-json\/wp\/v2\/comments?post=501761"}],"version-history":[{"count":0,"href":"https:\/\/www.europesays.com\/pl\/wp-json\/wp\/v2\/posts\/501761\/revisions"}],"wp:featuredmedia":[{"embeddable":true,"href":"https:\/\/www.europesays.com\/pl\/wp-json\/wp\/v2\/media\/501762"}],"wp:attachment":[{"href":"https:\/\/www.europesays.com\/pl\/wp-json\/wp\/v2\/media?parent=501761"}],"wp:term":[{"taxonomy":"category","embeddable":true,"href":"https:\/\/www.europesays.com\/pl\/wp-json\/wp\/v2\/categories?post=501761"},{"taxonomy":"post_tag","embeddable":true,"href":"https:\/\/www.europesays.com\/pl\/wp-json\/wp\/v2\/tags?post=501761"}],"curies":[{"name":"wp","href":"https:\/\/api.w.org\/{rel}","templated":true}]}}