{"id":501894,"date":"2026-06-18T13:25:07","date_gmt":"2026-06-18T13:25:07","guid":{"rendered":"https:\/\/www.europesays.com\/pl\/501894\/"},"modified":"2026-06-18T13:25:07","modified_gmt":"2026-06-18T13:25:07","slug":"blanka-bakiewicz-dziekowala-andrzejowi-dudzie-kim-jest-corka-aktywisty","status":"publish","type":"post","link":"https:\/\/www.europesays.com\/pl\/501894\/","title":{"rendered":"Blanka B\u0105kiewicz dzi\u0119kowa\u0142a Andrzejowi Dudzie. Kim jest c\u00f3rka aktywisty?"},"content":{"rendered":"<p class=\"ods-o-quote__paragraph\">Tata nas wywozi\u0142, bo si\u0119 ba\u0142 o nasze bezpiecze\u0144stwo albo sytuacje takie, policja wy\u0142apa\u0142a w t\u0142umie no\u017cownika, kt\u00f3ry szed\u0142by zaatakowa\u0107 tat\u0119, to jest to tylko efekt tej lawiny hejtu, kt\u00f3r\u0105 tworz\u0105 media, bo ci ludzie, co pisz\u0105 w internecie, oni te\u017c tylko pisz\u0105, a p\u00f3\u017aniej liberalne stacje po prostu k\u0142ami\u0105 i przedstawiaj\u0105 mojego tat\u0119 jako bandziora, co jest zupe\u0142nie po prostu czym\u015b wyimaginowanym i wyssanym z palca<\/p>\n","protected":false},"excerpt":{"rendered":"Tata nas wywozi\u0142, bo si\u0119 ba\u0142 o nasze bezpiecze\u0144stwo albo sytuacje takie, policja wy\u0142apa\u0142a w t\u0142umie no\u017cownika, kt\u00f3ry&hellip;\n","protected":false},"author":2,"featured_media":501895,"comment_status":"","ping_status":"","sticky":false,"template":"","format":"standard","meta":{"footnotes":"","_share_on_mastodon":"0"},"categories":[22],"tags":[61195,122,48,125,46,42,38,40,39,41,514,123,47],"class_list":["post-501894","post","type-post","status-publish","format-standard","has-post-thumbnail","category-rozrywka","tag-bottomfeed_styl","tag-entertainment","tag-nat_styl","tag-newsy","tag-omp","tag-pl","tag-poland","tag-polish","tag-polska","tag-polski","tag-robert_bakiewicz","tag-rozrywka","tag-screening_general"],"share_on_mastodon":{"url":"","error":""},"_links":{"self":[{"href":"https:\/\/www.europesays.com\/pl\/wp-json\/wp\/v2\/posts\/501894","targetHints":{"allow":["GET"]}}],"collection":[{"href":"https:\/\/www.europesays.com\/pl\/wp-json\/wp\/v2\/posts"}],"about":[{"href":"https:\/\/www.europesays.com\/pl\/wp-json\/wp\/v2\/types\/post"}],"author":[{"embeddable":true,"href":"https:\/\/www.europesays.com\/pl\/wp-json\/wp\/v2\/users\/2"}],"replies":[{"embeddable":true,"href":"https:\/\/www.europesays.com\/pl\/wp-json\/wp\/v2\/comments?post=501894"}],"version-history":[{"count":0,"href":"https:\/\/www.europesays.com\/pl\/wp-json\/wp\/v2\/posts\/501894\/revisions"}],"wp:featuredmedia":[{"embeddable":true,"href":"https:\/\/www.europesays.com\/pl\/wp-json\/wp\/v2\/media\/501895"}],"wp:attachment":[{"href":"https:\/\/www.europesays.com\/pl\/wp-json\/wp\/v2\/media?parent=501894"}],"wp:term":[{"taxonomy":"category","embeddable":true,"href":"https:\/\/www.europesays.com\/pl\/wp-json\/wp\/v2\/categories?post=501894"},{"taxonomy":"post_tag","embeddable":true,"href":"https:\/\/www.europesays.com\/pl\/wp-json\/wp\/v2\/tags?post=501894"}],"curies":[{"name":"wp","href":"https:\/\/api.w.org\/{rel}","templated":true}]}}