{"id":502016,"date":"2026-06-18T14:38:12","date_gmt":"2026-06-18T14:38:12","guid":{"rendered":"https:\/\/www.europesays.com\/pl\/502016\/"},"modified":"2026-06-18T14:38:12","modified_gmt":"2026-06-18T14:38:12","slug":"akcja-cba-w-lublinie-zatrzymano-kuratora-oswiaty","status":"publish","type":"post","link":"https:\/\/www.europesays.com\/pl\/502016\/","title":{"rendered":"Akcja CBA w Lublinie. Zatrzymano kuratora o\u015bwiaty"},"content":{"rendered":"<p>Jakie zarzuty postawiono Tomaszowi Szab\u0142owskiemu.<\/p>\n<p>Co jest powodem zatrzymania Tomasza Szab\u0142owskiego przez CBA.<\/p>\n<p>Kt\u00f3re wydarzenie jest przedmiotem post\u0119powania przetargowego w sprawie.<\/p>\n<p>Dlaczego Tomasz Szab\u0142owski zosta\u0142 zawieszony w czynno\u015bciach s\u0142u\u017cbowych.<\/p>\n<p>    <a name=\"eztoc42023315_0_5\" id=\"eztoc42023315_0_5\"\/>CBA zatrzyma\u0142o lubelskiego kuratora o\u015bwiaty<\/p>\n<p>Lubelski kurator o\u015bwiaty Tomasz Szab\u0142owski zosta\u0142 zatrzymany przez<br \/>\n<a href=\"https:\/\/wiadomosci.radiozet.pl\/tag\/kategoria\/cba\" target=\"_self\" rel=\"dofollow noopener\">Centralne Biuro Antykorupcyjne<\/a>. Wiadomo, \u017ce sprawa dotyczy podejrzenia nieprawid\u0142owo\u015bci przy organizacji przetarg\u00f3w. Z ustale\u0144 Radia ZET wynika, \u017ce ma to zwi\u0105zek z afer\u0105 korupcyjn\u0105 w lubelskich urz\u0119dach.\u00a0<\/p>\n<p>&#8211; Zosta\u0142y mu przedstawione zarzuty dotycz\u0105ce przekroczenia uprawnie\u0144 i wej\u015bcia w porozumienie z lokalnym przedsi\u0119biorc\u0105 w celu wywarcia wp\u0142ywu na wynik post\u0119powania przetargowego dotycz\u0105cego organizacji imprezy z okazji 100-lecia kuratorium o\u015bwiaty w Lublinie &#8211; powiedzia\u0142a\u00a0prokurator Katarzyna Cal\u00f3w-Jaszewska z zespo\u0142u prasowego Prokuratury Krajowej.<\/p>\n<p>Doda\u0142a, \u017ce Tomasz Szab\u0142owski zosta\u0142 zawieszony w czynno\u015bciach s\u0142u\u017cbowych i obj\u0119ty dozorem policji. Zastosowano wobec niego tak\u017ce po\u015bwiadczenie maj\u0105tkowe. Prokuratura nie ujawnia, czy podejrzany przyzna\u0142 si\u0119 do winy. Wiadomo jedynie, \u017ce z\u0142o\u017cy\u0142 wyja\u015bnienia.<\/p>\n<p>Sam Tomasz Szab\u0142owski sprawy komentowa\u0107 nie chce. M\u00f3wi jedynie, \u017ce\u00a0odda\u0142 si\u0119 do dyspozycji Ministerstwa Edukacji Narodowej. &#8211;\u00a0Nie wykonuj\u0119 czynno\u015bci z uwagi na chwilowy zakaz. Kuratorium dzia\u0142a bez problemu, moi zast\u0119pcy na bie\u017c\u0105co realizuj\u0105 swoj\u0105 prac\u0119.\u00a0Oczywi\u015bcie wsp\u00f3\u0142pracuj\u0119 ze s\u0142u\u017cbami &#8211; wyja\u015bni\u0142.\u00a0<\/p>\n<p><a name=\"eztoc42023315_0_6\" id=\"eztoc42023315_0_6\"\/>Afera korupcyjna w lubelskich urz\u0119dach<\/p>\n<p>Jak ju\u017c wspomnieli\u015bmy, sprawa mo\u017ce mie\u0107 zwi\u0105zek z\u00a0afer\u0105 korupcyjn\u0105 w lubelskich urz\u0119dach. Przypomnijmy, \u017ce na pocz\u0105tku 2026 roku zatrzymano siedem os\u00f3b &#8211; w tym wiceprezydent Lublina Beat\u0119 Stepaniuk-Ku\u015bmierzak.\u00a0<\/p>\n<p>Kobieta us\u0142ysza\u0142a zarzuty dotycz\u0105ce\u00a0przekroczenia uprawnie\u0144 i przyj\u0119cia korzy\u015bci maj\u0105tkowej podczas organizacji Strefy Kibica Euro 2024. Kurator mia\u0142 korzysta\u0107 z us\u0142ug tej samej firmy przy organizacji wydarze\u0144 edukacyjnych. Mo\u017cliwe, \u017ce w sprawie dojdzie do kolejnych zatrzyma\u0144.\u00a0<\/p>\n<p>\u0179r\u00f3d\u0142o: Radio ZET<\/p>\n<p>By\u0142e\u015b \u015bwiadkiem czego\u015b niespodziewanego? Masz temat, kt\u00f3rym powinni\u015bmy si\u0119 zaj\u0105\u0107?<\/p>\n<p>Zg\u0142o\u015b spraw\u0119 przez <a href=\"https:\/\/wiadomosci.radiozet.pl\/czerwony-telefon\" target=\"_blank\" title=\"Czerwony telefon Radia Zet\" rel=\"nofollow noopener\">Czerwony telefon Radia ZET<\/a><\/p>\n","protected":false},"excerpt":{"rendered":"Jakie zarzuty postawiono Tomaszowi Szab\u0142owskiemu. Co jest powodem zatrzymania Tomasza Szab\u0142owskiego przez CBA. Kt\u00f3re wydarzenie jest przedmiotem post\u0119powania&hellip;\n","protected":false},"author":2,"featured_media":502017,"comment_status":"","ping_status":"","sticky":false,"template":"","format":"standard","meta":{"footnotes":"","_share_on_mastodon":"0"},"categories":[51612],"tags":[359,1081,42,38,40,39,41],"class_list":["post-502016","post","type-post","status-publish","format-standard","has-post-thumbnail","category-lublin","tag-cba","tag-lublin","tag-pl","tag-poland","tag-polish","tag-polska","tag-polski"],"share_on_mastodon":{"url":"https:\/\/pubeurope.com\/@pl\/116771625665806437","error":""},"_links":{"self":[{"href":"https:\/\/www.europesays.com\/pl\/wp-json\/wp\/v2\/posts\/502016","targetHints":{"allow":["GET"]}}],"collection":[{"href":"https:\/\/www.europesays.com\/pl\/wp-json\/wp\/v2\/posts"}],"about":[{"href":"https:\/\/www.europesays.com\/pl\/wp-json\/wp\/v2\/types\/post"}],"author":[{"embeddable":true,"href":"https:\/\/www.europesays.com\/pl\/wp-json\/wp\/v2\/users\/2"}],"replies":[{"embeddable":true,"href":"https:\/\/www.europesays.com\/pl\/wp-json\/wp\/v2\/comments?post=502016"}],"version-history":[{"count":0,"href":"https:\/\/www.europesays.com\/pl\/wp-json\/wp\/v2\/posts\/502016\/revisions"}],"wp:featuredmedia":[{"embeddable":true,"href":"https:\/\/www.europesays.com\/pl\/wp-json\/wp\/v2\/media\/502017"}],"wp:attachment":[{"href":"https:\/\/www.europesays.com\/pl\/wp-json\/wp\/v2\/media?parent=502016"}],"wp:term":[{"taxonomy":"category","embeddable":true,"href":"https:\/\/www.europesays.com\/pl\/wp-json\/wp\/v2\/categories?post=502016"},{"taxonomy":"post_tag","embeddable":true,"href":"https:\/\/www.europesays.com\/pl\/wp-json\/wp\/v2\/tags?post=502016"}],"curies":[{"name":"wp","href":"https:\/\/api.w.org\/{rel}","templated":true}]}}