{"id":502026,"date":"2026-06-18T14:43:22","date_gmt":"2026-06-18T14:43:22","guid":{"rendered":"https:\/\/www.europesays.com\/pl\/502026\/"},"modified":"2026-06-18T14:43:22","modified_gmt":"2026-06-18T14:43:22","slug":"absl-summit-wroclaw-2026-mnostwo-ludzi-z-noblista-na-czele-w-hali-stulecia","status":"publish","type":"post","link":"https:\/\/www.europesays.com\/pl\/502026\/","title":{"rendered":"ABSL Summit Wroc\u0142aw 2026: mn\u00f3stwo ludzi z noblist\u0105 na czele w Hali Stulecia"},"content":{"rendered":"<p>Wroc\u0142awska Hala Stulecia jest przez trzy dni miejscem spotkania przedstawicieli najwi\u0119kszych \u015bwiatowych korporacji, ekonomist\u00f3w oraz reprezentant\u00f3w administracji publicznej. Wszystko za spraw\u0105 ABSL Summit 2026, czyli najwa\u017cniejszego wydarzenia sektora us\u0142ug biznesowych w Europie, kt\u00f3re odbywa si\u0119 pod has\u0142em \u201eKnow the unknown\u201d i potrwa od 17 do 19 czerwca. Gwiazd\u0105 wydarzenia jest prof. Geoffrey Hinton, laureat Nagrody Nobla z fizyki z 2024 roku.<br \/>\n&#13;<\/p>\n<p>W tym artykule przeczytasz:<\/p>\n<p>                Dlaczego Wroc\u0142aw ma siln\u0105 pozycj\u0119 na biznesowej mapie Europy.Czy w erze AI cz\u0142owiek nadal pozostaje najwa\u017cniejszy.Co ABSL Summit 2026 oznacza dla Wroc\u0142awia i Dolnego \u015al\u0105ska.<br \/>\n            &#13;<\/p>\n<p><img fetchpriority=\"high\" decoding=\"async\" class=\"size-full wp-image-57277\" src=\"https:\/\/www.europesays.com\/pl\/wp-content\/uploads\/2026\/06\/GeoffreyHinton.png\" alt=\"Geoffrey Hinton.\" width=\"1290\" height=\"595\"  \/>Fot. Mat. prasowe.<br \/>\nDlaczego Wroc\u0142aw ma siln\u0105 pozycj\u0119 na biznesowej mapie Europy?<\/p>\n<p>Oficjalna inauguracja konferencji potwierdzi\u0142a siln\u0105 pozycj\u0119 Wroc\u0142awia oraz Dolnego \u015al\u0105ska na europejskiej mapie biznesu, technologii i innowacji. Do stolicy regionu przyjechali liderzy firm z listy Fortune 500, a tak\u017ce eksperci analizuj\u0105cy kierunki rozwoju \u015bwiatowej gospodarki.<\/p>\n<p>Podczas otwarcia wydarzenia dziennikarz TVN Piotr Kra\u015bko zwr\u00f3ci\u0142 uwag\u0119 zar\u00f3wno na wyj\u0105tkowy charakter miejsca, jak i jego historyczne znaczenie. Nawi\u0105zuj\u0105c do architektury Hali Stulecia, por\u00f3wna\u0142 j\u0105 do rzymskiego Panteonu.<\/p>\n<p>\u2013 To rzymskie panowanie nad architektur\u0105 trwa\u0142o niemal do 1913 roku. Wtedy we Wroc\u0142awiu powsta\u0142a Hala Stulecia. Przez dekady ta kopu\u0142a by\u0142a najwi\u0119ksz\u0105 tego typu konstrukcj\u0105 z betonu na \u015bwiecie. To in\u017cynieryjne arcydzie\u0142o, obiekt z listy \u015bwiatowego dziedzictwa UNESCO, w kt\u00f3rym dzi\u015b si\u0119 znajdujemy \u2013 podkre\u015bli\u0142 Piotr Kra\u015bko.<\/p>\n<p>Jednocze\u015bnie przypomnia\u0142 o wielowiekowych zwi\u0105zkach miasta z polsk\u0105 histori\u0105, podkre\u015blaj\u0105c znaczenie Wroc\u0142awia jako miejsca o wyj\u0105tkowej to\u017csamo\u015bci i bogatym dziedzictwie.<\/p>\n<p>Jak\u0105 rol\u0119 podczas szczytu odgrywa sztuczna inteligencja?<\/p>\n<p>Tegoroczna edycja ABSL Summit koncentruje si\u0119 przede wszystkim na rozwoju sztucznej inteligencji oraz jej wp\u0142ywie na biznes, gospodark\u0119 i spo\u0142ecze\u0144stwo. Organizatorzy zach\u0119caj\u0105 uczestnik\u00f3w do poszukiwania odpowiedzi na pytania dotycz\u0105ce zmian, kt\u00f3re dopiero nadchodz\u0105.<\/p>\n<p>Piotr Kra\u015bko zwr\u00f3ci\u0142 uwag\u0119, \u017ce \u015bwiat znajduje si\u0119 obecnie w momencie por\u00f3wnywalnym do narodzin powszechnie dost\u0119pnego internetu na pocz\u0105tku lat 90. Jednocze\u015bnie przywo\u0142a\u0142 opini\u0119 Mattiego Staniszewskiego, wsp\u00f3\u0142tw\u00f3rcy firmy ElevenLabs, kt\u00f3ry uwa\u017ca, \u017ce rewolucja AI mo\u017ce wywo\u0142a\u0107 jeszcze wi\u0119ksze zmiany ni\u017c upowszechnienie sieci World Wide Web.<\/p>\n<p>Jednym z najwa\u017cniejszych punkt\u00f3w programu b\u0119dzie wyst\u0105pienie prof. Geoffreya Hintona, laureata Nagrody Nobla w dziedzinie fizyki z 2024 roku i jednego z najwybitniejszych ekspert\u00f3w zajmuj\u0105cych si\u0119 sztuczn\u0105 inteligencj\u0105. Podczas swojego wyst\u0105pienia naukowiec przedstawi zar\u00f3wno szanse, jak i zagro\u017cenia zwi\u0105zane z dynamicznym rozwojem tej technologii.<\/p>\n<p>Czy w erze AI cz\u0142owiek nadal pozostaje najwa\u017cniejszy?<\/p>\n<p>Po cz\u0119\u015bci inauguracyjnej uczestnik\u00f3w konferencji powita\u0142 Janusz Dziurzy\u0144ski, prezes ABSL. W swoim wyst\u0105pieniu podkre\u015bli\u0142, \u017ce mimo rosn\u0105cej roli sztucznej inteligencji to cz\u0142owiek nadal powinien odgrywa\u0107 kluczow\u0105 rol\u0119 w procesach zarz\u0105dzania i podejmowania decyzji.<\/p>\n<p>Zwr\u00f3ci\u0142 r\u00f3wnie\u017c uwag\u0119, \u017ce tegoroczne wprowadzenie do konferencji przygotowali i zaprezentowali wy\u0142\u0105cznie ludzie, co sta\u0142o si\u0119 symbolicznym akcentem wydarzenia po\u015bwi\u0119conego nowym technologiom.<\/p>\n<p>\u2013 Skoro otacza nas sztuczna inteligencja, to wci\u0105\u017c musi by\u0107 miejsce dla cz\u0142owieka, dla nas, dla lider\u00f3w. Gratuluj\u0119 Pa\u0144stwu decyzji o obecno\u015bci tutaj. Wybrali\u015bcie rozw\u00f3j, dyskusj\u0119 i ch\u0119\u0107 dowiedzenia si\u0119 wi\u0119cej, by lepiej zarz\u0105dza\u0107 t\u0105 niesamowit\u0105 technologi\u0105 na nasz\u0105 korzy\u015b\u0107 \u2013 podsumowa\u0142 prezes ABSL.<\/p>\n<p>S\u0142owa te wyznaczy\u0142y kierunek dalszych debat, kt\u00f3re skupiaj\u0105 si\u0119 nie tylko na mo\u017cliwo\u015bciach technologicznych, lecz tak\u017ce na odpowiedzialnym wykorzystaniu nowoczesnych narz\u0119dzi.<\/p>\n<p>Co ABSL Summit 2026 oznacza dla Wroc\u0142awia i Dolnego \u015al\u0105ska?<\/p>\n<p>Przedstawiciele samorz\u0105du oraz instytucji wspieraj\u0105cych rozw\u00f3j gospodarczy zgodnie podkre\u015blaj\u0105, \u017ce obecno\u015b\u0107 tak presti\u017cowego wydarzenia wzmacnia pozycj\u0119 miasta i regionu w oczach mi\u0119dzynarodowych inwestor\u00f3w.<\/p>\n<p>Ryszard Kessler, wiceprezydent Wroc\u0142awia, wskaza\u0142, \u017ce konferencja stwarza przestrze\u0144 do budowania relacji biznesowych i mo\u017ce zach\u0119ci\u0107 kolejne firmy do lokowania inwestycji w stolicy Dolnego \u015al\u0105ska.<\/p>\n<p>\u2013 ABSL Summit 2026 we Wroc\u0142awiu podnosi nasz presti\u017c, daje te\u017c przestrze\u0144 do budowania relacji. Prawdopodobnie prze\u0142o\u017cy si\u0119 to tak\u017ce na to, \u017ceby w przysz\u0142o\u015bci inwestorzy przychylniej popatrzyli na nasze otoczenie, na nasze miasto, na nasze potencja\u0142y i zechcieli tutaj prowadzi\u0107 swoje biznesy. To dla nas jest bardzo wa\u017cne \u2013 t\u0142umaczy\u0142 Ryszard Kessler, wiceprezydent Wroc\u0142awia.<\/p>\n<p>Znaczenie regionu podkre\u015blaj\u0105 r\u00f3wnie\u017c jego po\u0142o\u017cenie, silne zaplecze akademickie oraz wieloletnia wsp\u00f3\u0142praca z mi\u0119dzynarodowym biznesem. O potencjale Wroc\u0142awia m\u00f3wi\u0142 tak\u017ce Mateusz Jarzombek z Agencji Rozwoju Aglomeracji Wroc\u0142awskiej.<\/p>\n<p>\u2013 Przez ca\u0142y czas Wroc\u0142aw, obok Warszawy i Krakowa, jest w\u015br\u00f3d najwi\u0119kszych o\u015brodk\u00f3w tego sektora w Polsce. Dzi\u0119ki silnemu zapleczu IT oraz R&amp;D stolica Dolnego \u015al\u0105ska z powodzeniem staje si\u0119 jednym z najwa\u017cniejszych punkt\u00f3w na biznesowej mapie Europy \u2013 wyja\u015bnia\u0142 z kolei Mateusz Jarzombek, dyrektor Centrum Wspierania Biznesu Agencji Rozwoju Aglomeracji Wroc\u0142awskiej.<\/p>\n<p>Na znaczenie wsp\u00f3\u0142pracy mi\u0119dzy biznesem, nauk\u0105 i samorz\u0105dem zwr\u00f3ci\u0142 uwag\u0119 r\u00f3wnie\u017c skarbnik Wroc\u0142awia.<\/p>\n<p>\u2013 Wierzymy, \u017ce wydarzenie b\u0119dzie platform\u0105 spotka\u0144, wymiany wiedzy i do\u015bwiadcze\u0144 lider\u00f3w biznesu, opinii spo\u0142ecznej, przedstawicieli nauki, samorz\u0105du i polityki, aby fundamenty akademickie by\u0142y jeszcze silniejsze, a globalni inwestorzy i wybitne talenty mia\u0142y now\u0105 jako\u015b\u0107 rozwoju i wsp\u00f3\u0142pracy. Ju\u017c dzi\u015b segment nowoczesnych us\u0142ug dla biznesu to ponad 200 \u015bwiatowych firm zatrudniaj\u0105cych w Polsce ponad p\u00f3\u0142 miliona os\u00f3b, kt\u00f3ra nap\u0119dzaj\u0105 polsk\u0105 i dolno\u015bl\u0105sk\u0105 gospodark\u0119. Jako Biuro Wsp\u00f3\u0142pracy z Biznesem Urz\u0119du Miejskiego Wroc\u0142awia oraz Przedsi\u0119biorczy Wroc\u0142aw staramy si\u0119 spaja\u0107 wszystkie \u015brodowiska wa\u017cne dla rozwoju gospodarki \u2013 wylicza\u0142 Marcin Urban, skarbnik Wroc\u0142awia.<\/p>\n<p>ABSL Summit 2026 potwierdza, \u017ce Wroc\u0142aw nie tylko przyci\u0105ga globalnych lider\u00f3w biznesu. Ale tak\u017ce aktywnie uczestniczy w dyskusji o kierunkach rozwoju gospodarki cyfrowej. Dlatego konferencja stanowi wa\u017cn\u0105 platform\u0119 wymiany wiedzy, do\u015bwiadcze\u0144 i wizji, kt\u00f3re w najbli\u017cszych latach mog\u0105 wp\u0142yn\u0105\u0107 na funkcjonowanie przedsi\u0119biorstw oraz ca\u0142ych gospodarek.<\/p>\n<p><img loading=\"lazy\" decoding=\"async\" class=\"size-full wp-image-52233\" src=\"https:\/\/www.europesays.com\/pl\/wp-content\/uploads\/2026\/06\/Fot.-Hala-Stulecia-Fontanna-Inauguracja.jpg\" alt=\"Fontanna multimedialna.\" width=\"2048\" height=\"1536\"  \/>Fot. Hala Stulecia.<\/p>\n","protected":false},"excerpt":{"rendered":"Wroc\u0142awska Hala Stulecia jest przez trzy dni miejscem spotkania przedstawicieli najwi\u0119kszych \u015bwiatowych korporacji, ekonomist\u00f3w oraz reprezentant\u00f3w administracji publicznej.&hellip;\n","protected":false},"author":2,"featured_media":502027,"comment_status":"","ping_status":"","sticky":false,"template":"","format":"standard","meta":{"footnotes":"","_share_on_mastodon":"0"},"categories":[51607],"tags":[92081,97499,113,3949,97500,63025,97501,10820,2310,97502,97503,16436,42,38,40,39,41,52910,1849,92082,9870,1853,22920],"class_list":["post-502026","post","type-post","status-publish","format-standard","has-post-thumbnail","category-wroclaw","tag-absl","tag-absl-summit-wroclaw-2026","tag-biznes","tag-debata","tag-geoffrey-hinton","tag-hala-stulecia","tag-janusz-dziurzynski","tag-konferencja","tag-kongres","tag-laureat-nagrody-nobla","tag-marian-urban","tag-piotr-krasko","tag-pl","tag-poland","tag-polish","tag-polska","tag-polski","tag-ryszard-kessler","tag-spotkanie","tag-summit","tag-szczyt","tag-wroclaw","tag-wydarzenie"],"share_on_mastodon":{"url":"https:\/\/pubeurope.com\/@pl\/116771645999187881","error":""},"_links":{"self":[{"href":"https:\/\/www.europesays.com\/pl\/wp-json\/wp\/v2\/posts\/502026","targetHints":{"allow":["GET"]}}],"collection":[{"href":"https:\/\/www.europesays.com\/pl\/wp-json\/wp\/v2\/posts"}],"about":[{"href":"https:\/\/www.europesays.com\/pl\/wp-json\/wp\/v2\/types\/post"}],"author":[{"embeddable":true,"href":"https:\/\/www.europesays.com\/pl\/wp-json\/wp\/v2\/users\/2"}],"replies":[{"embeddable":true,"href":"https:\/\/www.europesays.com\/pl\/wp-json\/wp\/v2\/comments?post=502026"}],"version-history":[{"count":0,"href":"https:\/\/www.europesays.com\/pl\/wp-json\/wp\/v2\/posts\/502026\/revisions"}],"wp:featuredmedia":[{"embeddable":true,"href":"https:\/\/www.europesays.com\/pl\/wp-json\/wp\/v2\/media\/502027"}],"wp:attachment":[{"href":"https:\/\/www.europesays.com\/pl\/wp-json\/wp\/v2\/media?parent=502026"}],"wp:term":[{"taxonomy":"category","embeddable":true,"href":"https:\/\/www.europesays.com\/pl\/wp-json\/wp\/v2\/categories?post=502026"},{"taxonomy":"post_tag","embeddable":true,"href":"https:\/\/www.europesays.com\/pl\/wp-json\/wp\/v2\/tags?post=502026"}],"curies":[{"name":"wp","href":"https:\/\/api.w.org\/{rel}","templated":true}]}}