{"id":502071,"date":"2026-06-18T15:10:24","date_gmt":"2026-06-18T15:10:24","guid":{"rendered":"https:\/\/www.europesays.com\/pl\/502071\/"},"modified":"2026-06-18T15:10:24","modified_gmt":"2026-06-18T15:10:24","slug":"tak-zmienia-sie-wroclawskie-lotnisko-koniec-rozbudowy-coraz-blizej-zdjecia","status":"publish","type":"post","link":"https:\/\/www.europesays.com\/pl\/502071\/","title":{"rendered":"Tak zmienia si\u0119 wroc\u0142awskie lotnisko. Koniec rozbudowy coraz bli\u017cej [ZDJ\u0118CIA]"},"content":{"rendered":"<p>Tak zmienia si\u0119 wroc\u0142awskie lotnisko.<\/p>\n<p>Fot. Krzysztof Milewski<\/p>\n<p>Jeszcze oko\u0142o p\u00f3\u0142 roku pozosta\u0142o do zako\u0144czenia rozbudowy cz\u0119\u015bci operacyjnej wroc\u0142awskiego portu lotniczego. Kilka dni temu oddano do u\u017cytku now\u0105 drog\u0119 ko\u0142owania i szybkiego zjazdu z pasa startowego. Dzia\u0142aj\u0105 ju\u017c te\u017c 4 z 14 nowych miejsc postojowych. Drobne zmiany przeszed\u0142 te\u017c sam terminal pasa\u017cerski. <\/p>\n<p style=\"text-align: justify;\">Prace przy rozbudowie cz\u0119\u015bci operacyjnej wroc\u0142awskiego lotniska post\u0119puj\u0105. Kilka dni temu uruchomiono po przebudowie drug\u0105 drog\u0119 ko\u0142owania. Przez ostatnie miesi\u0105ce samoloty musia\u0142y oczekiwa\u0107 na zwolnienie pasa startowego. Dzi\u0119ki nowym zjazdom ca\u0142y proces odbywa si\u0119 p\u0142ynniej, a czas potrzebny na ko\u0142owanie i start zmniejszy\u0142 si\u0119 z kilkunastu do nawet kilku minut. Docelowo lotnisko powi\u0119kszy swoje mo\u017cliwo\u015bci o prawie 100%, m\u00f3wi Marcin Ciupa, dyrektor ds. operacyjnych Portu Lotniczego Wroc\u0142aw:<\/p>\n<p style=\"text-align: justify;\">&#8211; Nasze nawierzchnie sztuczne, czyli asfalty i betony, zwi\u0119kszaj\u0105 si\u0119 o dok\u0142adnie 96%. To jest rzecz, mo\u017cna powiedzie\u0107, niebywa\u0142a, niedziej\u0105ca si\u0119 na lotniskach, \u017ce na przestrzeni dw\u00f3ch lat dubluje si\u0119 nawierzchnie.<\/p>\n<p>&#13;<br \/>\n\t\t\t\t\t\t\t\t\t\tAby ods\u0142ucha\u0107 za\u0142\u0105czonego d\u017awi\u0119ku zaktualizuj przegl\u0105dark\u0119 lub\/i wtyczk\u0119 Adobe Flash Player.&#13;\n\t\t\t\t\t\t\t\t\t<\/p>\n<p style=\"text-align: justify;\">Bartosz Wi\u015bniewski, rzecznik Portu Lotniczego Wroc\u0142aw, wyja\u015bnia, \u017ce do zrobienia zosta\u0142o ju\u017c niewiele:<\/p>\n<p style=\"text-align: justify;\">&#8211; Pozosta\u0142o doko\u0144czenie p\u0142yty postojowej. Na ten moment mamy oddane 4 nowe stanowiska. Pozosta\u0142o jeszcze 10, a tak\u017ce doko\u0144czenie drogi szybkiego zjazdu, a tak\u017ce drogi ko\u0142owania Bravo, czyli tej drogi ko\u0142owania, kt\u00f3ra by\u0142a najd\u0142u\u017cej przed remontem u\u017cytkowana.<\/p>\n<p>&#13;<br \/>\n\t\t\t\t\t\t\t\t\t\tAby ods\u0142ucha\u0107 za\u0142\u0105czonego d\u017awi\u0119ku zaktualizuj przegl\u0105dark\u0119 lub\/i wtyczk\u0119 Adobe Flash Player.&#13;\n\t\t\t\t\t\t\t\t\t<\/p>\n<p style=\"text-align: justify;\">Prace post\u0119puj\u0105 zgodnie z harmonogramem i ca\u0142a rozbudowa cz\u0119\u015bci operacyjnej wroc\u0142awskiego lotniska ma zako\u0144czy\u0107 si\u0119 pod koniec 2026 roku.<\/p>\n<p>\u00a0<br \/>\nPasa\u017cerowie tak\u017ce odczuj\u0105 zmiany w Porcie Lotniczym Wroc\u0142aw<\/p>\n<p style=\"text-align: justify;\">Pomi\u0119dzy hal\u0105 odlot\u00f3w a stref\u0105 przylotow\u0105 udost\u0119pniono now\u0105 przestrze\u0144 dla oczekuj\u0105cych na samolot, m\u00f3wi Tomasz Lenart, dyrektor operacyjny terminala:<\/p>\n<p style=\"text-align: justify;\">&#8211; Blisko 5000 m\u00b2 z mo\u017cliwo\u015bci\u0105 zagospodarowania miejsc dla 288 pasa\u017cer\u00f3w. Te siedzenia s\u0105 w pe\u0142ni zelektryfikowane. Pasa\u017cer, je\u015bli chce sobie na\u0142adowa\u0107 telefon, jest w stanie pod\u0142\u0105czy\u0107 si\u0119 do siedze\u0144 poprzez standardow\u0105 wtyczk\u0119 elektryczn\u0105 lub poprzez USB-C i USB-A.<\/p>\n<p>&#13;<br \/>\n\t\t\t\t\t\t\t\t\t\tAby ods\u0142ucha\u0107 za\u0142\u0105czonego d\u017awi\u0119ku zaktualizuj przegl\u0105dark\u0119 lub\/i wtyczk\u0119 Adobe Flash Player.&#13;\n\t\t\t\t\t\t\t\t\t<\/p>\n<p style=\"text-align: justify;\">W hali og\u00f3lnodost\u0119pnej pojawi\u0142y si\u0119 za to automatyczne stanowiska check-in. Na razie obs\u0142uguj\u0105 tylko pasa\u017cer\u00f3w linii Ryanair, dodaje Tomasz Lenart:<\/p>\n<p style=\"text-align: justify;\">&#8211; S\u0105 to 4 nowe stanowiska, tak zwane 4 kioski, do kt\u00f3rych pasa\u017cer podchodzi, skanuje swoj\u0105 kart\u0119 pok\u0142adow\u0105 z aplikacji i wywieszka sama jest brana przez pasa\u017cera i obtaczana na baga\u017cu.<\/p>\n<p>&#13;<br \/>\n\t\t\t\t\t\t\t\t\t\tAby ods\u0142ucha\u0107 za\u0142\u0105czonego d\u017awi\u0119ku zaktualizuj przegl\u0105dark\u0119 lub\/i wtyczk\u0119 Adobe Flash Player.&#13;\n\t\t\t\t\t\t\t\t\t<\/p>\n<p style=\"text-align: justify;\">Dyrektor operacji terminala pasa\u017cerskiego dodaje, \u017ce rozmowy o wprowadzeniu automatycznych kiosk\u00f3w check-in trwaj\u0105 te\u017c z innymi przewo\u017anikami, mi\u0119dzy innymi z WizzAir.<\/p>\n","protected":false},"excerpt":{"rendered":"Tak zmienia si\u0119 wroc\u0142awskie lotnisko. Fot. Krzysztof Milewski Jeszcze oko\u0142o p\u00f3\u0142 roku pozosta\u0142o do zako\u0144czenia rozbudowy cz\u0119\u015bci operacyjnej&hellip;\n","protected":false},"author":2,"featured_media":502072,"comment_status":"","ping_status":"","sticky":false,"template":"","format":"standard","meta":{"footnotes":"","_share_on_mastodon":"0"},"categories":[51607],"tags":[97507,72830,16262,2995,42,38,40,39,41,97506,44412,60610,1853,53193,645,65311],"class_list":["post-502071","post","type-post","status-publish","format-standard","has-post-thumbnail","category-wroclaw","tag-blizej","tag-coraz","tag-koniec","tag-lotnisko","tag-pl","tag-poland","tag-polish","tag-polska","tag-polski","tag-rozbudowy","tag-sie","tag-tak","tag-wroclaw","tag-wroclawskie","tag-zdjecia","tag-zmienia"],"share_on_mastodon":{"url":"https:\/\/pubeurope.com\/@pl\/116771751469590642","error":""},"_links":{"self":[{"href":"https:\/\/www.europesays.com\/pl\/wp-json\/wp\/v2\/posts\/502071","targetHints":{"allow":["GET"]}}],"collection":[{"href":"https:\/\/www.europesays.com\/pl\/wp-json\/wp\/v2\/posts"}],"about":[{"href":"https:\/\/www.europesays.com\/pl\/wp-json\/wp\/v2\/types\/post"}],"author":[{"embeddable":true,"href":"https:\/\/www.europesays.com\/pl\/wp-json\/wp\/v2\/users\/2"}],"replies":[{"embeddable":true,"href":"https:\/\/www.europesays.com\/pl\/wp-json\/wp\/v2\/comments?post=502071"}],"version-history":[{"count":0,"href":"https:\/\/www.europesays.com\/pl\/wp-json\/wp\/v2\/posts\/502071\/revisions"}],"wp:featuredmedia":[{"embeddable":true,"href":"https:\/\/www.europesays.com\/pl\/wp-json\/wp\/v2\/media\/502072"}],"wp:attachment":[{"href":"https:\/\/www.europesays.com\/pl\/wp-json\/wp\/v2\/media?parent=502071"}],"wp:term":[{"taxonomy":"category","embeddable":true,"href":"https:\/\/www.europesays.com\/pl\/wp-json\/wp\/v2\/categories?post=502071"},{"taxonomy":"post_tag","embeddable":true,"href":"https:\/\/www.europesays.com\/pl\/wp-json\/wp\/v2\/tags?post=502071"}],"curies":[{"name":"wp","href":"https:\/\/api.w.org\/{rel}","templated":true}]}}