{"id":502088,"date":"2026-06-18T15:19:16","date_gmt":"2026-06-18T15:19:16","guid":{"rendered":"https:\/\/www.europesays.com\/pl\/502088\/"},"modified":"2026-06-18T15:19:16","modified_gmt":"2026-06-18T15:19:16","slug":"nowe-odcinkowe-pomiary-predkosci-w-polsce-wlaczyli-juz-na-s5-s6-i-s7","status":"publish","type":"post","link":"https:\/\/www.europesays.com\/pl\/502088\/","title":{"rendered":"Nowe odcinkowe pomiary pr\u0119dko\u015bci w Polsce. W\u0142\u0105czyli ju\u017c na S5, S6 i S7"},"content":{"rendered":"<p>Centrum Automatycznego Nadzoru nad Ruchem Drogowym nie zwalnia tempa. Dos\u0142ownie w zesz\u0142ym tygodniu informowali\u015bmy o kilku nowych odcinkowych pomiarach pr\u0119dko\u015bci na drogach ekspresowych i autostradach, a dzisiaj na oficjalne konto CANARD wpad\u0142a kolejna paczka komunikat\u00f3w. Wszystkie nowe odcinkowe pomiary pr\u0119dko\u015bci w\u0142\u0105czono na ekspres\u00f3wkach.<\/p>\n<p class=\"ods-o-frame-in-text__paragraph\">Przeczytaj tak\u017ce: <a href=\"https:\/\/www.auto-swiat.pl\/porady\/obszar-zabudowany-i-znak-d-42-kiedy-naprawde-mozesz-przyspieszyc\/n1vfnf6\" id=\"d8634b70-14b1-44cd-b25e-5a70f48cfa80\" rel=\"nofollow noopener\" target=\"_blank\">Znak D-42 wprowadza kierowc\u00f3w w b\u0142\u0105d. Wysokie mandaty za pomy\u0142k\u0119. Obszar zabudowany<\/a><\/p>\n<p>   Gdzie na S7 dzia\u0142aj\u0105 nowe odcinkowe pomiary pr\u0119dko\u015bci?<\/p>\n<p>Dwa nowe odcinkowe pomiary pr\u0119dko\u015bci w\u0142\u0105czono w pi\u0105tek 12 czerwca o godz. 12:00, a dzisiaj oficjalnie to potwierdzono. Pierwszy nowy OPP na S7 dzia\u0142a ju\u017c mi\u0119dzy w\u0119z\u0142ami Barcza i Kielce P\u00f3\u0142noc. To 2,5 km w woj. \u015bwi\u0119tokrzyskim. Ile mo\u017cna jecha\u0107?<\/p>\n<ul class=\"ods-m-bullet-list\">\n<li class=\"ods-a-bullet ods-a-bullet--normal\"> 120 km na godz. samochodem osobowym <\/li>\n<li class=\"ods-a-bullet ods-a-bullet--normal\"> i 80 km na godz. wi\u0119kszym pojazdem. <\/li>\n<\/ul>\n<p>Dok\u0142adnie tyle samo mo\u017cna jecha\u0107 na S7 w woj. pomorskim na odcinku Nowy Dw\u00f3r Gda\u0144ski \u2014 Dworek. Tu monitorowany odcinek jest ju\u017c znacznie d\u0142u\u017cszy. To 9,1 km. Nie spodziewamy si\u0119 wi\u0119c, by na obu nowych odcinkowych pomiarach pr\u0119dko\u015bci na S7 posypa\u0142y si\u0119 mandaty. 120 km na godz. to klasyczne ograniczenie pr\u0119dko\u015bci na ekspres\u00f3wce.<\/p>\n<p>      Gdzie dzia\u0142aj\u0105 najnowsze odcinkowe pomiary pr\u0119dko\u015bci na drogach ekspresowych? S5 i S6<\/p>\n<p>Dzisiaj 18 czerwca o godz. 09:00 w\u0142\u0105czono nowy OPP na drodze ekspresowej S6 w woj. pomorskim. To 3,4 km mi\u0119dzy w\u0119z\u0142ami Matarnia i Owczarnia. Na p\u00f3\u0142nocy r\u00f3wnie\u017c nie zdecydowano si\u0119 na obni\u017canie dozwolonej pr\u0119dko\u015bci. Osob\u00f3wk\u0105 mo\u017cna tam jecha\u0107 120 km na godz.<\/p>\n<p>Tak samo jest na drodze ekspresowej S5 w woj. kujawsko-pomorskim. Dzia\u0142a tam nowy OPP mi\u0119dzy w\u0119z\u0142ami Zbrachlin i Trzeciewiec. To 6,8 km.<\/p>\n<p> W tym tygodniu w\u0142\u0105czono te\u017c fotoradar ko\u0142o Warszawy     <\/p>\n<p>Ko\u0144czymy informacj\u0105 z samego pocz\u0105tku tego tygodnia. Pod Warszaw\u0105 w miejscowo\u015bci Zegrze na DK61 w\u0142\u0105czono fotoradar. Mo\u017cna tam jecha\u0107 70 km na godz.<\/p>\n<p>Jakie s\u0105 kary za przekroczenie pr\u0119dko\u015bci?<\/p>\n<p>Kary za przekroczenie pr\u0119dko\u015bci zarejestrowane przez odcinkowy pomiar pr\u0119dko\u015bci oraz fotoradar mog\u0105 by\u0107 bardzo surowe. Przy ponownym naruszeniu przepis\u00f3w mandat mo\u017ce si\u0119gn\u0105\u0107 nawet 5 tys. z\u0142, a na konto kierowcy mo\u017ce trafi\u0107 do 15 punkt\u00f3w karnych. W skrajnych sytuacjach mo\u017cliwa jest tak\u017ce utrata prawa jazdy. Ostateczna wysoko\u015b\u0107 grzywny oraz liczba punkt\u00f3w zale\u017c\u0105 od tego, o ile zosta\u0142a przekroczona dopuszczalna pr\u0119dko\u015b\u0107:<\/p>\n<ul class=\"ods-m-bullet-list\">\n<li class=\"ods-a-bullet ods-a-bullet--normal\"> Przekroczenie dopuszczalnej pr\u0119dko\u015bci do 10 km na godz. \u2014 mandat 50 z\u0142 i 1 punkt karny, <\/li>\n<li class=\"ods-a-bullet ods-a-bullet--normal\"> o 11\u201315 km na godz. \u2014 mandat 100 z\u0142 i 2 punkty karne, <\/li>\n<li class=\"ods-a-bullet ods-a-bullet--normal\"> o 16\u201320 km na godz. \u2014 mandat 200 z\u0142 i 3 punkty karne, <\/li>\n<li class=\"ods-a-bullet ods-a-bullet--normal\"> o 21\u201325 km na godz. \u2014 mandat 300 z\u0142 i 5 punkt\u00f3w karnych, <\/li>\n<li class=\"ods-a-bullet ods-a-bullet--normal\"> o 26\u201330 km na godz. \u2014 mandat 400 z\u0142 i 7 punkt\u00f3w karnych, <\/li>\n<li class=\"ods-a-bullet ods-a-bullet--normal\"> o 31\u201340 km na godz. \u2014 mandat 800 z\u0142 i 9 punkt\u00f3w karnych, <\/li>\n<li class=\"ods-a-bullet ods-a-bullet--normal\"> o 41\u201350 km na godz. \u2014 mandat 1000 z\u0142 i 11 punkt\u00f3w karnych, <\/li>\n<li class=\"ods-a-bullet ods-a-bullet--normal\"> o 51\u201360 km na godz. \u2014 mandat 1500 z\u0142 i 13 punkt\u00f3w karnych, <\/li>\n<li class=\"ods-a-bullet ods-a-bullet--normal\"> o 61\u201370 km na godz.\u2014 mandat 2000 z\u0142 i 14 punkt\u00f3w karnych, <\/li>\n<li class=\"ods-a-bullet ods-a-bullet--normal\"> o 71 km na godz. i wi\u0119cej \u2014 mandat 2500 z\u0142 i 15 punkt\u00f3w karnych. <\/li>\n<\/ul>\n<p> Dalszy ci\u0105g artyku\u0142u pod materia\u0142em wideo <\/p>\n","protected":false},"excerpt":{"rendered":"Centrum Automatycznego Nadzoru nad Ruchem Drogowym nie zwalnia tempa. Dos\u0142ownie w zesz\u0142ym tygodniu informowali\u015bmy o kilku nowych odcinkowych&hellip;\n","protected":false},"author":2,"featured_media":502089,"comment_status":"","ping_status":"","sticky":false,"template":"","format":"standard","meta":{"footnotes":"","_share_on_mastodon":"0"},"categories":[16],"tags":[210,113,61195,112,2637,3777,48,2638,46,42,38,40,39,41,13286,15391,3619,3620,47,26],"class_list":["post-502088","post","type-post","status-publish","format-standard","has-post-thumbnail","category-biznes","tag-aktualnosci","tag-biznes","tag-bottomfeed_styl","tag-business","tag-canard","tag-mandaty","tag-nat_styl","tag-odcinkowy_pomiar_predkosci","tag-omp","tag-pl","tag-poland","tag-polish","tag-polska","tag-polski","tag-przekroczenie_predkosci","tag-s5","tag-s6","tag-s7","tag-screening_general","tag-wiadomosci"],"share_on_mastodon":{"url":"https:\/\/pubeurope.com\/@pl\/116771787077767603","error":""},"_links":{"self":[{"href":"https:\/\/www.europesays.com\/pl\/wp-json\/wp\/v2\/posts\/502088","targetHints":{"allow":["GET"]}}],"collection":[{"href":"https:\/\/www.europesays.com\/pl\/wp-json\/wp\/v2\/posts"}],"about":[{"href":"https:\/\/www.europesays.com\/pl\/wp-json\/wp\/v2\/types\/post"}],"author":[{"embeddable":true,"href":"https:\/\/www.europesays.com\/pl\/wp-json\/wp\/v2\/users\/2"}],"replies":[{"embeddable":true,"href":"https:\/\/www.europesays.com\/pl\/wp-json\/wp\/v2\/comments?post=502088"}],"version-history":[{"count":0,"href":"https:\/\/www.europesays.com\/pl\/wp-json\/wp\/v2\/posts\/502088\/revisions"}],"wp:featuredmedia":[{"embeddable":true,"href":"https:\/\/www.europesays.com\/pl\/wp-json\/wp\/v2\/media\/502089"}],"wp:attachment":[{"href":"https:\/\/www.europesays.com\/pl\/wp-json\/wp\/v2\/media?parent=502088"}],"wp:term":[{"taxonomy":"category","embeddable":true,"href":"https:\/\/www.europesays.com\/pl\/wp-json\/wp\/v2\/categories?post=502088"},{"taxonomy":"post_tag","embeddable":true,"href":"https:\/\/www.europesays.com\/pl\/wp-json\/wp\/v2\/tags?post=502088"}],"curies":[{"name":"wp","href":"https:\/\/api.w.org\/{rel}","templated":true}]}}