{"id":5021,"date":"2025-09-19T17:26:07","date_gmt":"2025-09-19T17:26:07","guid":{"rendered":"https:\/\/www.europesays.com\/pl\/5021\/"},"modified":"2025-09-19T17:26:07","modified_gmt":"2025-09-19T17:26:07","slug":"janusz-palikot-opowiedzial-o-pobycie-w-areszcie-mowi-o-torturach","status":"publish","type":"post","link":"https:\/\/www.europesays.com\/pl\/5021\/","title":{"rendered":"Janusz Palikot opowiedzia\u0142 o pobycie w areszcie. M\u00f3wi o torturach"},"content":{"rendered":"\n<p>&#13;<br \/>\nPod koniec stycznia 2025\u00a0r. biznesmen i\u00a0by\u0142y pose\u0142 Janusz Palikot opu\u015bci\u0142 areszt. Sp\u0119dzi\u0142 tam cztery miesi\u0105ce. Palikot zosta\u0142 zatrzymany w\u00a0sprawie doprowadzenia do\u00a0niekorzystnego rozporz\u0105dzenia mieniem kilku tys. os\u00f3b na\u00a0kwot\u0119 blisko 70 mln z\u0142. <a href=\"https:\/\/dorzeczy.pl\/kraj\/640057\/prokuratura-janusz-p-uslyszal-zarzuty-oszustwa.html\" title=\"Janusz P. us\u0142ysza\u0142 zarzuty oszustwa\" rel=\"nofollow noopener\" target=\"_blank\">Us\u0142ysza\u0142 osiem zarzut\u00f3w<\/a>, kt\u00f3re dotycz\u0105 lat 2019-2023. Palikot oferowa\u0142 inwestycje m.in. w\u00a0beczki z\u00a0whisky. &#13;\n<\/p>\n<p>&#13;<br \/>\nW wywiadzie dla\u00a0&#8222;Faktu&#8221; \u017cali si\u0119 na\u00a0pobyt za\u00a0kratami. \u2013\u00a0Mocno to\u00a0prze\u017cy\u0142em. Wi\u0119zienie by\u0142o dla\u00a0mnie szokiem. Cz\u0142owiek nagle z\u00a0pi\u0119knego domu i\u00a0z\u00a0super \u017cycia l\u0105duje po\u00a0prostu w\u00a0pomieszczeniu, w\u00a0kt\u00f3rym odpadaj\u0105 tynki, w\u00a0kt\u00f3rym \u015bmierdzi, w\u00a0kt\u00f3rym prycza ma\u00a0120 lat. Ja si\u0119 na\u00a0niej nie\u00a0mieszcz\u0119, \u017ceby si\u0119 rozprostowa\u0107, to\u00a0nogami albo g\u0142ow\u0105 wje\u017cd\u017cam na\u00a0\u015bcian\u0119. To\u00a0taka totalna ruina \u017cycia \u2013\u00a0m\u00f3wi. &#13;\n<\/p>\n<p>Palikot: To\u00a0by\u0142y tortury <\/p>\n<p>&#13;<br \/>\nBy\u0142y pose\u0142 wspomina te\u017c, \u017ce\u00a0samo zatrzymanie by\u0142o dla\u00a0niego ci\u0119\u017ckim prze\u017cyciem. \u2013\u00a0Trzymanie mnie przez pi\u0119\u0107 dni w\u00a0takich warunkach. Ja nie\u00a0by\u0142em zatrzymany ani pod\u00a0wp\u0142ywem narkotyk\u00f3w, ani alkoholu, ani jakich\u015b innych \u015brodk\u00f3w odurzaj\u0105cych tylko w\u00a0normalnym, trze\u017awym, przytomnym stanie. Potem, jak cz\u0142owiek z\u00a0takiego miejsca idzie na\u00a0te przes\u0142uchania czy\u00a0na\u00a0rozpraw\u0119 s\u0105dow\u0105, (&#8230;) to\u00a0ledwo stoi na\u00a0nogach, jest p\u00f3\u0142\u017cywy. Ten system jest w\u0142a\u015bnie na\u00a0to\u00a0nastawiony, \u017ceby ludzi z\u0142ama\u0107 i\u00a0to s\u0105 tortury, kt\u00f3re normalnie w\u00a0Polsce dotycz\u0105 codziennie tysi\u0119cy ludzi \u2013\u00a0stwierdza Janusz Palikot. &#13;\n<\/p>\n<p>&#13;<br \/>\nBiznesmen zaznacza, \u017ce\u00a0zosta\u0142 &#8222;odarty z\u00a0godno\u015bci&#8221;, pozbawiony maj\u0105tku i\u00a0ma &#8222;z\u0142amane \u017cycie&#8221;. Opowiada, \u017ce\u00a0mia\u0142 problemy ze\u00a0zdrowiem i\u00a0pi\u0119ciokrotnie przebywa\u0142 w\u00a0szpitalu, bo\u00a0podejrzewano u\u00a0niego zawa\u0142. Dodaje, \u017ce\u00a0prze\u017cy\u0142 psychiczny dramat: \u2013\u00a0Wi\u0119\u017aniowie na\u00a0przyk\u0142ad codziennie wieczorem o\u00a019, wszyscy, te\u00a0kilkaset os\u00f3b, krzycz\u0105 &#8222;k**wo, pedofilu, powie\u015b si\u0119&#8221;. I\u00a0to jest codziennie potworny wrzask. Nie\u00a0da si\u0119 tego wytrzyma\u0107, bo\u00a0to jest jak w\u00a0\u015bredniowieczu przy \u015bcinaniu g\u0142owy. &#13;\n<\/p>\n<p>&#13;<br \/>\nCzytaj te\u017c:<br \/><a href=\"https:\/\/dorzeczy.pl\/kraj\/760449\/palikot-pomieszkuje-u-bylej-zony-obecna-go-porzucila.html\" rel=\"follow nofollow noopener\" data-schema=\"DORZECZY\" data-image=\"https:\/\/img.dorzeczy.pl\/_thumb\/85\/62\/4aff94ccca94401c2441537bccbe.jpeg\" target=\"_blank\">\u017bona odesz\u0142a od\u00a0Palikota. &#8222;W\u00a0trudnym momencie&#8221;<\/a>Czytaj te\u017c:<br \/><a href=\"https:\/\/dorzeczy.pl\/kraj\/760200\/palikot-jestem-ofiara-bodnara.html\" rel=\"follow nofollow noopener\" data-schema=\"DORZECZY\" data-image=\"https:\/\/img.dorzeczy.pl\/_thumb\/a0\/7b\/ddb0cc771b729c461d9722aa8169.jpeg\" target=\"_blank\">&#8222;Nie zrobi\u0142 nic&#8221;. Palikot: Jestem ofiar\u0105 Bodnara<\/a>&#13;<\/p>\n","protected":false},"excerpt":{"rendered":"&#13; Pod koniec stycznia 2025\u00a0r. biznesmen i\u00a0by\u0142y pose\u0142 Janusz Palikot opu\u015bci\u0142 areszt. Sp\u0119dzi\u0142 tam cztery miesi\u0105ce. Palikot zosta\u0142&hellip;\n","protected":false},"author":2,"featured_media":5022,"comment_status":"","ping_status":"","sticky":false,"template":"","format":"standard","meta":{"footnotes":""},"categories":[5],"tags":[2451,32,33,98,36,37,27,49,34,35,28,31,25,103,2450,42,38,40,39,41,29,30,26,2452,604,2453],"class_list":{"0":"post-5021","1":"post","2":"type-post","3":"status-publish","4":"format-standard","5":"has-post-thumbnail","7":"category-naglowki","8":"tag-areszt","9":"tag-breaking-news","10":"tag-breakingnews","11":"tag-dorzeczy","12":"tag-featured-news","13":"tag-featurednews","14":"tag-headlines","15":"tag-kraj","16":"tag-latest-news","17":"tag-latestnews","18":"tag-naglowki","19":"tag-najwazniejsze-artykuly","20":"tag-news","21":"tag-obserwator-mediow","22":"tag-palikot","23":"tag-pl","24":"tag-poland","25":"tag-polish","26":"tag-polska","27":"tag-polski","28":"tag-top-stories","29":"tag-topstories","30":"tag-wiadomosci","31":"tag-wiezienie","32":"tag-zarzuty","33":"tag-zuzanna-dabrowska-pieczynska"},"share_on_mastodon":{"url":"","error":""},"_links":{"self":[{"href":"https:\/\/www.europesays.com\/pl\/wp-json\/wp\/v2\/posts\/5021","targetHints":{"allow":["GET"]}}],"collection":[{"href":"https:\/\/www.europesays.com\/pl\/wp-json\/wp\/v2\/posts"}],"about":[{"href":"https:\/\/www.europesays.com\/pl\/wp-json\/wp\/v2\/types\/post"}],"author":[{"embeddable":true,"href":"https:\/\/www.europesays.com\/pl\/wp-json\/wp\/v2\/users\/2"}],"replies":[{"embeddable":true,"href":"https:\/\/www.europesays.com\/pl\/wp-json\/wp\/v2\/comments?post=5021"}],"version-history":[{"count":0,"href":"https:\/\/www.europesays.com\/pl\/wp-json\/wp\/v2\/posts\/5021\/revisions"}],"wp:featuredmedia":[{"embeddable":true,"href":"https:\/\/www.europesays.com\/pl\/wp-json\/wp\/v2\/media\/5022"}],"wp:attachment":[{"href":"https:\/\/www.europesays.com\/pl\/wp-json\/wp\/v2\/media?parent=5021"}],"wp:term":[{"taxonomy":"category","embeddable":true,"href":"https:\/\/www.europesays.com\/pl\/wp-json\/wp\/v2\/categories?post=5021"},{"taxonomy":"post_tag","embeddable":true,"href":"https:\/\/www.europesays.com\/pl\/wp-json\/wp\/v2\/tags?post=5021"}],"curies":[{"name":"wp","href":"https:\/\/api.w.org\/{rel}","templated":true}]}}