{"id":50216,"date":"2025-10-15T11:01:07","date_gmt":"2025-10-15T11:01:07","guid":{"rendered":"https:\/\/www.europesays.com\/pl\/50216\/"},"modified":"2025-10-15T11:01:07","modified_gmt":"2025-10-15T11:01:07","slug":"zbrodnia-w-barcicach-nowe-informacje-od-policji-i-prokuratury","status":"publish","type":"post","link":"https:\/\/www.europesays.com\/pl\/50216\/","title":{"rendered":"Zbrodnia w Barcicach. Nowe informacje od policji i prokuratury"},"content":{"rendered":"<p class=\"Paragraph_desktopParagraph__U31Gm\">\u2014 Wst\u0119pne ogl\u0119dziny na miejscu zdarzenia wskazywa\u0142y na to, \u017ce do ich \u015bmierci mog\u0142y przyczyni\u0107 si\u0119 inne osoby. Ustalono r\u00f3wnie\u017c, \u017ce w domu zamieszkiwa\u0142 25-letni m\u0119\u017cczyzna, kt\u00f3rego w chwili zg\u0142oszenia nie by\u0142o na miejscu \u2014 powiedzia\u0142a przedstawicielka policji. Doda\u0142a, \u017ce oko\u0142o 9.30 policjanci zatrzymali poszukiwanego w jednym z pustostan\u00f3w.<\/p>\n<p class=\"Paragraph_desktopParagraph__U31Gm\">\u2014 Obecnie z tym m\u0119\u017cczyzn\u0105 przeprowadzane s\u0105 czynno\u015bci procesowe \u2014 doda\u0142a policjantka. Przedstawicielka policji by\u0142a dopytywana przez dziennikarzy o to, kto zg\u0142osi\u0142, \u017ce w domu mog\u0142o doj\u015b\u0107 do tragedii. \u2014 Otrzymali\u015bmy informacje z Centrum Powiadomienia Ratunkowego. Wiemy, \u017ce zg\u0142osi\u0142a to kobieta \u2014 odpowiedzia\u0142a.<\/p>\n<ul class=\"OchatFollowUps_wrapper__1ry7X\">\n<li class=\"OchatFollowUps_item__Dhyly OchatFollowUps_itemDesktop__R6aBv\">Kto zg\u0142osi\u0142 zbrodni\u0119 w Barcicach?<\/li>\n<li class=\"OchatFollowUps_item__Dhyly OchatFollowUps_itemDesktop__R6aBv\">Jakie obra\u017cenia mia\u0142y ofiary?<\/li>\n<li class=\"OchatFollowUps_item__Dhyly OchatFollowUps_itemDesktop__R6aBv\">Gdzie zatrzymano podejrzanego?<\/li>\n<li class=\"OchatFollowUps_item__Dhyly OchatFollowUps_itemDesktop__R6aBv\">Czy znane s\u0105 motywy sprawcy?<\/li>\n<\/ul>\n<p class=\"Paragraph_desktopParagraph__U31Gm\">G\u0142os w sprawie zabra\u0142a r\u00f3wnie\u017c przedstawicielka Prokuratury Okr\u0119gowej w Nowym S\u0105czu. \u2014 Osoby zmar\u0142e mia\u0142y obra\u017cenia g\u0142owy. W tej sprawie zatrzymano 25-letniego m\u0119\u017cczyzn\u0119, syna jednej z ofiar tego zdarzenia \u2014 przekaza\u0142a. Doda\u0142a, \u017ce podejrzany zosta\u0142 zatrzymany niedaleko miejsca zbrodni w opuszczonym budynku.<\/p>\n<p class=\"Paragraph_desktopParagraph__U31Gm\">Na ten moment nie s\u0105 znane motywy dzia\u0142ania sprawcy. Prokuratura nie chcia\u0142a r\u00f3wnie\u017c m\u00f3wi\u0107 o potencjalnym narz\u0119dziu zbrodni. \u015aledczy b\u0119d\u0105 weryfikowa\u0107, czy w przesz\u0142o\u015bci by\u0142y interwencje dotycz\u0105ce rodziny.<\/p>\n<p class=\"Paragraph_desktopParagraph__U31Gm\">\u2014 W tym momencie z tym m\u0119\u017cczyzn\u0105 prowadzone s\u0105 rutynowe dzia\u0142ania zwi\u0105zane z ogl\u0119dzinami jego cia\u0142a. Jest poddawany badaniu na zawarto\u015b\u0107 alkoholu w organizmie \u2014 poinformowa\u0142a przedstawicielka prokuratury. Doda\u0142a, \u017ce ogl\u0119dziny na miejscu zdarzenia mog\u0105 potrwa\u0107 do p\u00f3\u017anych godzin popo\u0142udniowych.<\/p>\n<p class=\"Paragraph_desktopParagraph__U31Gm\">W \u015brod\u0119, 15 pa\u017adziernika, ok. godz. 7.30 oficer dy\u017curny Komendy Miejskiej Policji w Nowym S\u0105czu z Wojew\u00f3dzkiego Centrum Powiadamiania Ratunkowego otrzyma\u0142 zg\u0142oszenie, \u017ce<a href=\"https:\/\/wiadomosci.onet.pl\/krakow\/trzy-ciala-znalezione-w-barcicach-oblawa-za-25-latkiem-zakonczona\/bnkepkv\" id=\"e7e4a98a-de9c-4020-8723-becb8f1d342d\" rel=\"nofollow noopener\" target=\"_blank\"> w jednym z dom\u00f3w jednorodzinnych na terenie gminy Stary S\u0105cz znaleziono cia\u0142a trzech os\u00f3b.<\/a><\/p>\n<p class=\"Paragraph_desktopParagraph__U31Gm\">Jak podaje policja, ofiary to dw\u00f3ch m\u0119\u017cczyzn w wieku 45 i 66 lat, a tak\u017ce 52-letnia kobieta. Wszyscy troje to mieszka\u0144cy tego domu.<\/p>\n","protected":false},"excerpt":{"rendered":"\u2014 Wst\u0119pne ogl\u0119dziny na miejscu zdarzenia wskazywa\u0142y na to, \u017ce do ich \u015bmierci mog\u0142y przyczyni\u0107 si\u0119 inne osoby.&hellip;\n","protected":false},"author":2,"featured_media":50217,"comment_status":"","ping_status":"","sticky":false,"template":"","format":"standard","meta":{"footnotes":""},"categories":[5],"tags":[32,33,36,37,27,34,35,13399,28,31,53,25,52,68,51,55,42,38,251,40,39,41,1627,47,29,30,65,50,26,3459],"class_list":{"0":"post-50216","1":"post","2":"type-post","3":"status-publish","4":"format-standard","5":"has-post-thumbnail","7":"category-naglowki","8":"tag-breaking-news","9":"tag-breakingnews","10":"tag-featured-news","11":"tag-featurednews","12":"tag-headlines","13":"tag-latest-news","14":"tag-latestnews","15":"tag-m_glo_sticky_tst2","16":"tag-naglowki","17":"tag-najwazniejsze-artykuly","18":"tag-new_header","19":"tag-news","20":"tag-onet3","21":"tag-onet3d","22":"tag-onet3d_2i","23":"tag-phx","24":"tag-pl","25":"tag-poland","26":"tag-policja_policjanci_policjant_policjantka_policjantki","27":"tag-polish","28":"tag-polska","29":"tag-polski","30":"tag-prokuratura","31":"tag-screening_general","32":"tag-top-stories","33":"tag-topstories","34":"tag-update_me","35":"tag-v2021","36":"tag-wiadomosci","37":"tag-zabojstwo_morderstwo_morderstwa_zabojstwa"},"share_on_mastodon":{"url":"","error":""},"_links":{"self":[{"href":"https:\/\/www.europesays.com\/pl\/wp-json\/wp\/v2\/posts\/50216","targetHints":{"allow":["GET"]}}],"collection":[{"href":"https:\/\/www.europesays.com\/pl\/wp-json\/wp\/v2\/posts"}],"about":[{"href":"https:\/\/www.europesays.com\/pl\/wp-json\/wp\/v2\/types\/post"}],"author":[{"embeddable":true,"href":"https:\/\/www.europesays.com\/pl\/wp-json\/wp\/v2\/users\/2"}],"replies":[{"embeddable":true,"href":"https:\/\/www.europesays.com\/pl\/wp-json\/wp\/v2\/comments?post=50216"}],"version-history":[{"count":0,"href":"https:\/\/www.europesays.com\/pl\/wp-json\/wp\/v2\/posts\/50216\/revisions"}],"wp:featuredmedia":[{"embeddable":true,"href":"https:\/\/www.europesays.com\/pl\/wp-json\/wp\/v2\/media\/50217"}],"wp:attachment":[{"href":"https:\/\/www.europesays.com\/pl\/wp-json\/wp\/v2\/media?parent=50216"}],"wp:term":[{"taxonomy":"category","embeddable":true,"href":"https:\/\/www.europesays.com\/pl\/wp-json\/wp\/v2\/categories?post=50216"},{"taxonomy":"post_tag","embeddable":true,"href":"https:\/\/www.europesays.com\/pl\/wp-json\/wp\/v2\/tags?post=50216"}],"curies":[{"name":"wp","href":"https:\/\/api.w.org\/{rel}","templated":true}]}}