{"id":50228,"date":"2025-10-15T11:09:10","date_gmt":"2025-10-15T11:09:10","guid":{"rendered":"https:\/\/www.europesays.com\/pl\/50228\/"},"modified":"2025-10-15T11:09:10","modified_gmt":"2025-10-15T11:09:10","slug":"dramat-reprezentanta-polski-moze-stracic-nawet-pol-sezonu","status":"publish","type":"post","link":"https:\/\/www.europesays.com\/pl\/50228\/","title":{"rendered":"Dramat reprezentanta Polski. Mo\u017ce straci\u0107 nawet p\u00f3\u0142 sezonu"},"content":{"rendered":"\n<p class=\"contentpart contentpart--default contentpart--text\" data-position=\"0\"><a href=\"https:\/\/sportowefakty.wp.pl\/siatkowka\/maksymilian-granieczny\" rel=\"nofollow noopener\" target=\"_blank\">Maksymilian Granieczny<\/a>\u00a0przed startem kolejnego sezonu <a href=\"https:\/\/sportowefakty.wp.pl\/siatkowka\/plusliga\" rel=\"nofollow noopener\" target=\"_blank\">PlusLigi<\/a>\u00a0przeni\u00f3s\u0142 si\u0119 z <a href=\"https:\/\/sportowefakty.wp.pl\/siatkowka\/agencja-inwestycyjna-stilon-gorzow\" rel=\"nofollow noopener\" target=\"_blank\">Cuprum Stilonu Gorz\u00f3w<\/a>\u00a0do\u00a0<a href=\"https:\/\/sportowefakty.wp.pl\/siatkowka\/jastrzebski-wegiel\" rel=\"nofollow noopener\" target=\"_blank\">JSW Jastrz\u0119bskiego W\u0119gla<\/a>. Wspomniany transfer w\u015br\u00f3d sympatyk\u00f3w ekipy mistrza Polski wzbudzi\u0142 olbrzymie nadzieje. Niestety pierwsze wyst\u0119py dla 20-latka okaza\u0142y si\u0119 niezwykle pechowe. Reprezentant <a href=\"https:\/\/sportowefakty.wp.pl\/siatkowka\/reprezentacja\" rel=\"nofollow noopener\" target=\"_blank\">Polski<\/a>\u00a0w sobotnim spotkaniu towarzyskim dozna\u0142 bowiem kontuzji, kt\u00f3ra mo\u017ce wykluczy\u0107 go z gry przez najbli\u017csze kilka miesi\u0119cy.<\/p>\n<p class=\"contentpart contentpart--default contentpart--text\" data-position=\"1\">&#8222;Podczas wczorajszego (sobotniego &#8211; dop. red.) meczu Maksymilian Granieczny dozna\u0142 kontuzji. Wst\u0119pne badanie wykaza\u0142o z\u0142amanie ko\u015bci \u015br\u00f3dr\u0119cza. Po powrocie na \u015al\u0105sk nasz libero przejdzie dalsze badania daj\u0105ce odpowied\u017a, jak d\u0142uga przerwa w grze czeka naszego zawodnika&#8221; &#8211; poinformowa\u0142 w minion\u0105 niedziel\u0119 (12 pa\u017adziernika &#8211; dop. red.) jego klub.<\/p>\n<p> <img role=\"presentation\" src=\"https:\/\/std.wpcdn.pl\/images\/adv\/placeholder_wp.svg\" loading=\"lazy\" alt=\"\" decoding=\"async\"\/>  <\/p>\n<p class=\"contentpart contentpart--default contentpart--text\" data-position=\"2\">ZOBACZ WIDEO: Pod Siatk\u0105: Polacy ju\u017c w kraju. Grbi\u0107 nie ukrywa\u0142 rozczarowania<\/p>\n<p class=\"contentpart contentpart--default contentpart--text\" data-position=\"4\">Uraz 20-letniego zawodnika to ogromna strata dla jastrz\u0119bian. Granieczny mia\u0142 by\u0107 numerem jeden na pozycji libero w zespole prowadzonym od tego sezonu przez\u00a0Andrzeja Kowala. Sam szkoleniowiec doskonale zna m\u0142odego siatkarza, bo mia\u0142 okazj\u0119 wsp\u00f3\u0142pracowa\u0107 z nim w sezonie 2024\/25 w Stilonie.<\/p>\n<p class=\"contentpart contentpart--default contentpart--text\" data-position=\"5\">Pierwsze prognozy m\u00f3wi\u0142y o tym, \u017ce\u00a0m\u0142odego libero prawdopodobnie nie zobaczymy na parkiecie w tym roku kalendarzowym. Ostatnie, nieoficjalne doniesienia, s\u0105 jeszcze bardziej dramatyczne. Jak przekaza\u0142 <a href=\"https:\/\/sportowefakty.wp.pl\/siatkowka\/marek-magiera\" rel=\"nofollow noopener\" target=\"_blank\">Marek Magiera<\/a>, komentator stacji Polsat Sport, pauza zawodnika mo\u017ce okaza\u0107 si\u0119 d\u0142u\u017csza, ni\u017c pocz\u0105tkowo zak\u0142adano.<\/p>\n<p class=\"contentpart contentpart--default contentpart--text\" data-position=\"6\">&#8211; Kontuzja Maksymiliana Graniecznego nas martwi, bo okaza\u0142o si\u0119, \u017ce wyniki bada\u0144 pokaza\u0142y, \u017ce ta przerwa b\u0119dzie troszeczk\u0119 d\u0142u\u017csza ni\u017c si\u0119 zapowiada\u0142o. M\u00f3wi\u0142o si\u0119 o czterech-sze\u015bciu tygodniach, a to wszystko mo\u017ce przed\u0142u\u017cy\u0107 si\u0119 nawet do trzech miesi\u0119cy. Niewykluczone, \u017ce potrzebna b\u0119dzie interwencja chirurgiczna &#8211; powiedzia\u0142 telewizyjny ekspert i komentator w programie &#8222;w &#8222;Polsat SiatCast&#8221;.<\/p>\n<p> <img role=\"presentation\" src=\"https:\/\/std.wpcdn.pl\/images\/adv\/placeholder_wp.svg\" loading=\"lazy\" alt=\"\" decoding=\"async\"\/>  <\/p>\n<p class=\"contentpart contentpart--default contentpart--text\" data-position=\"7\">Nie wiadomo jeszcze, czy Jastrz\u0119bski W\u0119giel b\u0119dzie poszukiwa\u0142 zast\u0119pstwa na czas niedyspozycji swojego gracza. Weekendowy turniej towarzyski w Lublinie na tej pozycji doko\u0144czy\u0142\u00a0Jakub Jurczyk. Niewykluczone, \u017ce klub si\u0119gnie po kolejnego wychowanka Akademii Talent\u00f3w Jastrz\u0119bskiego W\u0119gla &#8211; Paw\u0142a Gemborysa.<\/p>\n<p class=\"contentpart contentpart--default contentpart--text\" data-position=\"8\">Runda zasadnicza PlusLigi rozpocznie si\u0119 20 pa\u017adziernika 2025 do 14 marca 2026 r. Mecze fina\u0142owe sezonu zaplanowano w dniach 29 kwietnia &#8211; 13 maja 2026 r.<\/p>\n","protected":false},"excerpt":{"rendered":"Maksymilian Granieczny\u00a0przed startem kolejnego sezonu PlusLigi\u00a0przeni\u00f3s\u0142 si\u0119 z Cuprum Stilonu Gorz\u00f3w\u00a0do\u00a0JSW Jastrz\u0119bskiego W\u0119gla. Wspomniany transfer w\u015br\u00f3d sympatyk\u00f3w ekipy&hellip;\n","protected":false},"author":2,"featured_media":14623,"comment_status":"","ping_status":"","sticky":false,"template":"","format":"standard","meta":{"footnotes":""},"categories":[24],"tags":[13664,5410,7370,42,6242,710,38,40,39,41,131,127,126],"class_list":{"0":"post-50228","1":"post","2":"type-post","3":"status-publish","4":"format-standard","5":"has-post-thumbnail","7":"category-sport","8":"tag-jsw-jastrzebski-wegiel","9":"tag-maksymilian-granieczny","10":"tag-marek-magiera","11":"tag-pl","12":"tag-plusliga","13":"tag-pod-siatka","14":"tag-poland","15":"tag-polish","16":"tag-polska","17":"tag-polski","18":"tag-siatkowka","19":"tag-sport","20":"tag-sports"},"share_on_mastodon":{"url":"","error":""},"_links":{"self":[{"href":"https:\/\/www.europesays.com\/pl\/wp-json\/wp\/v2\/posts\/50228","targetHints":{"allow":["GET"]}}],"collection":[{"href":"https:\/\/www.europesays.com\/pl\/wp-json\/wp\/v2\/posts"}],"about":[{"href":"https:\/\/www.europesays.com\/pl\/wp-json\/wp\/v2\/types\/post"}],"author":[{"embeddable":true,"href":"https:\/\/www.europesays.com\/pl\/wp-json\/wp\/v2\/users\/2"}],"replies":[{"embeddable":true,"href":"https:\/\/www.europesays.com\/pl\/wp-json\/wp\/v2\/comments?post=50228"}],"version-history":[{"count":0,"href":"https:\/\/www.europesays.com\/pl\/wp-json\/wp\/v2\/posts\/50228\/revisions"}],"wp:featuredmedia":[{"embeddable":true,"href":"https:\/\/www.europesays.com\/pl\/wp-json\/wp\/v2\/media\/14623"}],"wp:attachment":[{"href":"https:\/\/www.europesays.com\/pl\/wp-json\/wp\/v2\/media?parent=50228"}],"wp:term":[{"taxonomy":"category","embeddable":true,"href":"https:\/\/www.europesays.com\/pl\/wp-json\/wp\/v2\/categories?post=50228"},{"taxonomy":"post_tag","embeddable":true,"href":"https:\/\/www.europesays.com\/pl\/wp-json\/wp\/v2\/tags?post=50228"}],"curies":[{"name":"wp","href":"https:\/\/api.w.org\/{rel}","templated":true}]}}