{"id":5023,"date":"2025-09-19T17:27:07","date_gmt":"2025-09-19T17:27:07","guid":{"rendered":"https:\/\/www.europesays.com\/pl\/5023\/"},"modified":"2025-09-19T17:27:07","modified_gmt":"2025-09-19T17:27:07","slug":"sec-padrubice-dudek-mistrzem-europy-woryna-walczy-o-braz-na-zywo-przeglad-sportowy-onet","status":"publish","type":"post","link":"https:\/\/www.europesays.com\/pl\/5023\/","title":{"rendered":"SEC Padrubice: Dudek mistrzem Europy! Woryna walczy o br\u0105z [NA \u017bYWO] &#8211; Przegl\u0105d Sportowy Onet"},"content":{"rendered":"<ol>\n<li><a href=\"https:\/\/news.google.com\/rss\/articles\/CBMiuwFBVV95cUxQR083TzB4TC1QSlBZTFhjY1FuOUQyc0VDaDhDVm1oSXhEc3BubmpLa1BKTlpmTEZtcHoxZDNUNlpCWjZKcG1fb2lBNEo3OUZZXzEya18za1NqRktjNGZDSDQ5N0dSYXhqd18tSjZxQXhBYlBtOVdaTmJGX0JhUkZMU0drUkIyRGt5Y3F5ekQwSjNyNVZMQXJKREs1LWJOc3RTcU5fRkR3LWtSRklzZTVYUlRzRnFENDEyTXl3?oc=5\" target=\"_blank\" rel=\"nofollow noopener\">SEC Padrubice: Dudek mistrzem Europy! Woryna walczy o br\u0105z [NA \u017bYWO]<\/a>&nbsp;&nbsp;Przegl\u0105d Sportowy Onet<\/li>\n<li><a href=\"https:\/\/news.google.com\/rss\/articles\/CBMixgFBVV95cUxNb1F1QV93bS1LemotY0xJYjYxOTdyTVlEd1hMd3BjLUZsS1djOWdHeDFuY2FXRExHU2V2b21SYXpVVlBzWDJJMFBtSWNlbjM3dVp5R3RwWEpNQ3o1OU8wRWhqaXg3aThuZktYWG03MlNKeUhfbVdYQjFhc2d6MjE0bTFvcEhOakxRTHp4ZmJtVS1CTTk0dXpEaHVNd1RfVk5OSFZta0FxOVNuOTRNNEFpUEZIcWhqa1d0bzdUWTBESHJqbFJVblE?oc=5\" target=\"_blank\" rel=\"nofollow noopener\">Sta\u0142o si\u0119! Patryk Dudek mistrzem Europy! Kolejny Polak z awansem do Grand Prix<\/a>&nbsp;&nbsp;Przegl\u0105d Sportowy Onet<\/li>\n<li><a href=\"https:\/\/news.google.com\/rss\/articles\/CBMingFBVV95cUxPQi1oS2k3VVFmNVdObmZPQnMzRUR2UFhCX254RWlBdF90YXA1QzFJTGJwTDRBN1RaT1FVOU1FamVtN3VEX2lwU0hyeUhzdVpNckRyZUZaMVd1ckVPUGlNMldjdlIweWxWSHotaERXTE1kbVU2MkZ1UjhHVGNRWHJ4UEk5cnVMbm1PcnVVVjJkN29QbUdFcEo0N09FNnA4UQ?oc=5\" target=\"_blank\" rel=\"nofollow noopener\">Patryk Dudek mistrzem Europy na \u017cu\u017clu. Wygra\u0142 cykl SEC 2025 i pojedzie w Grand Prix 2026!<\/a>&nbsp;&nbsp;TVP Bydgoszcz<\/li>\n<li><a href=\"https:\/\/news.google.com\/rss\/articles\/CBMikAFBVV95cUxPcFV5M2Z0RlNaSnptVHlUT3BwX3l3WHdEbnA5RHF5cGwzTnRPTk5RNzFXOUdaWUZqRGVVZkVmVG12QUhhQnN2TDdvczNsamtpemtIVkVRSnhveTdNcGh4aHIycTE5eE51RnRYeEhMTDVQZ09zR3ljbFp1dVNOTDZITkl5OU5TSld3U1MtNl9EaTM?oc=5\" target=\"_blank\" rel=\"nofollow noopener\">Zlata Stuha w Pardubicach relacja na \u017cywo &#8211; Statystyki<\/a>&nbsp;&nbsp;SportoweFakty<\/li>\n<li><a href=\"https:\/\/news.google.com\/rss\/articles\/CBMiowFBVV95cUxPYXlocmZqRUtFdEItVVU2WmJkZ1pUWGx1WnhxQnhxblZnY1I3bmFESmJJLW54Z1U5dG9Fby1xby1GTUZ2dGhSbWxYRjJDR2lzRUhaenkyejZnMGNTbmJaTlpFcUUyU0tLeEpfa0cwMUg4UEV0S2VkSDA5emxpbXlSM0hrT1ZfRXplUk1IS2RCRmI5ckNacGI2bktTeEFudE9uSkRF?oc=5\" target=\"_blank\" rel=\"nofollow noopener\">Lebiediew zapowiada walk\u0119 o zwyci\u0119stwo<\/a>&nbsp;&nbsp;EchoGorzowa<\/li>\n<\/ol>\n","protected":false},"excerpt":{"rendered":"SEC Padrubice: Dudek mistrzem Europy! Woryna walczy o br\u0105z [NA \u017bYWO]&nbsp;&nbsp;Przegl\u0105d Sportowy Onet Sta\u0142o si\u0119! Patryk Dudek mistrzem&hellip;\n","protected":false},"author":2,"featured_media":5024,"comment_status":"","ping_status":"","sticky":false,"template":"","format":"standard","meta":{"footnotes":""},"categories":[24],"tags":[188,42,38,40,39,41,136,128,47,2454,127,135,126],"class_list":{"0":"post-5023","1":"post","2":"type-post","3":"status-publish","4":"format-standard","5":"has-post-thumbnail","7":"category-sport","8":"tag-liveblog","9":"tag-pl","10":"tag-poland","11":"tag-polish","12":"tag-polska","13":"tag-polski","14":"tag-ps_detal_new","15":"tag-psv2","16":"tag-screening_general","17":"tag-sec","18":"tag-sport","19":"tag-sport_sport","20":"tag-sports"},"share_on_mastodon":{"url":"","error":""},"_links":{"self":[{"href":"https:\/\/www.europesays.com\/pl\/wp-json\/wp\/v2\/posts\/5023","targetHints":{"allow":["GET"]}}],"collection":[{"href":"https:\/\/www.europesays.com\/pl\/wp-json\/wp\/v2\/posts"}],"about":[{"href":"https:\/\/www.europesays.com\/pl\/wp-json\/wp\/v2\/types\/post"}],"author":[{"embeddable":true,"href":"https:\/\/www.europesays.com\/pl\/wp-json\/wp\/v2\/users\/2"}],"replies":[{"embeddable":true,"href":"https:\/\/www.europesays.com\/pl\/wp-json\/wp\/v2\/comments?post=5023"}],"version-history":[{"count":0,"href":"https:\/\/www.europesays.com\/pl\/wp-json\/wp\/v2\/posts\/5023\/revisions"}],"wp:featuredmedia":[{"embeddable":true,"href":"https:\/\/www.europesays.com\/pl\/wp-json\/wp\/v2\/media\/5024"}],"wp:attachment":[{"href":"https:\/\/www.europesays.com\/pl\/wp-json\/wp\/v2\/media?parent=5023"}],"wp:term":[{"taxonomy":"category","embeddable":true,"href":"https:\/\/www.europesays.com\/pl\/wp-json\/wp\/v2\/categories?post=5023"},{"taxonomy":"post_tag","embeddable":true,"href":"https:\/\/www.europesays.com\/pl\/wp-json\/wp\/v2\/tags?post=5023"}],"curies":[{"name":"wp","href":"https:\/\/api.w.org\/{rel}","templated":true}]}}