{"id":502344,"date":"2026-06-18T17:59:12","date_gmt":"2026-06-18T17:59:12","guid":{"rendered":"https:\/\/www.europesays.com\/pl\/502344\/"},"modified":"2026-06-18T17:59:12","modified_gmt":"2026-06-18T17:59:12","slug":"uniwersytet-przyrodniczy-otworzy-studencka-stolowke-to-pierwsza-taka-w-polsce-2","status":"publish","type":"post","link":"https:\/\/www.europesays.com\/pl\/502344\/","title":{"rendered":"Uniwersytet Przyrodniczy otworzy studenck\u0105 sto\u0142\u00f3wk\u0119. To pierwsza taka w Polsce!"},"content":{"rendered":"<p>Uniwersytet Przyrodniczy otworzy studenck\u0105 sto\u0142\u00f3wk\u0119.<\/p>\n<p>Fot. UPWr \/ mat. prasowe<\/p>\n<p>To ma by\u0107 nie tylko miejsce, w kt\u00f3rym b\u0119dzie mo\u017cna si\u0119 posili\u0107. Studencka sto\u0142\u00f3wka wroc\u0142awskiego Uniwersytetu Przyrodniczego ma \u0142\u0105czy\u0107 funkcje spo\u0142eczne, edukacyjne i produkcyjne. Ma by\u0107 zdrowo, sezonowo i tanio.<\/p>\n<p style=\"text-align: justify;\">Tanie, sezonowe i przygotowane z produkt\u00f3w wyhodowanych przez sam\u0105 uczelni\u0119. Uniwersytet Przyrodniczy we Wroc\u0142awiu uruchomi w\u0142asn\u0105 sto\u0142\u00f3wk\u0119 akademick\u0105, kt\u00f3ra ma by\u0107 jednocze\u015bnie miejscem \u017cywienia, edukacji i bada\u0144 naukowych. Cz\u0119\u015b\u0107 warzyw i owoc\u00f3w trafi do kuchni prosto z uczelnianych gospodarstw i sad\u00f3w, a menu b\u0119dzie zmienia\u0107 si\u0119 wraz z dost\u0119pno\u015bci\u0105 produkt\u00f3w. O tym, co znajdzie si\u0119 na talerzach student\u00f3w, m\u00f3wi dr in\u017c. Marta Czaplicka z Katedry Ogrodnictwa Uniwersytetu Przyrodniczego we Wroc\u0142awiu:<\/p>\n<p style=\"text-align: justify;\">&#8211;\u00a0Tanio, dobrze i smacznie b\u0119dzie te\u017c wtedy, kiedy b\u0119dziemy bazowa\u0107 na tym, co faktycznie u nas ro\u015bnie. W pa\u017adzierniku to na pewno b\u0119dzie &#8211; poza ziemniakiem &#8211; dynia. W styczniu czy w lutym na pewno b\u0119dziemy bazowa\u0107 na kompotach, kiszonkach i innych przetworach. Z kolei w maju pojawi\u0105 si\u0119 nowalijki.<\/p>\n<p>&#13;<br \/>\n\t\t\t\t\t\t\t\t\t\tAby ods\u0142ucha\u0107 za\u0142\u0105czonego d\u017awi\u0119ku zaktualizuj przegl\u0105dark\u0119 lub\/i wtyczk\u0119 Adobe Flash Player.&#13;\n\t\t\t\t\t\t\t\t\t<\/p>\n<p style=\"text-align: justify;\">Ceny posi\u0142k\u00f3w maj\u0105 by\u0107 dostosowane do mo\u017cliwo\u015bci studenckiego portfela. To pierwszy taki projekt finansowany przez Ministerstwo Nauki i Szkolnictwa Wy\u017cszego w Polsce. A na pierwszy posi\u0142ek w uczelnianej sto\u0142\u00f3wce studenci poczekaj\u0105 do przysz\u0142ego roku akademickiego.<\/p>\n","protected":false},"excerpt":{"rendered":"Uniwersytet Przyrodniczy otworzy studenck\u0105 sto\u0142\u00f3wk\u0119. Fot. UPWr \/ mat. prasowe To ma by\u0107 nie tylko miejsce, w kt\u00f3rym&hellip;\n","protected":false},"author":2,"featured_media":502301,"comment_status":"","ping_status":"","sticky":false,"template":"","format":"standard","meta":{"footnotes":"","_share_on_mastodon":"0"},"categories":[51607],"tags":[97552,6126,42,38,40,31127,39,41,54820,97553,71695,81259,43260,14881,31600,1853],"class_list":["post-502344","post","type-post","status-publish","format-standard","has-post-thumbnail","category-wroclaw","tag-otworzy","tag-pierwsza","tag-pl","tag-poland","tag-polish","tag-polsce","tag-polska","tag-polski","tag-przyrodniczy","tag-stolowke","tag-studencka","tag-taka","tag-to","tag-uniwersytet","tag-w","tag-wroclaw"],"share_on_mastodon":{"url":"https:\/\/pubeurope.com\/@pl\/116772416100233383","error":""},"_links":{"self":[{"href":"https:\/\/www.europesays.com\/pl\/wp-json\/wp\/v2\/posts\/502344","targetHints":{"allow":["GET"]}}],"collection":[{"href":"https:\/\/www.europesays.com\/pl\/wp-json\/wp\/v2\/posts"}],"about":[{"href":"https:\/\/www.europesays.com\/pl\/wp-json\/wp\/v2\/types\/post"}],"author":[{"embeddable":true,"href":"https:\/\/www.europesays.com\/pl\/wp-json\/wp\/v2\/users\/2"}],"replies":[{"embeddable":true,"href":"https:\/\/www.europesays.com\/pl\/wp-json\/wp\/v2\/comments?post=502344"}],"version-history":[{"count":0,"href":"https:\/\/www.europesays.com\/pl\/wp-json\/wp\/v2\/posts\/502344\/revisions"}],"wp:featuredmedia":[{"embeddable":true,"href":"https:\/\/www.europesays.com\/pl\/wp-json\/wp\/v2\/media\/502301"}],"wp:attachment":[{"href":"https:\/\/www.europesays.com\/pl\/wp-json\/wp\/v2\/media?parent=502344"}],"wp:term":[{"taxonomy":"category","embeddable":true,"href":"https:\/\/www.europesays.com\/pl\/wp-json\/wp\/v2\/categories?post=502344"},{"taxonomy":"post_tag","embeddable":true,"href":"https:\/\/www.europesays.com\/pl\/wp-json\/wp\/v2\/tags?post=502344"}],"curies":[{"name":"wp","href":"https:\/\/api.w.org\/{rel}","templated":true}]}}