{"id":50258,"date":"2025-10-15T11:35:07","date_gmt":"2025-10-15T11:35:07","guid":{"rendered":"https:\/\/www.europesays.com\/pl\/50258\/"},"modified":"2025-10-15T11:35:07","modified_gmt":"2025-10-15T11:35:07","slug":"zbrodnia-w-barcicach-w-domu-znaleziono-zwloki-trzech-osob-onet","status":"publish","type":"post","link":"https:\/\/www.europesays.com\/pl\/50258\/","title":{"rendered":"Zbrodnia w Barcicach. W domu znaleziono zw\u0142oki trzech os\u00f3b &#8211; Onet"},"content":{"rendered":"<ol>\n<li><a href=\"https:\/\/news.google.com\/rss\/articles\/CBMitwFBVV95cUxNWEVEeUsxYmF1RDQzRUtvNTZrQlByNXVSUWRZdUVXXzhlNHM1eG9mTm85ejA3NWZyUEJ0Q2pqS1V3SzNkOVJwUGFHcEFhQXYxWmFTSldLMlRFY0xXckxCWlhIeHNNa0pVbnNad0FLdEN3N2dBNUZIdXNqZDFfVWt6anZxSExBYW1HLU1jUG1hcFNFNTEzTjdJaFpTWjZiajQtaFJEWklCbm5FM1k0bWtjSmlkNmt4eWs?oc=5\" target=\"_blank\" rel=\"nofollow noopener\">Zbrodnia w Barcicach. W domu znaleziono zw\u0142oki trzech os\u00f3b<\/a>&nbsp;&nbsp;Onet<\/li>\n<li><a href=\"https:\/\/news.google.com\/rss\/articles\/CBMi2wFBVV95cUxNbkZMeS1GNmpoLUU3ei0walJVdmpLdHpwdzlMbTRyTHg5bG5RNTYtb3ZtVWh5X0dScTFjTk16OUtXWTdUU1o1bDRzbFlhY1BOTTJZdENNSk5kZ2tjbmwxRXE5NGhsYlJwZXlTdnJKUk1vaEF5bkswS1hiT0hMWXFGRFdock83T3FCQjh5QjcwUjlDNG5neXk1aHMwSS1DYndvMHFCOE50b0JRZWt2SXlaYmtVQzAyZk8tQllKUjBMTkRMTndGQUZUWW9hbzd1RG92RDFaeVNvUHZMeW8?oc=5\" target=\"_blank\" rel=\"nofollow noopener\">Zbrodnia w Barcicach. W domu znaleziono trzy cia\u0142a. Podejrzewany jest w r\u0119kach policji<\/a>&nbsp;&nbsp;Onet<\/li>\n<li><a href=\"https:\/\/news.google.com\/rss\/articles\/CBMitAFBVV95cUxNRVNUUHpFcXBFOEVPb0huMmdXUVVoX1lkTTAwMTZaNWhobHBiSzZ2UTlZS3l4VWdueUY4dGM1UHBkZkNBbnJVTmh2czVhMFhEeUY2MmRBbHphU2lpdGVBbFdBZmViX0ZmQjVNNVI0WmV6WDRNMHlGZXptaHRiOXRHMFRaYnZzQ3lTLVgzVl9Hd0RRLXVDT3lNbFB0OFpyanFtSFIxclo2R0VUR1JiT181ek44TVQ?oc=5\" target=\"_blank\" rel=\"nofollow noopener\">Zbrodnia w Ma\u0142opolsce. W domu odkryto cia\u0142a trzech os\u00f3b. Zatrzymano 25-latka<\/a>&nbsp;&nbsp;Interia<\/li>\n<li><a href=\"https:\/\/news.google.com\/rss\/articles\/CBMiuAFBVV95cUxNV3BOQWkzd3ZxRUM0SzdISEFlZTJpcGowRW8ySTB2SF92cmoybVZlOU5VMm9YZTBGU0w0c2FkZmdoNnF2V21CQjRfV3RCQnhYSk5NUmx6WUc0Y0p1QTZ6V3dobEVfV0VSS193UUNYZGFMcFNVUjVkLWROb3NhTHBBUlk3V1JZXzdzaTU0bGZVZ2l5ck9QSWlBd2hSZHlyOERRQ1A5VV9jN0hScjdnQUZZYVRrTHdvZnBR?oc=5\" target=\"_blank\" rel=\"nofollow noopener\">W Ma\u0142opolsce znaleziono trzy cia\u0142a. Koniec policyjnej ob\u0142awy. Poszukiwany 25-latek zatrzymany<\/a>&nbsp;&nbsp;Gazeta<\/li>\n<li><a href=\"https:\/\/news.google.com\/rss\/articles\/CBMivgFBVV95cUxOVTVQMW1Pc2N0cUd1b3FNS2xsaGZWMEwyeFRWUUloQlN4dDhQVUdROWNWUEkyZnZwdk52TzF2bDI3UHRjMGtDTW9JVUNIZDhlaFdJSVNPYUNKOFdsR1A2b0JQNzhnY1ZCVW1iazlCV1pPRHFlMVpjNHdFNWJUWjQ3QllKcW9yclpJOUJ5SHFPUVlhLXpVb1F2ZWhjSTdBa3BLclJydFpPYllNc2ZIeU9pSzFQNjMxWWFaYjBZbVZB?oc=5\" target=\"_blank\" rel=\"nofollow noopener\">Potr\u00f3jne zab\u00f3jstwo w Barcicach G\u00f3rnych. Wiadomo, kiedy zgin\u0119\u0142y ofiary<\/a>&nbsp;&nbsp;o2.pl<\/li>\n<\/ol>\n","protected":false},"excerpt":{"rendered":"Zbrodnia w Barcicach. W domu znaleziono zw\u0142oki trzech os\u00f3b&nbsp;&nbsp;Onet Zbrodnia w Barcicach. W domu znaleziono trzy cia\u0142a. Podejrzewany&hellip;\n","protected":false},"author":2,"featured_media":50259,"comment_status":"","ping_status":"","sticky":false,"template":"","format":"standard","meta":{"footnotes":""},"categories":[12],"tags":[32,33,36,37,27,34,35,13420,28,31,53,25,52,68,51,55,42,38,40,39,41,47,511,13579,29,30,65,50,26,1967,411],"class_list":{"0":"post-50258","1":"post","2":"type-post","3":"status-publish","4":"format-standard","5":"has-post-thumbnail","7":"category-polska","8":"tag-breaking-news","9":"tag-breakingnews","10":"tag-featured-news","11":"tag-featurednews","12":"tag-headlines","13":"tag-latest-news","14":"tag-latestnews","15":"tag-m_glo_sticky_tst3","16":"tag-naglowki","17":"tag-najwazniejsze-artykuly","18":"tag-new_header","19":"tag-news","20":"tag-onet3","21":"tag-onet3d","22":"tag-onet3d_2i","23":"tag-phx","24":"tag-pl","25":"tag-poland","26":"tag-polish","27":"tag-polska","28":"tag-polski","29":"tag-screening_general","30":"tag-smierc","31":"tag-stary_sacz","32":"tag-top-stories","33":"tag-topstories","34":"tag-update_me","35":"tag-v2021","36":"tag-wiadomosci","37":"tag-wojewodztwo_malopolskie","38":"tag-zabojstwo"},"share_on_mastodon":{"url":"","error":""},"_links":{"self":[{"href":"https:\/\/www.europesays.com\/pl\/wp-json\/wp\/v2\/posts\/50258","targetHints":{"allow":["GET"]}}],"collection":[{"href":"https:\/\/www.europesays.com\/pl\/wp-json\/wp\/v2\/posts"}],"about":[{"href":"https:\/\/www.europesays.com\/pl\/wp-json\/wp\/v2\/types\/post"}],"author":[{"embeddable":true,"href":"https:\/\/www.europesays.com\/pl\/wp-json\/wp\/v2\/users\/2"}],"replies":[{"embeddable":true,"href":"https:\/\/www.europesays.com\/pl\/wp-json\/wp\/v2\/comments?post=50258"}],"version-history":[{"count":0,"href":"https:\/\/www.europesays.com\/pl\/wp-json\/wp\/v2\/posts\/50258\/revisions"}],"wp:featuredmedia":[{"embeddable":true,"href":"https:\/\/www.europesays.com\/pl\/wp-json\/wp\/v2\/media\/50259"}],"wp:attachment":[{"href":"https:\/\/www.europesays.com\/pl\/wp-json\/wp\/v2\/media?parent=50258"}],"wp:term":[{"taxonomy":"category","embeddable":true,"href":"https:\/\/www.europesays.com\/pl\/wp-json\/wp\/v2\/categories?post=50258"},{"taxonomy":"post_tag","embeddable":true,"href":"https:\/\/www.europesays.com\/pl\/wp-json\/wp\/v2\/tags?post=50258"}],"curies":[{"name":"wp","href":"https:\/\/api.w.org\/{rel}","templated":true}]}}