{"id":502641,"date":"2026-06-18T21:02:09","date_gmt":"2026-06-18T21:02:09","guid":{"rendered":"https:\/\/www.europesays.com\/pl\/502641\/"},"modified":"2026-06-18T21:02:09","modified_gmt":"2026-06-18T21:02:09","slug":"holownia-o-najtrudniejszym-momencie-kariery-nawrocki-byl-przy-mnie","status":"publish","type":"post","link":"https:\/\/www.europesays.com\/pl\/502641\/","title":{"rendered":"Ho\u0142ownia o najtrudniejszym momencie kariery. &#8222;Nawrocki by\u0142 przy mnie&#8221;"},"content":{"rendered":"\n<p>&#13;<br \/>\nW rozmowie w\u00a0Kanale Zero by\u0142y marsza\u0142ek Sejmu w\u00a0zaskakuj\u0105co osobisty spos\u00f3b m\u00f3wi\u0142 o\u00a0prezydencie Karolu Nawrockim. Jak przyzna\u0142, to\u00a0w\u0142a\u015bnie od\u00a0niego dosta\u0142 wsparcie w\u00a0czasie politycznego kryzysu, gdy \u2013\u00a0jak sam uj\u0105\u0142 \u2013\u00a0\u201eop\u0142aca\u0142o si\u0119 go\u00a0kopa\u0107\u201d. \u2013\u00a0Musz\u0119 powiedzie\u0107 uczciwie, \u017ce\u00a0wtedy pomaga\u0142 mi, bo\u00a0nie chc\u0119 powiedzie\u0107 &#8222;pom\u00f3g\u0142&#8221;, bo\u00a0rozwi\u0105za\u0142 mi problem. Ale\u00a0tak po\u00a0kole\u017ce\u0144sku bardzo wspieraj\u0105cy i\u00a0autentycznie jestem mu za\u00a0to\u00a0wdzi\u0119czny by\u0142 prezydent Nawrocki \u2013\u00a0powiedzia\u0142 Ho\u0142ownia. &#13;\n<\/p>\n<p>&#8222;To si\u0119 d\u0142ugo pami\u0119ta&#8221;<\/p>\n<p>&#13;<br \/>\nBy\u0142y lider Polski 2050 podkre\u015bli\u0142, \u017ce\u00a0wsparcie ze\u00a0strony Nawrockiego nie\u00a0by\u0142o wy\u0142\u0105cznie formalne ani polityczne. \u2013\u00a0Naprawd\u0119 widzia\u0142em, \u017ce\u00a0si\u0119 autentycznie, nie\u00a0tylko dlatego, \u017ce\u00a0to\u00a0jego dotyczy\u0142o, bo\u00a0go zaprzysi\u0105g\u0142em, ale\u00a0\u017ce\u00a0on autentycznie po\u00a0ludzku by\u0142 przej\u0119ty. To\u00a0jest bardzo konkretny cz\u0142owiek i\u00a0te\u017c ja mu to\u00a0zapami\u0119tam \u2013\u00a0m\u00f3wi\u0142. &#13;\n<\/p>\n<p>&#13;<br \/>\nHo\u0142ownia zaznaczy\u0142, \u017ce\u00a0najwi\u0119cej o\u00a0relacjach mi\u0119dzy lud\u017ami m\u00f3wi w\u0142a\u015bnie kryzys. \u2013\u00a0Jak jest dobrze, to\u00a0r\u00f3\u017cnie ludzie przychodz\u0105, jedni maj\u0105 us\u0142ugi, drudzy chc\u0105 przys\u0142ug. Ale\u00a0jak jest \u017ale, kto by\u0142 przy tobie wtedy, kiedy si\u0119 wszyscy odwracali i\u00a0kiedy op\u0142aca\u0142o si\u0119 ciebie kopa\u0107, to\u00a0si\u0119 bardzo d\u0142ugo pami\u0119ta \u2013\u00a0doda\u0142. &#13;\n<\/p>\n<p>Nawrocki wspiera\u0142 go\u00a0w\u00a0walce o\u00a0ONZ<\/p>\n<p>&#13;<br \/>\nS\u0142owa Ho\u0142owni odnosz\u0105 si\u0119 do\u00a0wydarze\u0144 z\u00a0jesieni 2025 roku. To\u00a0wtedy jego pozycja polityczna gwa\u0142townie os\u0142ab\u0142a. Wkr\u00f3tce po\u00a0wyborach prezydenckich przesta\u0142 pe\u0142ni\u0107 funkcj\u0119 marsza\u0142ka Sejmu, a\u00a0w\u00a0przestrzeni publicznej coraz cz\u0119\u015bciej pojawia\u0142y si\u0119 spekulacje o\u00a0jego politycznym ko\u0144cu. &#13;\n<\/p>\n<p>&#13;<br \/>\nW tym samym czasie Ho\u0142ownia og\u0142osi\u0142, \u017ce\u00a0z\u0142o\u017cy\u0142 aplikacj\u0119 na\u00a0stanowisko Wysokiego Komisarza ONZ ds. Uchod\u017ac\u00f3w. Jak t\u0142umaczy\u0142, dzia\u0142alno\u015b\u0107 humanitarna by\u0142a mu bli\u017csza ni\u017c\u00a0polityka. \u2013\u00a0Temat wsparcia humanitarnego znam lepiej ni\u017c\u00a0polityk\u0119, bo\u00a0zajmowa\u0142em si\u0119 nim dwa razy d\u0142u\u017cej, rozwijaj\u0105c moje fundacje na\u00a0ca\u0142ym \u015bwiecie \u2013\u00a0m\u00f3wi\u0142. &#13;\n<\/p>\n<p>&#13;<br \/>\nJak informowano jesieni\u0105 2025 roku, <a href=\"https:\/\/dorzeczy.pl\/kraj\/787479\/prezydent-nawrocki-mial-rekomendowac-holownie-sekretarzowi-generalnemu-onz.html\" rel=\"nofollow noopener\" target=\"_blank\">prezydent wspiera\u0142 jego kandydatur\u0119<\/a> do\u00a0ONZ i\u00a0mia\u0142 rozmawia\u0107 na\u00a0ten temat z\u00a0sekretarzem generalnym Ant\u00f3nio Guterresem. Szef Biura Polityki Mi\u0119dzynarodowej Marcin Przydacz deklarowa\u0142 wtedy: \u2013\u00a0Je\u017celi pan marsza\u0142ek b\u0119dzie potrzebowa\u0142 mojej pomocy, ch\u0119tnie jej udziel\u0119. To\u00a0normalne, \u017ce\u00a0wspieramy kandydatury rodak\u00f3w. &#13;\n<\/p>\n<p>&#13;<br \/>\nCzytaj te\u017c:<br \/><a href=\"https:\/\/dorzeczy.pl\/opinie\/897814\/order-dla-zelenskiego-holownia-zdzieranie-go-wyrzadzi-krzywde-zdzierajacemu.html\" rel=\"follow nofollow noopener\" data-schema=\"DORZECZY\" data-image=\"https:\/\/img.dorzeczy.pl\/_thumb\/f4\/98\/b25856xx6ed25ede6a718798327f.jpeg\" target=\"_blank\">Ho\u0142ownia broni orderu Ze\u0142enskiego. &#8222;Ukrai\u0144cy zachowali si\u0119 g\u0142upio, ale&#8230;&#8221;<\/a>Czytaj te\u017c:<br \/><a href=\"https:\/\/dorzeczy.pl\/opinie\/889687\/szymon-holownia-gorzko-o-mediach-publicznych-to-nie-sa-te-wolne-media.html\" rel=\"follow nofollow noopener\" data-schema=\"DORZECZY\" data-image=\"https:\/\/img.dorzeczy.pl\/_thumb\/07\/e3\/9f476a17cbc7f4561fc46b9a0548.jpeg\" target=\"_blank\">Ho\u0142ownia: Obecnie nie\u00a0mamy wolnych medi\u00f3w publicznych<\/a>&#13;<\/p>\n","protected":false},"excerpt":{"rendered":"&#13; W rozmowie w\u00a0Kanale Zero by\u0142y marsza\u0142ek Sejmu w\u00a0zaskakuj\u0105co osobisty spos\u00f3b m\u00f3wi\u0142 o\u00a0prezydencie Karolu Nawrockim. Jak przyzna\u0142, to\u00a0w\u0142a\u015bnie&hellip;\n","protected":false},"author":2,"featured_media":502642,"comment_status":"","ping_status":"","sticky":false,"template":"","format":"standard","meta":{"footnotes":"","_share_on_mastodon":"0"},"categories":[62712],"tags":[2248,1345,98,690,49,11947,1191,102,331,1005,9384],"class_list":["post-502641","post","type-post","status-publish","format-standard","has-post-thumbnail","category-karol-nawrocki","tag-ambasador","tag-donald-tusk","tag-dorzeczy","tag-karol-nawrocki","tag-kraj","tag-marszalek-sejmu","tag-onz","tag-opinie","tag-polska-2050","tag-prezydent","tag-szymon-holownia"],"share_on_mastodon":{"url":"","error":""},"_links":{"self":[{"href":"https:\/\/www.europesays.com\/pl\/wp-json\/wp\/v2\/posts\/502641","targetHints":{"allow":["GET"]}}],"collection":[{"href":"https:\/\/www.europesays.com\/pl\/wp-json\/wp\/v2\/posts"}],"about":[{"href":"https:\/\/www.europesays.com\/pl\/wp-json\/wp\/v2\/types\/post"}],"author":[{"embeddable":true,"href":"https:\/\/www.europesays.com\/pl\/wp-json\/wp\/v2\/users\/2"}],"replies":[{"embeddable":true,"href":"https:\/\/www.europesays.com\/pl\/wp-json\/wp\/v2\/comments?post=502641"}],"version-history":[{"count":0,"href":"https:\/\/www.europesays.com\/pl\/wp-json\/wp\/v2\/posts\/502641\/revisions"}],"wp:featuredmedia":[{"embeddable":true,"href":"https:\/\/www.europesays.com\/pl\/wp-json\/wp\/v2\/media\/502642"}],"wp:attachment":[{"href":"https:\/\/www.europesays.com\/pl\/wp-json\/wp\/v2\/media?parent=502641"}],"wp:term":[{"taxonomy":"category","embeddable":true,"href":"https:\/\/www.europesays.com\/pl\/wp-json\/wp\/v2\/categories?post=502641"},{"taxonomy":"post_tag","embeddable":true,"href":"https:\/\/www.europesays.com\/pl\/wp-json\/wp\/v2\/tags?post=502641"}],"curies":[{"name":"wp","href":"https:\/\/api.w.org\/{rel}","templated":true}]}}