{"id":50272,"date":"2025-10-15T11:44:07","date_gmt":"2025-10-15T11:44:07","guid":{"rendered":"https:\/\/www.europesays.com\/pl\/50272\/"},"modified":"2025-10-15T11:44:07","modified_gmt":"2025-10-15T11:44:07","slug":"byli-kilka-minut-od-mundialu-kamery-nagraly-reakcje-ronaldo-na-strate-gola","status":"publish","type":"post","link":"https:\/\/www.europesays.com\/pl\/50272\/","title":{"rendered":"Byli kilka minut od mundialu. Kamery nagra\u0142y reakcj\u0119 Ronaldo na strat\u0119 gola"},"content":{"rendered":"\n<p class=\"contentpart contentpart--default contentpart--text\" data-position=\"0\">We wtorek Portugalczycy podejmowali\u00a0w Lizbonie W\u0119gr\u00f3w. Spotkanie do\u015b\u0107 niespodziewanie zacz\u0119\u0142o si\u0119 od mocnego uderzenia go\u015bci, kt\u00f3rzy obj\u0119li prowadzenie w 8. minucie. Gola strzeli\u0142 Atilla Szalai.<\/p>\n<p class=\"contentpart contentpart--default contentpart--text\" data-position=\"1\">P\u00f3\u017aniej do g\u0142osu doszli gospodarze. W pierwszej po\u0142owie dwie bramki zdoby\u0142 <a href=\"https:\/\/sportowefakty.wp.pl\/pilka-nozna\/cristiano-ronaldo\" rel=\"nofollow noopener\" target=\"_blank\">Cristiano Ronaldo<\/a>, dzi\u0119ki czemu Portugalia prowadzi\u0142a 2:1. W 78. minucie pi\u0142karz Al-Nassr opu\u015bci\u0142 boisko, przy wci\u0105\u017c tym samym wyniku. Gdyby utrzyma\u0142 si\u0119 on do ko\u0144ca meczu, ekipa z P\u00f3\u0142wyspu Iberyjskiego zapewniliby ju\u017c sobie awans na mistrzostwa \u015bwiata.<\/p>\n<p> <img role=\"presentation\" src=\"https:\/\/std.wpcdn.pl\/images\/adv\/placeholder_wp.svg\" loading=\"lazy\" alt=\"\" decoding=\"async\"\/>  <\/p>\n<p class=\"contentpart contentpart--default contentpart--text\" data-position=\"2\">ZOBACZ WIDEO: Co za gol w Polsce. To nagranie po prostu trzeba zobaczy\u0107<\/p>\n<p class=\"contentpart contentpart--default contentpart--text\" data-position=\"4\">Tak si\u0119 jednak nie sta\u0142o. Ambitni W\u0119grzy walczyli do ko\u0144ca. W doliczonym czasie gry do remisu doprowadzi\u0142\u00a0Dominik Szoboszlai.<\/p>\n<p class=\"contentpart contentpart--default contentpart--text\" data-position=\"5\">Kamery pokaza\u0142y reakcj\u0119 Ronaldo na to trafienie. Siedz\u0105cy na \u0142awce rezerwowych 40-latek z niedowierzaniem wpatrywa\u0142 si\u0119 w boisko. Wykrzywi\u0142 twarz i lekko pokr\u0119ci\u0142 g\u0142ow\u0105. Wyra\u017anie nie m\u00f3g\u0142 uwierzy\u0107, \u017ce jego dru\u017cyna wypu\u015bci\u0142a z r\u0105k prowadzenie.<\/p>\n<p class=\"contentpart contentpart--default contentpart--text\" data-position=\"6\">Kilka minut p\u00f3\u017aniej s\u0119dzia zako\u0144czy\u0142 mecz. Remis sprawi\u0142, \u017ce Portugalczycy musieli prze\u0142o\u017cy\u0107 \u015bwi\u0119towanie awansu na mundial. S\u0105 ju\u017c tego jednak bardzo blisko &#8211; na dwie kolejki przed ko\u0144cem eliminacji maj\u0105 pi\u0119\u0107 punkt\u00f3w przewagi nad W\u0119grami i sze\u015b\u0107 nad Irlandi\u0105 Po\u0142udniow\u0105.<\/p>\n<p> <img role=\"presentation\" src=\"https:\/\/std.wpcdn.pl\/images\/adv\/placeholder_wp.svg\" loading=\"lazy\" alt=\"\" decoding=\"async\"\/>  <\/p>\n<p class=\"contentpart contentpart--default contentpart--text\" data-position=\"7\">Kolejne mecze rozegraj\u0105 w listopadzie. Najpierw zmierz\u0105 si\u0119 na wyje\u017adzie z wyspiarsk\u0105 reprezentacj\u0105 (13.11), a na zako\u0144czenie eliminacji podejm\u0105 w Porto Armeni\u0119 (16.11).<\/p>\n","protected":false},"excerpt":{"rendered":"We wtorek Portugalczycy podejmowali\u00a0w Lizbonie W\u0119gr\u00f3w. Spotkanie do\u015b\u0107 niespodziewanie zacz\u0119\u0142o si\u0119 od mocnego uderzenia go\u015bci, kt\u00f3rzy obj\u0119li prowadzenie&hellip;\n","protected":false},"author":2,"featured_media":50273,"comment_status":"","ping_status":"","sticky":false,"template":"","format":"standard","meta":{"footnotes":""},"categories":[24],"tags":[12695,269,278,42,38,40,39,41,12697,13556,127,268,126,2670],"class_list":{"0":"post-50272","1":"post","2":"type-post","3":"status-publish","4":"format-standard","5":"has-post-thumbnail","7":"category-sport","8":"tag-cristiano-ronaldo","9":"tag-pilka-nozna","10":"tag-pilka-w-europie","11":"tag-pl","12":"tag-poland","13":"tag-polish","14":"tag-polska","15":"tag-polski","16":"tag-reprezentacja-portugalii","17":"tag-reprezentacja-wegier","18":"tag-sport","19":"tag-sportowybar","20":"tag-sports","21":"tag-wegry"},"share_on_mastodon":{"url":"","error":""},"_links":{"self":[{"href":"https:\/\/www.europesays.com\/pl\/wp-json\/wp\/v2\/posts\/50272","targetHints":{"allow":["GET"]}}],"collection":[{"href":"https:\/\/www.europesays.com\/pl\/wp-json\/wp\/v2\/posts"}],"about":[{"href":"https:\/\/www.europesays.com\/pl\/wp-json\/wp\/v2\/types\/post"}],"author":[{"embeddable":true,"href":"https:\/\/www.europesays.com\/pl\/wp-json\/wp\/v2\/users\/2"}],"replies":[{"embeddable":true,"href":"https:\/\/www.europesays.com\/pl\/wp-json\/wp\/v2\/comments?post=50272"}],"version-history":[{"count":0,"href":"https:\/\/www.europesays.com\/pl\/wp-json\/wp\/v2\/posts\/50272\/revisions"}],"wp:featuredmedia":[{"embeddable":true,"href":"https:\/\/www.europesays.com\/pl\/wp-json\/wp\/v2\/media\/50273"}],"wp:attachment":[{"href":"https:\/\/www.europesays.com\/pl\/wp-json\/wp\/v2\/media?parent=50272"}],"wp:term":[{"taxonomy":"category","embeddable":true,"href":"https:\/\/www.europesays.com\/pl\/wp-json\/wp\/v2\/categories?post=50272"},{"taxonomy":"post_tag","embeddable":true,"href":"https:\/\/www.europesays.com\/pl\/wp-json\/wp\/v2\/tags?post=50272"}],"curies":[{"name":"wp","href":"https:\/\/api.w.org\/{rel}","templated":true}]}}