{"id":50295,"date":"2025-10-15T11:58:09","date_gmt":"2025-10-15T11:58:09","guid":{"rendered":"https:\/\/www.europesays.com\/pl\/50295\/"},"modified":"2025-10-15T11:58:09","modified_gmt":"2025-10-15T11:58:09","slug":"zakulisowa-rozgrywka-w-legii-slyszymy-chcial-miec-wplyw-totalny","status":"publish","type":"post","link":"https:\/\/www.europesays.com\/pl\/50295\/","title":{"rendered":"Zakulisowa rozgrywka w Legii. S\u0142yszymy: chcia\u0142 mie\u0107 wp\u0142yw totalny"},"content":{"rendered":"<p>W tym sezonie w Warszawie cel jest prosty \u2014 odzyska\u0107 po czterech sezonach mistrzostwo Polski. Mia\u0142 to ju\u017c w poprzednich rozgrywkach zrobi\u0107 Goncalo Feio, lecz kiedy w klubie zacz\u0119\u0142o si\u0119 robi\u0107 gor\u0105co, Portugalczyk zacz\u0105\u0142 dzia\u0142a\u0107 po swojemu.<\/p>\n<p>Na w\u0142asne oczy przemian\u0119 Portugalczyka obserwowa\u0142 Piotr W\u0142odarczyk. By\u0142y znakomity pi\u0142karz Legii, w tamtym czasie w klubie by\u0142 skautem. Teraz w &#8222;Ofensywnych&#8221; m\u00f3wi wprost, jak wygl\u0105da\u0142y relacje pionu sportowego z Feio. Po tym, jak w grudniu dyrektorem sportowym przesta\u0142 by\u0107 Jacek Zieli\u0144ski, Portugalczyk mia\u0142 pono\u0107 kluczowe zdanie w kwestii transfer\u00f3w i powsta\u0142ym wtedy komitecie transferowym, nie zwa\u017caj\u0105c na opinie dzia\u0142u skautingu.<\/p>\n<p>\u2014 Przegrali\u015bcie jako pion sportowy z Goncalo Feio? \u2014 pyta wprost Piotra W\u0142odarczyka \u0141ukasz Olkowicz.<\/p>\n<p class=\"Paragraph_desktopParagraph__Fd2e9\">\u2014 Zdecydowanie. Sta\u0142o si\u0119 to w styczniu 2025 r. My o transferach dowiadywali\u015bmy si\u0119 z medi\u00f3w. My w tych transferach jako dzia\u0142 skautingu nie brali\u015bmy udzia\u0142u. Z perspektywy czasu, je\u015bli trener Feio decydowa\u0142 wsp\u00f3lnie z prezesem Herr\u0105 i nikt nie chcia\u0142 nas s\u0142ucha\u0107, a zwolnili nas w maju, to ta decyzja zosta\u0142a podj\u0119ta wcze\u015bniej \u2014 opowiada Piotr W\u0142odarczyk.<\/p>\n<p class=\"Paragraph_desktopParagraph__Fd2e9\">\u2014 Feio nie bra\u0142 nas pod uwag\u0119. Wszystko zacz\u0119\u0142o si\u0119 jesieni\u0105 z Radkiem Mozyrko. Nie traktowa\u0142 nas jako wsparcie, tylko robi\u0142 transfery, jakie chcia\u0142, a jak przyszed\u0142 Micha\u0142 \u017bew\u0142akow, to zacz\u0119li\u015bmy dzia\u0142a\u0107, bo my\u015bleli\u015bmy, \u017ce wszystko wr\u00f3ci do normalno\u015bci \u2014 dodaje by\u0142y skaut Legii Warszawa.<\/p>\n<p><img decoding=\"async\" src=\"https:\/\/www.europesays.com\/pl\/wp-content\/uploads\/2025\/10\/goncalo-feio.jpeg\" alt=\"Goncalo Feio\" width=\"944\" height=\"629\" loading=\"lazy\" class=\"\" \/>Goncalo Feio (Foto: \u0141ukasz Grochala \/ Cyfrasport)<\/p>\n<p class=\"Paragraph_desktopParagraph__Fd2e9\">Co ciekawe, W\u0142odarczyk podkre\u015bla, \u017ce bardzo na klub wp\u0142yn\u0119\u0142o pozyskanie Vladana Kovacievicia. Bo\u015bniak zosta\u0142 wypo\u017cyczony na p\u00f3\u0142 roku ze Sportingu i z tego te\u017c wzgl\u0119du ju\u017c zim\u0105 trzeba by\u0142o podj\u0105\u0107 decyzj\u0119 w sprawie Rubena Vinagre&#8217;a. Legia wy\u0142o\u017cy\u0142a za niego ostatecznie ok. 2,3 mln euro, lecz wiosn\u0105 zdecydowanie obni\u017cy\u0142 form\u0119, co gdyby nie po\u015bpiech mog\u0142oby latem wp\u0142yn\u0105\u0107 na cen\u0119 wykupu lewego obro\u0144cy.<\/p>\n<p class=\"Paragraph_desktopParagraph__Fd2e9\">\u2014 Trener Feio jest specyficzny, chcia\u0142 mie\u0107 wp\u0142yw totalny i przez chwil\u0119 w Legii go mia\u0142. Przez to, \u017ce \u015bci\u0105gn\u0105\u0142 Kovacevicia trzeba by\u0142o od razu wykupi\u0107 Rubena Vinagre&#8217;a, chocia\u017c czas na to by\u0142 do ko\u0144ca sezonu, ale Sporting nie m\u00f3g\u0142 mie\u0107 ju\u017c wi\u0119cej zawodnik\u00f3w na wypo\u017cyczeniu. Mo\u017cna by\u0142o z tym poczeka\u0107, bo po sezonie mo\u017ce cena by\u0142aby ju\u017c inna \u2014 ocenia.<\/p>\n<p>To dlatego Legia nie wywalczy\u0142a mistrzostwa Polski<\/p>\n<p class=\"Paragraph_desktopParagraph__Fd2e9\">Wed\u0142ug W\u0142odarczyka \u015bci\u0105gni\u0119cie Kovacievicia mia\u0142o te\u017c spory wp\u0142yw na to, \u017ce Legia nie zdoby\u0142a mistrzostwa Polski. Na pocz\u0105tku rundy wiosennej ekipa Feio straci\u0142a mas\u0119 punkt\u00f3w m.in. przez postaw\u0119 w bramce bo\u015bniackiego golkipera, kt\u00f3ry zawini\u0142 przy kilku trafieniach. Inn\u0105 kwesti\u0105, dlaczego Legia tytu\u0142 nie odzyska\u0142a, by\u0142 brak klasowego snajpera.<\/p>\n<p class=\"Paragraph_desktopParagraph__Fd2e9\">\u2014 My\u015bl\u0119, \u017ce w poprzednim sezon szansa na mistrzostwo by\u0142a najwi\u0119ksza. Legia przegra\u0142a je w lutym, marcu. Nie chc\u0119 ju\u017c grillowa\u0107 Kovacevicia, ale kiedy wszed\u0142 do bramki, to wida\u0107 by\u0142o, \u017ce zawali\u0142 kilka goli i te stracone wtedy punkty zrobi\u0142y tak\u0105 r\u00f3\u017cnic\u0119, \u017ce trudno by\u0142o ju\u017c goni\u0107. My\u015bl\u0119, \u017ce gdyby mo\u017ce Feio gra\u0142 tym sk\u0142adem, co by\u0142 na jesie\u0144 i ewentualnie kogo\u015b dobra\u0107, a nie wymy\u015bla\u0107, \u017ce trzeba odda\u0107 Nsame czy Alfarel\u0119. Rezygnujesz z dw\u00f3ch napastnik\u00f3w i nie masz nikogo w zamian, p\u00f3\u017aniej trzeba by\u0142o si\u0119 ratowa\u0107 Ilj\u0105 Szkurynem \u2014 stwierdza.<\/p>\n<p><img decoding=\"async\" src=\"https:\/\/www.europesays.com\/pl\/wp-content\/uploads\/2025\/10\/vladan-kovacievic.jpeg\" alt=\"Vladan Kovacievi\u0107\" width=\"944\" height=\"629\" loading=\"lazy\" class=\"\" \/>Vladan Kovacievi\u0107 (Foto: Piotr Kucza \/ FOTOPYK)<\/p>\n<p class=\"Paragraph_desktopParagraph__Fd2e9\">\u2014 Nie bra\u0142em udzia\u0142u przy tym transferze Bia\u0142orusina, ale patrz\u0105c na to, ile Legia za niego zap\u0142aci\u0142a, wiedz\u0105c, \u017ce nie b\u0119dzie m\u00f3g\u0142 gra\u0107 w niekt\u00f3rych meczach w Europie, to troch\u0119 to wygl\u0105da\u0142o w\u0142a\u015bnie tak, \u017ce Jacek Zieli\u0144ski tylko podnosi\u0142 r\u0119k\u0119. Gdyby wtedy do Legii trafi\u0142 napastnik, kt\u00f3ry regularnie strzela gole, a by\u0142 taki, chodzi o Nsame, ale nie by\u0142 wykorzystywany, to by\u0142a szansa zdoby\u0107 mistrzostwo Polski \u2014 podkre\u015bla W\u0142odarczyk.<\/p>\n<p class=\"Paragraph_desktopParagraph__Fd2e9\">Drug\u0105 kwesti\u0105, kt\u00f3ra sprawi\u0142a, \u017ce Legia nie wywalczy\u0142a tytu\u0142u, by\u0142y mecze z czo\u0142\u00f3wk\u0105. W o\u015bmiu meczach PKO BP Ekstraklasy z Lechem Pozna\u0144, Jagielloni\u0105 Bia\u0142ystok, Rakowem Cz\u0119stochowa i Pogoni\u0105 Szczecin, sto\u0142eczny zesp\u00f3\u0142 wywalczy\u0142 tylko dwa punkty. W\u0142odarczyk jasno wskazuje, czyja to wina.<\/p>\n<p class=\"Paragraph_desktopParagraph__Fd2e9\">\u2014 To jest wstydliwa rzecz dla trenera. Tylko dwa punkty (remisy z Pogoni\u0105 i Jagielloni\u0105) z czo\u0142\u00f3wk\u0105, to troch\u0119 za ma\u0142o. Gdyby wygra\u0107 te mecze, to by\u0142oby zupe\u0142nie co\u015b innego. Wszystko zale\u017ca\u0142o od nastawienia do meczu, bo ewidentnie wida\u0107, \u017ce z tym dobrymi zespo\u0142ami co\u015b nie gra\u0142o. To jest rola trenera, \u017ceby wydoby\u0107 co\u015b z zawodnik\u00f3w, bo gra\u0107 potrafili \u2014 zwraca uwag\u0119.<\/p>\n<p>Jacek Zieli\u0144ski zawi\u00f3d\u0142 si\u0119 na Goncalo Feio<\/p>\n<p class=\"Paragraph_desktopParagraph__Fd2e9\">Pozycja Feio w ubieg\u0142ym sezonie wisia\u0142a ju\u017c na w\u0142osku w pa\u017adzierniku 2024 r., lecz wtedy za trenerem stan\u0105\u0142 w\u0142a\u015bnie Jacek Zieli\u0144ski. \u00d3wczesny dyrektor sportowy obroni\u0142 Portugalczyka, kiedy inni go skre\u015blili, lecz potem sam trener wprost krytykowa\u0142 Zieli\u0144skiego za brak odpowiednich wzmocnie\u0144.<\/p>\n<p class=\"Paragraph_desktopParagraph__Fd2e9\">\u2014 Jacek jest legionist\u0105 i na Legii bardzo mu zale\u017cy, to nie podlega w\u0105tpliwo\u015bci. Ma te\u017c dobre oko i spojrzenie na pi\u0142k\u0119, patrzy na liczby, co w tych czasach si\u0119 sprawdza. Nie mia\u0142 \u0142atwo w Legii, bo przyszed\u0142 w momencie, kiedy trzeba by\u0142o sprzeda\u0107 Slisza, Muciego i tymi pieni\u0119dzmi trzeba by\u0142o \u0142ata\u0107 bud\u017cet \u2014 przyznaje W\u0142odarczyk.<\/p>\n<p><img decoding=\"async\" src=\"https:\/\/www.europesays.com\/pl\/wp-content\/uploads\/2025\/10\/gonalo-feio-jacek-zielinski.jpeg\" alt=\"Gonalo Feio, Jacek Zieli\u0144ski\" width=\"944\" height=\"629\" loading=\"lazy\" class=\"\" \/>Gonalo Feio, Jacek Zieli\u0144ski (Foto: Marcin Szymczyk \/ FOTOPYK)<\/p>\n<p class=\"Paragraph_desktopParagraph__Fd2e9\">\u2014 Jacek mocno sta\u0142 za Feio, bo uwa\u017ca\u0142, \u017ce to jest dobry trener, ale nie spodziewa\u0142 si\u0119, \u017ce Portugalczyk tak si\u0119 na koniec zachowa. Zacz\u0105\u0142 odstawia\u0107 Jacka na boczny tor \u2014 okre\u015bla. \u2014 Nie wiem, czy Jacek \u017ca\u0142uje teraz zatrudnienia Feio, mo\u017ce tak, ale to trzeba zapyta\u0107 si\u0119 Jacka \u2014 puentuje.<\/p>\n<p class=\"Paragraph_desktopParagraph__Fd2e9\">\u2014 Wysadzi\u0142 Legi\u0119 od \u015brodka, to wszystko mo\u017ce \u2014 podsumowa\u0142 by\u0142y legijny skaut pog\u0142oski dotycz\u0105ce mo\u017cliwego zatrudnienia Feio w Radomiaku Radom.<\/p>\n<p class=\"Paragraph_desktopParagraph__Fd2e9\">Ostatecznie Feio doko\u0144czy\u0142 sezon, kt\u00f3ry Legia zako\u0144czy\u0142a tylko z Pucharem Polski. Portugalczyk otrzyma\u0142 nawet mo\u017cliwo\u015b\u0107 przed\u0142u\u017cenia umowy od nowego dyrektora sportowego Micha\u0142a \u017bew\u0142akowa, lecz nie zdecydowa\u0142 si\u0119 jej podpisa\u0107. Legi\u0119 prowadzi obecnie Edward Iordanescu.<\/p>\n","protected":false},"excerpt":{"rendered":"W tym sezonie w Warszawie cel jest prosty \u2014 odzyska\u0107 po czterech sezonach mistrzostwo Polski. Mia\u0142 to ju\u017c&hellip;\n","protected":false},"author":2,"featured_media":50296,"comment_status":"","ping_status":"","sticky":false,"template":"","format":"standard","meta":{"footnotes":""},"categories":[24],"tags":[274,13674,67,2563,194,13675,42,38,40,39,41,136,10977,128,47,127,135,126],"class_list":{"0":"post-50295","1":"post","2":"type-post","3":"status-publish","4":"format-standard","5":"has-post-thumbnail","7":"category-sport","8":"tag-ekstraklasa","9":"tag-goncalo_feio","10":"tag-intextvideo_splayer","11":"tag-legia_warszawa","12":"tag-maja","13":"tag-piotr_wlodarczyk","14":"tag-pl","15":"tag-poland","16":"tag-polish","17":"tag-polska","18":"tag-polski","19":"tag-ps_detal_new","20":"tag-ps_sts_tst0","21":"tag-psv2","22":"tag-screening_general","23":"tag-sport","24":"tag-sport_sport","25":"tag-sports"},"share_on_mastodon":{"url":"","error":""},"_links":{"self":[{"href":"https:\/\/www.europesays.com\/pl\/wp-json\/wp\/v2\/posts\/50295","targetHints":{"allow":["GET"]}}],"collection":[{"href":"https:\/\/www.europesays.com\/pl\/wp-json\/wp\/v2\/posts"}],"about":[{"href":"https:\/\/www.europesays.com\/pl\/wp-json\/wp\/v2\/types\/post"}],"author":[{"embeddable":true,"href":"https:\/\/www.europesays.com\/pl\/wp-json\/wp\/v2\/users\/2"}],"replies":[{"embeddable":true,"href":"https:\/\/www.europesays.com\/pl\/wp-json\/wp\/v2\/comments?post=50295"}],"version-history":[{"count":0,"href":"https:\/\/www.europesays.com\/pl\/wp-json\/wp\/v2\/posts\/50295\/revisions"}],"wp:featuredmedia":[{"embeddable":true,"href":"https:\/\/www.europesays.com\/pl\/wp-json\/wp\/v2\/media\/50296"}],"wp:attachment":[{"href":"https:\/\/www.europesays.com\/pl\/wp-json\/wp\/v2\/media?parent=50295"}],"wp:term":[{"taxonomy":"category","embeddable":true,"href":"https:\/\/www.europesays.com\/pl\/wp-json\/wp\/v2\/categories?post=50295"},{"taxonomy":"post_tag","embeddable":true,"href":"https:\/\/www.europesays.com\/pl\/wp-json\/wp\/v2\/tags?post=50295"}],"curies":[{"name":"wp","href":"https:\/\/api.w.org\/{rel}","templated":true}]}}