{"id":503033,"date":"2026-06-19T01:11:09","date_gmt":"2026-06-19T01:11:09","guid":{"rendered":"https:\/\/www.europesays.com\/pl\/503033\/"},"modified":"2026-06-19T01:11:09","modified_gmt":"2026-06-19T01:11:09","slug":"nocny-nokaut-na-ms-2026-grad-goli-euforia-w-cieniu-dramatycznej-kontuzji","status":"publish","type":"post","link":"https:\/\/www.europesays.com\/pl\/503033\/","title":{"rendered":"Nocny nokaut na M\u015a 2026, grad goli. Euforia w cieniu dramatycznej kontuzji"},"content":{"rendered":"<p>Obie dru\u017cyny po remisach w pierwszej kolejce mia\u0142y prawo wierzy\u0107 w to, \u017ce wygrana w bezpo\u015brednim spotkaniu znacz\u0105co przybli\u017cy ich do awansu. Ale w lepszych nastrojach mogli by\u0107 Kanadyjczycy, kt\u00f3rzy przeciwko Bo\u015bni i Hercegowinie spisali si\u0119 naprawd\u0119 nie\u017ale i mogli uwa\u017ca\u0107 si\u0119 za faworyta. Marzenia jednak szybko wyparowa\u0142y.<\/p>\n<p> Dalszy ci\u0105g artyku\u0142u pod materia\u0142em wideo <\/p>\n<p>Gospodarze niesieni g\u0142o\u015bnym dopingiem z trybun od samego pocz\u0105tku ruszyli do ataku, a pi\u0142ka praktycznie nie opuszcza\u0142a po\u0142owy Kataru. Na pierwszego gola nie trzeba by\u0142o czeka\u0107 d\u0142ugo. Po do\u015brodkowaniu w pole karne uderzy\u0142 Jonathan David, pi\u0142k\u0119 przed siebie wybi\u0142 Mahmud Abunada, a czujny kilka metr\u00f3w od bramki okaza\u0142 si\u0119 Kyle Larin.<\/p>\n<p>     Koncert Kanady w pierwszej po\u0142owie. Gol za golem<\/p>\n<p>Trafienie tylko zach\u0119ci\u0142o reprezentant\u00f3w gospodarzy. Zablokowany strza\u0142 Tajona Buchanana wpad\u0142 w pole karne i trafi\u0142 do Jonathana Davida, kt\u00f3ry niesygnalizowanym strza\u0142em w bliski r\u00f3g bramki zaskoczy\u0142 bramkarza. Kanada znajdowa\u0142a si\u0119 w wy\u015bmienitej sytuacji i wci\u0105\u017c by\u0142o jej ma\u0142o.<\/p>\n<p>A to wci\u0105\u017c nie koniec emocji w pierwszej po\u0142owie. Chwil\u0119 po golu dynamiczna akcja Kanady przynios\u0142a czerwon\u0105 kartk\u0119 dla Homama Ahmeda, po kt\u00f3rej gospodarze grali w przewadze. Rzut wolny tu\u017c przed polem karnym nie zosta\u0142 zamieniony na gola, ale Kanadyjczycy i tak podwy\u017cszyli prowadzenie tu\u017c przed przerw\u0105.<\/p>\n<p>W doliczonym czasie drug\u0105 bramk\u0119 po dobitce strza\u0142u Larina zdoby\u0142 David, dzi\u0119ki czemu nastroje w\u015br\u00f3d gospodarzy po pierwszej po\u0142owie by\u0142y szampa\u0144skie. Zm\u0105ci\u0142o je to, co wydarzy\u0142o si\u0119 nied\u0142ugo po rozpocz\u0119ciu drugiej po\u0142owy.<\/p>\n<p> Koszmar gospodarzy w M\u015a. Stadion zamar\u0142<\/p>\n<p>W walce o pi\u0142k\u0119 Assim Madibo ostro sfaulowa\u0142 Ismaela Kone. Ju\u017c w telewizyjnej transmisji go\u0142ym okiem by\u0142o wida\u0107, \u017ce przy starciu Kanadyjczyk dozna\u0142 bardzo powa\u017cnej kontuzji, nie ulega\u0142o w\u0105tpliwo\u015bci, \u017ce z\u0142ama\u0142 nog\u0119. Po interwencji VAR Katarczyk otrzyma\u0142 czerwon\u0105 kartk\u0119. Reprezentant go\u015bci by\u0142 za\u0142amany konsekwencjami przewinienia, ale werdykt s\u0119dziego nie m\u00f3g\u0142 by\u0107 inny. Katar ko\u0144czy\u0142 spotkanie w dziewi\u0105tk\u0119.<\/p>\n<p>W miejsce Kone na muraw\u0119 wszed\u0142 Nathan Saliba, kt\u00f3ry zosta\u0142 bohaterem ju\u017c kilka minut p\u00f3\u017aniej. Kanada otrzyma\u0142a rzut wolny tu\u017c przed polem karnym, a zmiennik pos\u0142a\u0142 pi\u0142k\u0119 do siatki podkr\u0119conym uderzeniem. B\u0142yskawicznie u\u0142o\u017cy\u0142 z d\u0142oni &#8222;\u00f3semk\u0119&#8221;, a nast\u0119pnie podni\u00f3s\u0142 w g\u00f3r\u0119 koszulk\u0119 kontuzjowanego kolegi.<\/p>\n<p>To wci\u0105\u017c nie by\u0142 koniec goleady Kanady. Tym razem sk\u0142adna akcja gospodarzy w polu karnym zako\u0144czy\u0142a si\u0119 kuriozaln\u0105 pr\u00f3b\u0105 wybicia pi\u0142ki przez Mohammada Al Mannaia, kt\u00f3ry z pe\u0142nym impetem pos\u0142a\u0142 futbol\u00f3wk\u0119 do w\u0142asnej bramki z metra.<\/p>\n<p>     Istna demolka w ko\u0144c\u00f3wce. Rekord Kanady!<\/p>\n<p>W tym momencie reprezentanci Kataru byli ju\u017c zupe\u0142nie bezradni w rywalizacji z rozp\u0119dzonymi podopiecznymi Jessego Marscha. Pi\u0142ka praktycznie nie opuszcza\u0142a okolic szesnastki go\u015bci. W doliczonym czasie gospodarze pos\u0142ali jeszcze jedno podanie do Jonathana Davida w pole karne, a ten nie zmarnowa\u0142 tej sytuacji, ustalaj\u0105c wynik spotkania na 6:0. To rekordowe zwyci\u0119stwo gospodarzy w historii M\u015a.<\/p>\n<p>Ten wynik nie uleg\u0142 ju\u017c zmianie. Kanadyjczycy mogliby by\u0107 zachwyceni wynikiem, kt\u00f3ry niemal na pewno da im awans do fazy pucharowej mundialu. Z drugiej strony dzi\u015b nastroje gospodarzy zm\u0105ci troska o zdrowie swojego kolegi. Ismael Kone mo\u017ce ju\u017c zapomnie\u0107 o dalszych wyst\u0119pach w M\u015a.<\/p>\n<p>Kanada zagra w trzeciej kolejce ze Szwajcari\u0105, z kolei Katar zmierzy si\u0119 z Bo\u015bni\u0105 i Hercegowin\u0105.<\/p>\n","protected":false},"excerpt":{"rendered":"Obie dru\u017cyny po remisach w pierwszej kolejce mia\u0142y prawo wierzy\u0107 w to, \u017ce wygrana w bezpo\u015brednim spotkaniu znacz\u0105co&hellip;\n","protected":false},"author":2,"featured_media":503034,"comment_status":"","ping_status":"","sticky":false,"template":"","format":"standard","meta":{"footnotes":"","_share_on_mastodon":"0"},"categories":[24],"tags":[61195,193,7409,1565,11781,48,46,948,42,38,40,39,41,47,127,126],"class_list":["post-503033","post","type-post","status-publish","format-standard","has-post-thumbnail","category-sport","tag-bottomfeed_styl","tag-kanada","tag-mistrzostwa_swiata_2026","tag-ms","tag-mundial_2026","tag-nat_styl","tag-omp","tag-pilka_nozna","tag-pl","tag-poland","tag-polish","tag-polska","tag-polski","tag-screening_general","tag-sport","tag-sports"],"share_on_mastodon":{"url":"https:\/\/pubeurope.com\/@pl\/116774114838818759","error":""},"_links":{"self":[{"href":"https:\/\/www.europesays.com\/pl\/wp-json\/wp\/v2\/posts\/503033","targetHints":{"allow":["GET"]}}],"collection":[{"href":"https:\/\/www.europesays.com\/pl\/wp-json\/wp\/v2\/posts"}],"about":[{"href":"https:\/\/www.europesays.com\/pl\/wp-json\/wp\/v2\/types\/post"}],"author":[{"embeddable":true,"href":"https:\/\/www.europesays.com\/pl\/wp-json\/wp\/v2\/users\/2"}],"replies":[{"embeddable":true,"href":"https:\/\/www.europesays.com\/pl\/wp-json\/wp\/v2\/comments?post=503033"}],"version-history":[{"count":0,"href":"https:\/\/www.europesays.com\/pl\/wp-json\/wp\/v2\/posts\/503033\/revisions"}],"wp:featuredmedia":[{"embeddable":true,"href":"https:\/\/www.europesays.com\/pl\/wp-json\/wp\/v2\/media\/503034"}],"wp:attachment":[{"href":"https:\/\/www.europesays.com\/pl\/wp-json\/wp\/v2\/media?parent=503033"}],"wp:term":[{"taxonomy":"category","embeddable":true,"href":"https:\/\/www.europesays.com\/pl\/wp-json\/wp\/v2\/categories?post=503033"},{"taxonomy":"post_tag","embeddable":true,"href":"https:\/\/www.europesays.com\/pl\/wp-json\/wp\/v2\/tags?post=503033"}],"curies":[{"name":"wp","href":"https:\/\/api.w.org\/{rel}","templated":true}]}}