{"id":503120,"date":"2026-06-19T02:13:13","date_gmt":"2026-06-19T02:13:13","guid":{"rendered":"https:\/\/www.europesays.com\/pl\/503120\/"},"modified":"2026-06-19T02:13:13","modified_gmt":"2026-06-19T02:13:13","slug":"domagamy-sie-donald-trump-wspomnial-o-izraelu-i-libanie","status":"publish","type":"post","link":"https:\/\/www.europesays.com\/pl\/503120\/","title":{"rendered":"&#8222;Domagamy si\u0119&#8221;. Donald Trump wspomnia\u0142 o Izraelu i Libanie"},"content":{"rendered":"\n<p>Co powiedzia\u0142 Donald Trump?<\/p>\n<p>&#8222;Stany Zjednoczone s\u0105 zaanga\u017cowane na rzecz pokoju i zach\u0119camy wszystkich w regionie Bliskiego Wschodu do podtrzymywania swojego zaanga\u017cowania, aby nasze negocjacje przebiega\u0142y pomy\u015blnie. Rynki ciesz\u0105 si\u0119 z tego, co si\u0119 dzieje \u2014 ceny ropy naftowej spadaj\u0105, a akcje rosn\u0105. Domagamy si\u0119 ca\u0142kowitego zawieszenia broni na wszystkich frontach, w tym w Libanie, Hezbollahu i Izraelu&#8221; \u2014 napisa\u0142 Trump na Truth Social.<\/p>\n","protected":false},"excerpt":{"rendered":"Co powiedzia\u0142 Donald Trump? &#8222;Stany Zjednoczone s\u0105 zaanga\u017cowane na rzecz pokoju i zach\u0119camy wszystkich w regionie Bliskiego Wschodu&hellip;\n","protected":false},"author":2,"featured_media":503121,"comment_status":"","ping_status":"","sticky":false,"template":"","format":"standard","meta":{"footnotes":"","_share_on_mastodon":"0"},"categories":[14],"tags":[61195,32,33,44,27,3660,91,34,35,3659,28,31,48,25,46,40,41,47,80,29,30,71,70,26,82,83,84],"class_list":["post-503120","post","type-post","status-publish","format-standard","has-post-thumbnail","category-swiat","tag-bottomfeed_styl","tag-breaking-news","tag-breakingnews","tag-donald_trump","tag-headlines","tag-hezbollah","tag-izrael","tag-latest-news","tag-latestnews","tag-liban","tag-naglowki","tag-najwazniejsze-artykuly","tag-nat_styl","tag-news","tag-omp","tag-polish","tag-polski","tag-screening_general","tag-swiat","tag-top-stories","tag-topstories","tag-usa","tag-w_skrocie","tag-wiadomosci","tag-world","tag-world-news","tag-worldnews"],"share_on_mastodon":{"url":"https:\/\/pubeurope.com\/@pl\/116774358851243512","error":""},"_links":{"self":[{"href":"https:\/\/www.europesays.com\/pl\/wp-json\/wp\/v2\/posts\/503120","targetHints":{"allow":["GET"]}}],"collection":[{"href":"https:\/\/www.europesays.com\/pl\/wp-json\/wp\/v2\/posts"}],"about":[{"href":"https:\/\/www.europesays.com\/pl\/wp-json\/wp\/v2\/types\/post"}],"author":[{"embeddable":true,"href":"https:\/\/www.europesays.com\/pl\/wp-json\/wp\/v2\/users\/2"}],"replies":[{"embeddable":true,"href":"https:\/\/www.europesays.com\/pl\/wp-json\/wp\/v2\/comments?post=503120"}],"version-history":[{"count":0,"href":"https:\/\/www.europesays.com\/pl\/wp-json\/wp\/v2\/posts\/503120\/revisions"}],"wp:featuredmedia":[{"embeddable":true,"href":"https:\/\/www.europesays.com\/pl\/wp-json\/wp\/v2\/media\/503121"}],"wp:attachment":[{"href":"https:\/\/www.europesays.com\/pl\/wp-json\/wp\/v2\/media?parent=503120"}],"wp:term":[{"taxonomy":"category","embeddable":true,"href":"https:\/\/www.europesays.com\/pl\/wp-json\/wp\/v2\/categories?post=503120"},{"taxonomy":"post_tag","embeddable":true,"href":"https:\/\/www.europesays.com\/pl\/wp-json\/wp\/v2\/tags?post=503120"}],"curies":[{"name":"wp","href":"https:\/\/api.w.org\/{rel}","templated":true}]}}