{"id":503202,"date":"2026-06-19T03:14:11","date_gmt":"2026-06-19T03:14:11","guid":{"rendered":"https:\/\/www.europesays.com\/pl\/503202\/"},"modified":"2026-06-19T03:14:11","modified_gmt":"2026-06-19T03:14:11","slug":"kanclerz-austrii-chce-rozmow-ue-z-putinem-wojny-konczy-sie-dzieki-dyplomacji","status":"publish","type":"post","link":"https:\/\/www.europesays.com\/pl\/503202\/","title":{"rendered":"Kanclerz Austrii chce rozm\u00f3w UE z Putinem. &#8222;Wojny ko\u0144czy si\u0119 dzi\u0119ki dyplomacji&#8221;"},"content":{"rendered":"\n<p>&#13;<br \/>\nUE powinna wykorzysta\u0107 obecne sprzyjaj\u0105ce okoliczno\u015bci wok\u00f3\u0142 rozm\u00f3w pokojowych dotycz\u0105cych Ukrainy i\u00a0kontynuowa\u0107 rozwijaj\u0105ce si\u0119 dzia\u0142ania. maj\u0105ce na\u00a0celu wznowienie negocjacji z\u00a0W\u0142adimirem Putinem \u2013\u00a0powiedzia\u0142 kanclerz Austrii Christian Stocker. &#13;\n<\/p>\n<p>&#13;<br \/>\nW ostatnich tygodniach Bruksela otworzy\u0142a kana\u0142y komunikacji z\u00a0Kremlem, aby\u00a0zbada\u0107 mo\u017cliwo\u015b\u0107 przysz\u0142ych rozm\u00f3w z\u00a0rosyjskim prezydentem. Stocker w\u00a0rozmowie z\u00a0&#8222;Financial Times&#8221; stwierdzi\u0142, \u017ce\u00a0&#8222;zdecydowanie popiera&#8221; ten krok i\u00a0b\u0119dzie zach\u0119ca\u0142 innych przyw\u00f3dc\u00f3w UE do\u00a0jego wsparcia. \u2013\u00a0Ca\u0142kowicie si\u0119 z\u00a0tym zgadzam. Wojny ko\u0144cz\u0105 si\u0119 nie\u00a0dzi\u0119ki broni, lecz dzi\u0119ki skutecznej dyplomacji. A\u00a0\u017ceby dyplomacja by\u0142a skuteczna, potrzebne s\u0105 rozmowy, negocjacje i\u00a0najpierw trzeba otworzy\u0107 odpowiednie kana\u0142y komunikacji \u2013\u00a0powiedzia\u0142. &#13;\n<\/p>\n<p>&#13;<br \/>\n\u2013 Mamy teraz pewien impet \u2013\u00a0doda\u0142, odnosz\u0105c si\u0119 do\u00a0rozm\u00f3w pokojowych. Kanclerz wskaza\u0142 przy tym na\u00a0<a href=\"https:\/\/dorzeczy.pl\/swiat\/902647\/pokoj-usa-z-iranem-trump-i-pezeszkian-zlozyli-podpisy.html\" title=\"Porozumienie USA z\u00a0Iranem ju\u017c oficjalne. Trump i\u00a0Pezeszkian z\u0142o\u017cyli podpisy\" rel=\"nofollow noopener\" target=\"_blank\">zawieszenie broni w\u00a0konflikcie z\u00a0Iranem<\/a>, kt\u00f3ry przez wiele miesi\u0119cy odci\u0105ga\u0142 uwag\u0119 prezydenta USA Donalda Trumpa i\u00a0jego administracji od\u00a0wojny w\u00a0Ukrainie. &#13;\n<\/p>\n<p>&#13;<br \/>\n\u2013 Sytuacja na\u00a0Bliskim Wschodzie, tutaj jestem umiarkowanym optymist\u0105. Je\u015bli tam uda si\u0119 znale\u017a\u0107 rozwi\u0105zanie, uwaga ponownie skupi si\u0119 na\u00a0Ukrainie \u2013\u00a0oceni\u0142. &#13;\n<\/p>\n<p>Kto powinien reprezentowa\u0107 UE? <\/p>\n<p>&#13;<br \/>\nChristian Stocker odm\u00f3wi\u0142 jednak wskazania konkretnej osoby, kt\u00f3ra mog\u0142aby reprezentowa\u0107 Europ\u0119 w\u00a0ewentualnych rozmowach z\u00a0Putinem. Podkre\u015bli\u0142, \u017ce\u00a0przyw\u00f3dcy UE musz\u0105 powa\u017cnie zastanowi\u0107 si\u0119 nad tym, jakie stanowisko mia\u0142aby prezentowa\u0107 taka osoba. \u2013\u00a0Wa\u017cniejsze od\u00a0tego, kto mia\u0142by rozmawia\u0107, jest to, o\u00a0czym mia\u0142by rozmawia\u0107. Nie\u00a0wiem, czy\u00a0wszyscy przyw\u00f3dcy UE maj\u0105 ju\u017c w\u00a0tej sprawie wsp\u00f3lne stanowisko \u2013\u00a0powiedzia\u0142. \u2013\u00a0Jest jednak jedna kwestia, w\u00a0kt\u00f3rej zawsze byli\u015bmy zgodni: nie\u00a0wspieramy Ukrainy po\u00a0to, by\u00a0mog\u0142a prowadzi\u0107 nieko\u0144cz\u0105c\u0105 si\u0119 wojn\u0119. Efektem powinien by\u0107 sprawiedliwy i\u00a0trwa\u0142y pok\u00f3j \u2013\u00a0doda\u0142. &#13;\n<\/p>\n<p>&#13;<br \/>\nSzef austriackiego rz\u0105du uczestniczy\u0142 w\u00a0czwartkowym szczycie przyw\u00f3dc\u00f3w UE w\u00a0Brukseli pod\u00a0przewodnictwem Costy, podczas kt\u00f3rego om\u00f3wiono sytuacj\u0119 Ukrainy. &#13;\n<\/p>\n<p>&#13;<br \/>\nPa\u0144stwa sceptyczne wobec dialogu z\u00a0Putinem wskazuj\u0105, \u017ce\u00a0rosyjski przyw\u00f3dca nadal obstaje przy swoich twardych celach wojennych, mimo \u017ce\u00a0rosyjska machina wojenna napotyka trudno\u015bci. Jurij Uszakow, doradca Putina ds. polityki zagranicznej, podczas spotkania w\u00a0Moskwie w\u00a0lutym odrzuci\u0142 francusk\u0105 propozycj\u0119 wi\u0119kszego zaanga\u017cowania Europy w\u00a0rozmowy pokojowe. Rosja utrzymuje, \u017ce\u00a0pozostaje otwarta na\u00a0negocjacje, ale\u00a0sugeruje jednocze\u015bnie, \u017ce\u00a0punktem wyj\u015bcia musz\u0105 pozosta\u0107 warunki stawiane przez Putina. &#13;\n<\/p>\n<p>&#13;<br \/>\nCzytaj te\u017c:<br \/><a href=\"https:\/\/dorzeczy.pl\/opinie\/901372\/szczyt-g7-zelenski-zaproponowal-spotkanie-z-putinem.html\" rel=\"follow nofollow noopener\" data-schema=\"DORZECZY\" data-image=\"https:\/\/img.dorzeczy.pl\/_thumb\/86\/ef\/690fbbc89811cec37af17318386a.jpeg\" target=\"_blank\">Szczyt G7: Ze\u0142enski zasugerowa\u0142 spotkanie z\u00a0Putinem<\/a>Czytaj te\u017c:<br \/><a href=\"https:\/\/dorzeczy.pl\/swiat\/901405\/ue-potepia-rosje-za-atak-na-lawre-kijowsko-peczerska.html\" rel=\"follow nofollow noopener\" data-schema=\"DORZECZY\" data-image=\"https:\/\/img.dorzeczy.pl\/_thumb\/5a\/97\/c49ca014b9996e582a3eeb9fa846.jpeg\" target=\"_blank\">UE pot\u0119pia Rosj\u0119 za\u00a0atak na\u00a0\u0141awr\u0119 Kijowsko-Peczersk\u0105<\/a>&#13;<\/p>\n","protected":false},"excerpt":{"rendered":"&#13; UE powinna wykorzysta\u0107 obecne sprzyjaj\u0105ce okoliczno\u015bci wok\u00f3\u0142 rozm\u00f3w pokojowych dotycz\u0105cych Ukrainy i\u00a0kontynuowa\u0107 rozwijaj\u0105ce si\u0119 dzia\u0142ania. maj\u0105ce na\u00a0celu&hellip;\n","protected":false},"author":2,"featured_media":503203,"comment_status":"","ping_status":"","sticky":false,"template":"","format":"standard","meta":{"footnotes":"","_share_on_mastodon":"0"},"categories":[14],"tags":[294,32,33,98,27,1709,34,35,28,31,25,102,40,41,600,97747,80,29,30,415,104,26,892,82,83,84],"class_list":["post-503202","post","type-post","status-publish","format-standard","has-post-thumbnail","category-swiat","tag-austria","tag-breaking-news","tag-breakingnews","tag-dorzeczy","tag-headlines","tag-kreml","tag-latest-news","tag-latestnews","tag-naglowki","tag-najwazniejsze-artykuly","tag-news","tag-opinie","tag-polish","tag-polski","tag-putin","tag-stocker","tag-swiat","tag-top-stories","tag-topstories","tag-ukraina","tag-unia-europejska","tag-wiadomosci","tag-wojna","tag-world","tag-world-news","tag-worldnews"],"share_on_mastodon":{"url":"https:\/\/pubeurope.com\/@pl\/116774598588597778","error":""},"_links":{"self":[{"href":"https:\/\/www.europesays.com\/pl\/wp-json\/wp\/v2\/posts\/503202","targetHints":{"allow":["GET"]}}],"collection":[{"href":"https:\/\/www.europesays.com\/pl\/wp-json\/wp\/v2\/posts"}],"about":[{"href":"https:\/\/www.europesays.com\/pl\/wp-json\/wp\/v2\/types\/post"}],"author":[{"embeddable":true,"href":"https:\/\/www.europesays.com\/pl\/wp-json\/wp\/v2\/users\/2"}],"replies":[{"embeddable":true,"href":"https:\/\/www.europesays.com\/pl\/wp-json\/wp\/v2\/comments?post=503202"}],"version-history":[{"count":0,"href":"https:\/\/www.europesays.com\/pl\/wp-json\/wp\/v2\/posts\/503202\/revisions"}],"wp:featuredmedia":[{"embeddable":true,"href":"https:\/\/www.europesays.com\/pl\/wp-json\/wp\/v2\/media\/503203"}],"wp:attachment":[{"href":"https:\/\/www.europesays.com\/pl\/wp-json\/wp\/v2\/media?parent=503202"}],"wp:term":[{"taxonomy":"category","embeddable":true,"href":"https:\/\/www.europesays.com\/pl\/wp-json\/wp\/v2\/categories?post=503202"},{"taxonomy":"post_tag","embeddable":true,"href":"https:\/\/www.europesays.com\/pl\/wp-json\/wp\/v2\/tags?post=503202"}],"curies":[{"name":"wp","href":"https:\/\/api.w.org\/{rel}","templated":true}]}}