{"id":503206,"date":"2026-06-19T03:16:08","date_gmt":"2026-06-19T03:16:08","guid":{"rendered":"https:\/\/www.europesays.com\/pl\/503206\/"},"modified":"2026-06-19T03:16:08","modified_gmt":"2026-06-19T03:16:08","slug":"zlamana-noga-gwiazdy-koszmarna-kontuzja-pilkarza-odwracali-wzrok-sportowefakty","status":"publish","type":"post","link":"https:\/\/www.europesays.com\/pl\/503206\/","title":{"rendered":"Z\u0142amana noga gwiazdy. Koszmarna kontuzja, pi\u0142karza odwracali wzrok &#8211; SportoweFakty"},"content":{"rendered":"<ol>\n<li><a href=\"https:\/\/news.google.com\/rss\/articles\/CBMisgFBVV95cUxNMnc2QS1zWWs2NlNGSWFkd2RZUTZuVlpDTnhZaGxwT1hxaDNad0thU1J3Y1BoVFFQNHczYm9xRGhNT1ppLTdOZHlGcElHUFpqSVJDTndXY1lmQzZNZTBvbXhOM1JXNmVXYU1sb2FieTNWYVFVa3oyR1hvaVdKS25vaFNOY0psR0RwUjdZOUZLUUhKbU5oN1lEeTQ1OV9EN0NvNW1uU2w2ekNBMFlRcWp4Y2Nn?oc=5\" target=\"_blank\" rel=\"nofollow noopener\">Z\u0142amana noga gwiazdy. Koszmarna kontuzja, pi\u0142karza odwracali wzrok<\/a>&nbsp;&nbsp;SportoweFakty<\/li>\n<li><a href=\"https:\/\/news.google.com\/rss\/articles\/CBMi4wFBVV95cUxPNzdDa1NjTGtIa3lubUdjeVhJM1N0bUIxRVYtdzF4R3FHNnlMQ25HdUl5SmR3Zkx6SmNUeUJUMG5jc1FPZEUyWFAtNGJaa1ZsXzY3ZDdkTU1oTTJKS2ZNeUItc0l4NFJ3LXE5MVROLUpDanA0RVRXYkVIRUVRejdTRWJuVWhiM29mMGFsenY4bDFlV2ZUY2VVZUVSeHU5NWJnTU96XzZVcThkMGhUdGtkX09vZnFjT3U0UTRqUEZ0RjhXWWRWbHRCS2tWMzZmdTZjby01bHdVQjV6eTAyNWdZalJHQQ?oc=5\" target=\"_blank\" rel=\"nofollow noopener\">Nocny nokaut na M\u015a 2026, grad goli. Euforia w cieniu dramatycznej kontuzji<\/a>&nbsp;&nbsp;Przegl\u0105d Sportowy<\/li>\n<li><a href=\"https:\/\/news.google.com\/rss\/articles\/CBMiwAFBVV95cUxOR1F6dmlKWUx2Rm5xZlNZVzZmdktsaTVLZ0hJSVRDb0VBUS1rVXVnYVlEdVFhaTNTWXZXczc3cnFKQ1c3eE91enBRTDIxby1oZUN4c29NcS16b2xSeXpoa3pvSDNBRmxsX2NSMFVLY0l1Uk9KUy1fek83UlZQaUM1WXYxUUFCblFKTGVmLXdNZHplR3lRel9hM3BMaFR0Q1NnNE5MQ0d3S0wzbkdzS1k2d0gwUkNuRU00UFNUV3B6VnQ?oc=5\" target=\"_blank\" rel=\"nofollow noopener\">Spektakularna egzekucja w Vancouver. 6 goli, dwie czerwone kartki. To by\u0142 walec<\/a>&nbsp;&nbsp;Interia Sport<\/li>\n<li><a href=\"https:\/\/news.google.com\/rss\/articles\/CBMirwFBVV95cUxOeW1aVEJUTHpuQmFaSzVjMjVYYmdaV053Nnh2WVZDSnRvSFNpV2h5al9ScTRSZENFd0dYY21lcTA5aUR0TWc3ZWFiOHRrMTZfV2ZwanZpbWQwNlBacUZTaWpycXJ6S0pqLXM0Ykl5Um5OMWRhTHBvbDhJTVZwdXVUVktLUl9Zc21waXl6WmhuN1RUZjFjZ1M2RjRORVdsR1BUQUR1WmN1V1d0Q2FsWTBV?oc=5\" target=\"_blank\" rel=\"nofollow noopener\">Awantura po meczu mundialu. Dru\u017cyny rzuci\u0142y si\u0119 na siebie [WIDEO]<\/a>&nbsp;&nbsp;Meczyki.pl<\/li>\n<li><a href=\"https:\/\/news.google.com\/rss\/articles\/CBMixwFBVV95cUxNY2tnM0FTM2F1MlpCZTNBWXBYN282RzBGX0R3VFJjRnpieDdROTk2YXVsYnVnZDFSOFVBb0otX25xRWNyYTEwUTFqWFNHR2dIRk13UHhVbXFsWnFUaHlXLUZlUm15cWkyUmlETzBPVk9nS0N5bG84a3kydmVzcXM2ZFkyZ3BiR3JLZGhEVFhXWmNwYTE2azB0Y21qUFZnX3RocEFWczNPUkxidEJlMEdiTWhsODlxTWp6LUZZdHIyYlREbWxCY2dJ?oc=5\" target=\"_blank\" rel=\"nofollow noopener\">Deklasacja to ma\u0142o powiedziane w meczu wsp\u00f3\u0142gospodarzy turnieju<\/a>&nbsp;&nbsp;Eurosport Polska<\/li>\n<\/ol>\n","protected":false},"excerpt":{"rendered":"Z\u0142amana noga gwiazdy. Koszmarna kontuzja, pi\u0142karza odwracali wzrok&nbsp;&nbsp;SportoweFakty Nocny nokaut na M\u015a 2026, grad goli. Euforia w cieniu&hellip;\n","protected":false},"author":2,"featured_media":503207,"comment_status":"","ping_status":"","sticky":false,"template":"","format":"standard","meta":{"footnotes":"","_share_on_mastodon":"0"},"categories":[5],"tags":[32,33,36,37,27,97748,193,3057,34,35,3037,9090,28,31,25,989,269,42,38,40,39,41,45040,13649,97570,29,30,26],"class_list":["post-503206","post","type-post","status-publish","format-standard","has-post-thumbnail","category-naglowki","tag-breaking-news","tag-breakingnews","tag-featured-news","tag-featurednews","tag-headlines","tag-ismael-kone","tag-kanada","tag-katar","tag-latest-news","tag-latestnews","tag-mistrzostwa-swiata","tag-mistrzostwa-swiata-2026","tag-naglowki","tag-najwazniejsze-artykuly","tag-news","tag-pilka-na-swiecie","tag-pilka-nozna","tag-pl","tag-poland","tag-polish","tag-polska","tag-polski","tag-reprezentacja-kanady","tag-reprezentacja-kataru","tag-studio-mundial","tag-top-stories","tag-topstories","tag-wiadomosci"],"share_on_mastodon":{"url":"https:\/\/pubeurope.com\/@pl\/116774606338432820","error":""},"_links":{"self":[{"href":"https:\/\/www.europesays.com\/pl\/wp-json\/wp\/v2\/posts\/503206","targetHints":{"allow":["GET"]}}],"collection":[{"href":"https:\/\/www.europesays.com\/pl\/wp-json\/wp\/v2\/posts"}],"about":[{"href":"https:\/\/www.europesays.com\/pl\/wp-json\/wp\/v2\/types\/post"}],"author":[{"embeddable":true,"href":"https:\/\/www.europesays.com\/pl\/wp-json\/wp\/v2\/users\/2"}],"replies":[{"embeddable":true,"href":"https:\/\/www.europesays.com\/pl\/wp-json\/wp\/v2\/comments?post=503206"}],"version-history":[{"count":0,"href":"https:\/\/www.europesays.com\/pl\/wp-json\/wp\/v2\/posts\/503206\/revisions"}],"wp:featuredmedia":[{"embeddable":true,"href":"https:\/\/www.europesays.com\/pl\/wp-json\/wp\/v2\/media\/503207"}],"wp:attachment":[{"href":"https:\/\/www.europesays.com\/pl\/wp-json\/wp\/v2\/media?parent=503206"}],"wp:term":[{"taxonomy":"category","embeddable":true,"href":"https:\/\/www.europesays.com\/pl\/wp-json\/wp\/v2\/categories?post=503206"},{"taxonomy":"post_tag","embeddable":true,"href":"https:\/\/www.europesays.com\/pl\/wp-json\/wp\/v2\/tags?post=503206"}],"curies":[{"name":"wp","href":"https:\/\/api.w.org\/{rel}","templated":true}]}}