{"id":50333,"date":"2025-10-15T12:20:23","date_gmt":"2025-10-15T12:20:23","guid":{"rendered":"https:\/\/www.europesays.com\/pl\/50333\/"},"modified":"2025-10-15T12:20:23","modified_gmt":"2025-10-15T12:20:23","slug":"magdalena-schejbal-o-bolesnych-doswiadczeniach-na-planie-jestem-ofiara-przekroczen","status":"publish","type":"post","link":"https:\/\/www.europesays.com\/pl\/50333\/","title":{"rendered":"Magdalena Schejbal o bolesnych do\u015bwiadczeniach na planie. &#8222;Jestem ofiar\u0105 przekrocze\u0144&#8221;"},"content":{"rendered":"<p class=\"ods-c-paragraph \">Magdalena Schejbal i Waleria Gorobets w rozmowie, kt\u00f3ra ukaza\u0142a si\u0119 w serwisie tvn.pl podzieli\u0142y si\u0119 do\u015bwiadczeniami zawodowymi oraz refleksjami na temat przekraczania granic na planie. Magdalena Schejbal, kt\u00f3ra zacz\u0119\u0142a prac\u0119 przed kamer\u0105 jeszcze jako dziecko, wspomina pocz\u0105tki w &#8222;Truskawkowym studio&#8221; \u2013 programie telewizyjnym dla dzieci i m\u0142odzie\u017cy.<\/p>\n<blockquote class=\"ods-o-quota\">\n<p class=\"ods-o-quota__paragraph\">By\u0142am jeszcze dzieciakiem, ros\u0142am z t\u0105 bran\u017c\u0105, kt\u00f3ra bardzo szybko si\u0119 rozwija\u0142a. Wtedy nie by\u0142o mowy o koordynatorach scen erotycznych czy psychologu na planie. To s\u0105 nowe tematy i to cudowne, bo cz\u0142owiek czuje si\u0119 zaopiekowany<\/p>\n<\/blockquote>\n<p class=\"ods-c-paragraph \">\u2013 m\u00f3wi\u0142a Magdalena Schejbal.<\/p>\n<p>Dalszy ci\u0105g artyku\u0142u pod materia\u0142em wideo<\/p>\n<p> Jakie do\u015bwiadczenia z mobbingiem mia\u0142a Magdalena Schejbal? <\/p>\n<p> W jakich warunkach pracowa\u0142a Magdalena Schejbal na planie? <\/p>\n<p> Co powiedzia\u0142 re\u017cyser Magdalena Schejbal podczas nagrywania scen erotycznych? <\/p>\n<p> Jakie zmiany w bran\u017cy filmowej zauwa\u017ca Magdalena Schejbal? <\/p>\n<p>  Magdalena Schejbal do\u015bwiadczy\u0142a mobbingu na planie: powiedzia\u0142: ty si\u0119 rozbierzesz<\/p>\n<p class=\"ods-c-paragraph \">Jednak aktorka nie ukrywa, \u017ce sama do\u015bwiadczy\u0142a trudnych chwil:<\/p>\n<blockquote class=\"ods-o-quota\">\n<p class=\"ods-o-quota__paragraph\">Przesz\u0142am takie chwile, kt\u00f3re by\u0142y trudne i by\u0142y zagro\u017ceniem. Jestem poniek\u0105d ofiar\u0105 tamtych z\u0142ych czas\u00f3w i przekrocze\u0144 \u2013 zar\u00f3wno fizycznych, jak i psychicznych<\/p>\n<\/blockquote>\n<p class=\"ods-c-paragraph \">Magdalena Schejbal po raz pierwszy zetkn\u0119\u0142a si\u0119 z nago\u015bci\u0105 na planie jeszcze jako studentka.<\/p>\n<blockquote class=\"ods-o-quota\">\n<p class=\"ods-o-quota__paragraph\">Pami\u0119tam moje pierwsze zetkni\u0119cie ze scenami erotycznymi w serialu. Re\u017cyser powiedzia\u0142: to ty si\u0119 rozbierzesz, ty te\u017c si\u0119 rozbierzesz, ty usi\u0105dziesz na nim, a ty b\u0119dziesz pod ni\u0105. By\u0142am na drugim roku, kolega na trzecim. Spojrzeli\u015bmy na siebie \u2013 kompletnie nie wiedzieli\u015bmy, co robimy<\/p>\n<\/blockquote>\n<p class=\"ods-c-paragraph \">\u2013 wspomina c\u00f3rka <a href=\"https:\/\/plejada.pl\/newsy\/corka-jerzego-schejbala-poszla-w-jego-slady-mnie-podziekowano-a-magda-i-zona-dostaly\/2e23npz\" id=\"62cce279-e7fa-430e-b099-8a176903f0ef\" rel=\"nofollow noopener\" target=\"_blank\">Jerzego Schejbala<\/a>. <\/p>\n<p><img decoding=\"async\" src=\"https:\/\/www.europesays.com\/pl\/wp-content\/uploads\/2025\/10\/7sek9lBaHR0cHM6Ly9vY2RuLmV1L3B1bHNjbXMvTURBXy8wNzU4YmQ0ODFkYzZmN2NiZjI1MWM5ZjJhM2MzN2YxNy5qcGeRlQLNA.jpeg\" height=\"529\" width=\"940\" alt=\"Magdalena Schejbal (2021 r.)\" loading=\"lazy\" class=\"ods-c-image__img ods-c-image__img--vertical\"\/><\/p>\n<p>Magdalena Schejbal (2021 r.)Jaros\u0142aw Antoniak \/ MW Media<\/p>\n<p class=\"ods-c-paragraph \">Jak podkre\u015bli\u0142a aktorka, nikt w\u00f3wczas nie zastanawia\u0142 si\u0119 nad konsekwencjami. \u2013 Robili\u015bmy wszystko mechanicznie, tak jak nam powiedziano. Czuli\u015bmy, \u017ce co\u015b jest nie tak, ale presja by\u0142a ogromna \u2013 trzeba by\u0142o szybko nagra\u0107 scen\u0119, ko\u0144czy\u0142 si\u0119 dzie\u0144, \u015bwiat\u0142o znika\u0142o, ludzie czekali. To by\u0142o straszne i dziwne \u2013 opowiada\u0142a.<\/p>\n<p class=\"ods-c-paragraph \">Cho\u0107 scena nie by\u0142a bardzo wymagaj\u0105ca, pozostawi\u0142a \u015blad:<\/p>\n<blockquote class=\"ods-o-quota\">\n<p class=\"ods-o-quota__paragraph\">Musieli\u015bmy by\u0107 do po\u0142owy nadzy. Nie czu\u0142am si\u0119 wtedy komfortowo z w\u0142asnym cia\u0142em. By\u0142am chudziusie\u0144ka, taki szkieletor. Patrzy\u0142am potem w lustro i my\u015bla\u0142am: kto to w og\u00f3le?<\/p>\n<\/blockquote>\n<p class=\"ods-c-paragraph \">Magdalena Schejbal by\u0142a jedn\u0105 z pierwszych aktorek, kt\u00f3re g\u0142o\u015bno m\u00f3wi\u0142y o mobbingu i przekroczeniach na planie zdj\u0119ciowym.<\/p>\n<blockquote class=\"ods-o-quota\">\n<p class=\"ods-o-quota__paragraph\">By\u0142am poddawana mobbingowi na planie. Moje bycie tam wi\u0105za\u0142o si\u0119 z ci\u0105g\u0142\u0105 presj\u0105, \u017ce trzeba pracowa\u0107 dalej, nawet w trudnych warunkach, kiedy by\u0142am w ci\u0105\u017cy<\/p>\n<\/blockquote>\n<p class=\"ods-c-paragraph \">\u2013 przyznawa\u0142a.<\/p>\n<p><img decoding=\"async\" src=\"https:\/\/www.europesays.com\/pl\/wp-content\/uploads\/2025\/10\/h93k9lBaHR0cHM6Ly9vY2RuLmV1L3B1bHNjbXMvTURBXy83NDU3NmUxYTBhYzIxZWJiM2NiMTdiNGIxNzE2MzQ2Mi5qcGeRlQLNB.jpeg\" height=\"627\" width=\"940\" alt=\"Jerzy Schejbal i Magdalena Schejbal na planie programu &quot;Demakija\u017c&quot;\" loading=\"lazy\" class=\"ods-c-image__img ods-c-image__img--viewport-width\"\/><\/p>\n<p>Jerzy Schejbal i Magdalena Schejbal na planie programu &#8222;Demakija\u017c&#8221;Ga\u0142\u0105zka \/ AKPA<\/p>\n<p class=\"ods-c-paragraph \">Dzi\u0119kujemy, \u017ce przeczyta\u0142a\u015b\/e\u015b nasz artyku\u0142 do ko\u0144ca.\u202fW serwisie Plejada.pl ka\u017cdego dnia piszemy o najwa\u017cniejszych wydarzeniach show-biznesowych.\u202fB\u0105d\u017a na bie\u017c\u0105co!\u202f<a rel=\"nofollow noopener\" href=\"https:\/\/news.google.com\/publications\/CAAiEF0PeAlb7W1llpV_mwV2rL4qFAgKIhBdD3gJW-1tZZaVf5sFdqy-?hl=pl&amp;gl=PL&amp;ceid=PL%3Apl\" id=\"7c814ebd-0259-49ad-92ec-2ac7b40528c4\" target=\"_blank\">Obserwuj<\/a>\u202fPlejad\u0119 w Wiadomo\u015bciach Google. Odwied\u017a nas tak\u017ce na\u202f<a rel=\"nofollow noopener\" href=\"https:\/\/www.facebook.com\/plejadapl\" id=\"ce7c7143-1719-4557-a076-c363badc2990\" target=\"_blank\">Facebooku<\/a>,\u202f<a rel=\"nofollow noopener\" href=\"https:\/\/www.instagram.com\/plejadapl\/\" id=\"ab71cac9-8311-4fbc-b0c3-6d6325c0e3f9\" target=\"_blank\">Instagramie<\/a>,\u202f<a rel=\"nofollow noopener\" href=\"https:\/\/www.youtube.com\/c\/plejada\" id=\"e4e13c82-d538-4fd7-b0b6-02c128f701d2\" target=\"_blank\">YouTubie<\/a>\u202foraz\u202f<a rel=\"nofollow noopener\" href=\"https:\/\/www.tiktok.com\/@plejada_pl\" id=\"7ea5f8b0-3515-4d81-9893-94aec8a1fa4f\" target=\"_blank\">TikToku<\/a>.<\/p>\n<p class=\"ods-c-paragraph \">Chcesz podzieli\u0107 si\u0119 ciekawym newsem lub zaproponowa\u0107 temat? Skontaktuj si\u0119 z nami, pisz\u0105c maila na adres:\u202f<a rel=\"nofollow noopener\" href=\"https:\/\/plejada.pl\/newsy\/magdalena-schejbal-o-bolesnych-doswiadczeniach-na-planie-jestem-ofiara-przekroczen\/mailto:plejada@redakcjaonet.pl\" id=\"5aad511a-411a-46a9-b8df-64d90e0e3b70\" target=\"_blank\">plejada@redakcjaonet.pl<\/a>.<\/p>\n<p><script async src=\"\/\/www.instagram.com\/embed.js\"><\/script><script async src=\"\/\/www.tiktok.com\/embed.js\"><\/script><\/p>\n","protected":false},"excerpt":{"rendered":"Magdalena Schejbal i Waleria Gorobets w rozmowie, kt\u00f3ra ukaza\u0142a si\u0119 w serwisie tvn.pl podzieli\u0142y si\u0119 do\u015bwiadczeniami zawodowymi oraz&hellip;\n","protected":false},"author":2,"featured_media":50334,"comment_status":"","ping_status":"","sticky":false,"template":"","format":"standard","meta":{"footnotes":""},"categories":[22],"tags":[122,13678,13677,13679,48,125,46,42,38,40,39,41,123,47],"class_list":{"0":"post-50333","1":"post","2":"type-post","3":"status-publish","4":"format-standard","5":"has-post-thumbnail","7":"category-rozrywka","8":"tag-entertainment","9":"tag-jerzy_schejbal","10":"tag-magdalena_schejbal","11":"tag-mobbing","12":"tag-nat_styl","13":"tag-newsy","14":"tag-omp","15":"tag-pl","16":"tag-poland","17":"tag-polish","18":"tag-polska","19":"tag-polski","20":"tag-rozrywka","21":"tag-screening_general"},"share_on_mastodon":{"url":"","error":""},"_links":{"self":[{"href":"https:\/\/www.europesays.com\/pl\/wp-json\/wp\/v2\/posts\/50333","targetHints":{"allow":["GET"]}}],"collection":[{"href":"https:\/\/www.europesays.com\/pl\/wp-json\/wp\/v2\/posts"}],"about":[{"href":"https:\/\/www.europesays.com\/pl\/wp-json\/wp\/v2\/types\/post"}],"author":[{"embeddable":true,"href":"https:\/\/www.europesays.com\/pl\/wp-json\/wp\/v2\/users\/2"}],"replies":[{"embeddable":true,"href":"https:\/\/www.europesays.com\/pl\/wp-json\/wp\/v2\/comments?post=50333"}],"version-history":[{"count":0,"href":"https:\/\/www.europesays.com\/pl\/wp-json\/wp\/v2\/posts\/50333\/revisions"}],"wp:featuredmedia":[{"embeddable":true,"href":"https:\/\/www.europesays.com\/pl\/wp-json\/wp\/v2\/media\/50334"}],"wp:attachment":[{"href":"https:\/\/www.europesays.com\/pl\/wp-json\/wp\/v2\/media?parent=50333"}],"wp:term":[{"taxonomy":"category","embeddable":true,"href":"https:\/\/www.europesays.com\/pl\/wp-json\/wp\/v2\/categories?post=50333"},{"taxonomy":"post_tag","embeddable":true,"href":"https:\/\/www.europesays.com\/pl\/wp-json\/wp\/v2\/tags?post=50333"}],"curies":[{"name":"wp","href":"https:\/\/api.w.org\/{rel}","templated":true}]}}