{"id":50343,"date":"2025-10-15T12:26:08","date_gmt":"2025-10-15T12:26:08","guid":{"rendered":"https:\/\/www.europesays.com\/pl\/50343\/"},"modified":"2025-10-15T12:26:08","modified_gmt":"2025-10-15T12:26:08","slug":"gwiazda-domaga-sie-podwyzki-co-na-to-klub","status":"publish","type":"post","link":"https:\/\/www.europesays.com\/pl\/50343\/","title":{"rendered":"Gwiazda domaga si\u0119 podwy\u017cki! Co na to klub?"},"content":{"rendered":"\n<p class=\"contentpart contentpart--default contentpart--text\" data-position=\"0\"><a href=\"https:\/\/sportowefakty.wp.pl\/pilka-nozna\/ousmane-dembele\" rel=\"nofollow noopener\" target=\"_blank\">Ousmane Dembele<\/a>, zdobywca Z\u0142otej Pi\u0142ki, pragnie teraz wy\u017cszych zarobk\u00f3w w\u00a0<a href=\"https:\/\/sportowefakty.wp.pl\/pilka-nozna\/paris-saint-germain\" rel=\"nofollow noopener\" target=\"_blank\">Paris Saint-Germain<\/a>. Francuski pi\u0142karz, maj\u0105cy za sob\u0105 znakomity sezon z 35 bramkami i 16 asystami, uwa\u017ca, \u017ce jego kontrakt powinien lepiej odzwierciedla\u0107 jego aktualny status w \u015bwiecie pi\u0142ki.<\/p>\n<p class=\"contentpart contentpart--default contentpart--text\" data-position=\"1\">Umowa, kt\u00f3r\u0105 Dembele podpisa\u0142 w lecie 2023 r., zawiera\u0142a klauzul\u0119  automatycznego podwy\u017cszenia wynagrodzenia w przypadku zdobycia Z\u0142otej  Pi\u0142ki. Mimo to niekt\u00f3rzy dzia\u0142acze w PSG zaprzeczaj\u0105 istnieniu takiego  zapisu.<\/p>\n<p> <img role=\"presentation\" src=\"https:\/\/std.wpcdn.pl\/images\/adv\/placeholder_wp.svg\" loading=\"lazy\" alt=\"\" decoding=\"async\"\/>  <\/p>\n<p class=\"contentpart contentpart--default contentpart--text\" data-position=\"2\">Tymczasem  negocjacje mi\u0119dzy dyrektorem sportowym Luisem Camposem a agentem  pi\u0142karza, Moussa Sissoko, trwaj\u0105 w najlepsze. Celem rozm\u00f3w jest  dostosowanie warunk\u00f3w kontraktu do osi\u0105gni\u0119\u0107 Francuza, kt\u00f3ry obecnie  zarabia ok. 18 mln euro rocznie.<\/p>\n<p class=\"contentpart contentpart--default contentpart--text\" data-position=\"3\">ZOBACZ WIDEO: #dziejesiewsporcie: Co oni zrobili! Niesamowity gol w \u00f3smej sekundzie<\/p>\n<p class=\"contentpart contentpart--default contentpart--text\" data-position=\"5\">Jak podaje sport.es, w\u0142adze  PSG doceniaj\u0105 kluczow\u0105 rol\u0119, jak\u0105 Dembele odgrywa w sukcesach zespo\u0142u,  zauwa\u017caj\u0105c, \u017ce bez niego osi\u0105gni\u0119cie takich wynik\u00f3w by\u0142oby trudniejsze.  Mimo wszystko, podkre\u015blaj\u0105 znaczenie kolektywnego sukcesu dru\u017cyny.  Wskazuj\u0105 r\u00f3wnie\u017c, \u017ce inni pi\u0142karze, jak Vitinha czy Achraf, r\u00f3wnie\u017c  przyczynili si\u0119 do sukces\u00f3w PSG.<\/p>\n<p class=\"contentpart contentpart--default contentpart--text\" data-position=\"6\">PSG nie chce zahamowa\u0107 harmonii zespo\u0142owej i finansowej, dlatego  zale\u017cy im na spokojnym tempie rozm\u00f3w, skutkuj\u0105cych sprawiedliw\u0105 umow\u0105.<\/p>\n<p> <img role=\"presentation\" src=\"https:\/\/std.wpcdn.pl\/images\/adv\/placeholder_wp.svg\" loading=\"lazy\" alt=\"\" decoding=\"async\"\/>  <\/p>\n<p class=\"contentpart contentpart--default contentpart--text\" data-position=\"7\">Niezaprzeczalne  jest, \u017ce warto\u015b\u0107 rynkowa Ousmane Dembele gwa\u0142townie wzros\u0142a. Jeszcze  rok temu wynosi\u0142a 55 mln euro, a teraz przekracza ju\u017c 100 mln. Maj\u0105c  zaledwie 28 lat, Demb\u00e9l\u00e9 ci\u0105gle ma przed sob\u0105 wiele lat gry na  najwy\u017cszym poziomie i niew\u0105tpliwie prze\u017cywa najlepszy okres kariery.<\/p>\n","protected":false},"excerpt":{"rendered":"Ousmane Dembele, zdobywca Z\u0142otej Pi\u0142ki, pragnie teraz wy\u017cszych zarobk\u00f3w w\u00a0Paris Saint-Germain. Francuski pi\u0142karz, maj\u0105cy za sob\u0105 znakomity sezon&hellip;\n","protected":false},"author":2,"featured_media":50344,"comment_status":"","ping_status":"","sticky":false,"template":"","format":"standard","meta":{"footnotes":""},"categories":[24],"tags":[3942,896,269,42,38,40,39,41,127,126],"class_list":{"0":"post-50343","1":"post","2":"type-post","3":"status-publish","4":"format-standard","5":"has-post-thumbnail","7":"category-sport","8":"tag-ousmane-dembele","9":"tag-paris-saint-germain","10":"tag-pilka-nozna","11":"tag-pl","12":"tag-poland","13":"tag-polish","14":"tag-polska","15":"tag-polski","16":"tag-sport","17":"tag-sports"},"share_on_mastodon":{"url":"","error":""},"_links":{"self":[{"href":"https:\/\/www.europesays.com\/pl\/wp-json\/wp\/v2\/posts\/50343","targetHints":{"allow":["GET"]}}],"collection":[{"href":"https:\/\/www.europesays.com\/pl\/wp-json\/wp\/v2\/posts"}],"about":[{"href":"https:\/\/www.europesays.com\/pl\/wp-json\/wp\/v2\/types\/post"}],"author":[{"embeddable":true,"href":"https:\/\/www.europesays.com\/pl\/wp-json\/wp\/v2\/users\/2"}],"replies":[{"embeddable":true,"href":"https:\/\/www.europesays.com\/pl\/wp-json\/wp\/v2\/comments?post=50343"}],"version-history":[{"count":0,"href":"https:\/\/www.europesays.com\/pl\/wp-json\/wp\/v2\/posts\/50343\/revisions"}],"wp:featuredmedia":[{"embeddable":true,"href":"https:\/\/www.europesays.com\/pl\/wp-json\/wp\/v2\/media\/50344"}],"wp:attachment":[{"href":"https:\/\/www.europesays.com\/pl\/wp-json\/wp\/v2\/media?parent=50343"}],"wp:term":[{"taxonomy":"category","embeddable":true,"href":"https:\/\/www.europesays.com\/pl\/wp-json\/wp\/v2\/categories?post=50343"},{"taxonomy":"post_tag","embeddable":true,"href":"https:\/\/www.europesays.com\/pl\/wp-json\/wp\/v2\/tags?post=50343"}],"curies":[{"name":"wp","href":"https:\/\/api.w.org\/{rel}","templated":true}]}}