{"id":50357,"date":"2025-10-15T12:33:07","date_gmt":"2025-10-15T12:33:07","guid":{"rendered":"https:\/\/www.europesays.com\/pl\/50357\/"},"modified":"2025-10-15T12:33:07","modified_gmt":"2025-10-15T12:33:07","slug":"kresli-sensacyjny-scenariusz-dla-roberta-lewandowskiego-w-barcelonie","status":"publish","type":"post","link":"https:\/\/www.europesays.com\/pl\/50357\/","title":{"rendered":"Kre\u015bli sensacyjny scenariusz dla Roberta Lewandowskiego w Barcelonie"},"content":{"rendered":"<p class=\"Paragraph_desktopParagraph__Fd2e9\">Hiszpa\u0144skie media obieg\u0142a niedawno informacja, \u017ce FC Barcelona nie przed\u0142u\u017cy umowy z Robertem Lewandowskim. Jak mogli\u015bmy przeczyta\u0107, g\u0142\u00f3wnym powodem takiej decyzji ma nie by\u0107 forma sportowa, lecz wiek.<\/p>\n<p class=\"VideoPlayerText_videoPlayerText__zrtJk\">Dalszy ci\u0105g materia\u0142u pod wideo<\/p>\n<p class=\"Paragraph_desktopParagraph__Fd2e9\">Polak w tym sezonie jak na razie nie potrafi wywalczy\u0107 sobie pewnego miejsce w pierwszym sk\u0142adzie. Nie pomagaj\u0105 mu te\u017c kontuzje. W trakcie okresu przygotowawczego dozna\u0142 urazu uda, kt\u00f3ry teraz mu si\u0119 odnowi\u0142. Wiadomo ju\u017c, \u017ce Lewandowski nie zagra w zbli\u017caj\u0105cym si\u0119 El Clasico (26 pa\u017adziernika).<\/p>\n<p class=\"Paragraph_desktopParagraph__Fd2e9\">Co ciekawe, z podawanych informacji nie wynika jednak, jak mia\u0142oby wygl\u0105da\u0107 odej\u015bcie polskiego snajpera. Niekt\u00f3rzy spekuluj\u0105, \u017ce mo\u017ce mistrz Hiszpanii b\u0119dzie chcia\u0142 na Lewandowskim co\u015b jeszcze zarobi\u0107 i pozb\u0119dzie si\u0119 go ju\u017c zim\u0105, m.in. tak kwestia by\u0142a jednym z temat\u00f3w w &#8222;Misji Sport&#8221;.<\/p>\n<p class=\"Paragraph_desktopParagraph__Fd2e9\">\u2014 Zak\u0142adam, \u017ce wype\u0142ni kontrakt. FC Barcelona potrzebuje dobrego napastnika, bo do ko\u0144ca b\u0119dzie walczy\u0107 o mistrzostwo Hiszpanii, by\u0107 mo\u017ce te\u017c o triumf w Lidze Mistrz\u00f3w, gdzie mo\u017ce zarobi\u0107 wi\u0119cej ni\u017c za Roberta Lewandowskiego w styczniu \u2014 stwierdzi\u0142 Jaros\u0142aw Koli\u0144ski.<\/p>\n<p>Wszystko zale\u017cy teraz od Lewandowskiego<\/p>\n<p class=\"Paragraph_desktopParagraph__Fd2e9\">Natomiast wed\u0142ug Rados\u0142awa Majdana wszystko jest w r\u0119kach napastnika. FC Barcelona znana jest z tego, \u017ce skutecznie zniech\u0119ca do pozostania w klubie niechcianych ju\u017c pi\u0142karzy. Wp\u0142yw na decyzj\u0119 w sprawie Lewandowskiego mo\u017ce mie\u0107 jego skuteczno\u015b\u0107 w najbli\u017cszych miesi\u0105cach.<\/p>\n<p class=\"Paragraph_desktopParagraph__Fd2e9\">\u2014 My\u015bla\u0142em nad tym, \u017ce odejdzie ju\u017c w styczniu, patrz\u0105c na to, jak Barcelona post\u0119puje ze swoimi pi\u0142karzami. Nie wiem, czy pami\u0119tacie, jak wypychano Memphisa Depaya, kiedy przyszed\u0142 Robert. To nie by\u0142o eleganckie zachowanie. Mam nadzieje, \u017ce to, co Lewandowski zrobi\u0142 dla Barcelony i ch\u0142odna kalkulacja mu pomo\u017ce. Jednak musi on zdobywa\u0107 bramki, bo je\u015bli nie, to wydaje mi si\u0119, \u017ce w zimie b\u0119d\u0105 si\u0119 mocno zastanawia\u0107, czy nie chc\u0105 w klubie zarobi\u0107 co\u015b jeszcze na Polaku \u2014 uzna\u0142 Majdan.<\/p>\n<p class=\"Paragraph_desktopParagraph__Fd2e9\">\u2014 My\u015bl\u0119, \u017ce to jak zostanie zapami\u0119tany w Barcelonie, zadecyduje si\u0119 w ostatnich miesi\u0105cach jego pobytu. Je\u017celi Robert do\u0142o\u017cy jeszcze par\u0119 goli, to na pewno zostanie zapami\u0119tany jako ten skuteczny, bo s\u0142owo &#8222;legenda&#8221; to za du\u017ce s\u0142owo. W Barcelonie grali Leo Messi czy Ronaldinho \u2014 oceni\u0142.<\/p>\n<p class=\"Paragraph_desktopParagraph__Fd2e9\">Przed Barcelon\u0105 bardzo trudne tygodnie, bo m.in. bez Lewandowskiego b\u0119dzie musia\u0142a radzi\u0107 sobie w spotkaniach z Realem (26 pa\u017adziernika, godz. 16.15), a wcze\u015bniej w starciach z Giron\u0105 (18 pa\u017adziernika, godz. 16.15) i Olympiakosem w Lidze Mistrz\u00f3w (21 pa\u017adziernika, godz. 18.45). Relacje z tych mecz\u00f3w b\u0119dzie mo\u017cna \u015bledzi\u0107 na stronie Przegl\u0105du Sportowego Onet.<\/p>\n","protected":false},"excerpt":{"rendered":"Hiszpa\u0144skie media obieg\u0142a niedawno informacja, \u017ce FC Barcelona nie przed\u0142u\u017cy umowy z Robertem Lewandowskim. Jak mogli\u015bmy przeczyta\u0107, g\u0142\u00f3wnym&hellip;\n","protected":false},"author":2,"featured_media":50358,"comment_status":"","ping_status":"","sticky":false,"template":"","format":"standard","meta":{"footnotes":""},"categories":[24],"tags":[303,67,2960,2051,194,42,38,40,39,41,136,10987,128,300,47,127,135,126,130],"class_list":{"0":"post-50357","1":"post","2":"type-post","3":"status-publish","4":"format-standard","5":"has-post-thumbnail","7":"category-sport","8":"tag-fc_barcelona","9":"tag-intextvideo_splayer","10":"tag-la_liga","11":"tag-laliga","12":"tag-maja","13":"tag-pl","14":"tag-poland","15":"tag-polish","16":"tag-polska","17":"tag-polski","18":"tag-ps_detal_new","19":"tag-ps_sts_tst1","20":"tag-psv2","21":"tag-robert_lewandowski","22":"tag-screening_general","23":"tag-sport","24":"tag-sport_sport","25":"tag-sports","26":"tag-wiadomosci_sportowe"},"share_on_mastodon":{"url":"","error":""},"_links":{"self":[{"href":"https:\/\/www.europesays.com\/pl\/wp-json\/wp\/v2\/posts\/50357","targetHints":{"allow":["GET"]}}],"collection":[{"href":"https:\/\/www.europesays.com\/pl\/wp-json\/wp\/v2\/posts"}],"about":[{"href":"https:\/\/www.europesays.com\/pl\/wp-json\/wp\/v2\/types\/post"}],"author":[{"embeddable":true,"href":"https:\/\/www.europesays.com\/pl\/wp-json\/wp\/v2\/users\/2"}],"replies":[{"embeddable":true,"href":"https:\/\/www.europesays.com\/pl\/wp-json\/wp\/v2\/comments?post=50357"}],"version-history":[{"count":0,"href":"https:\/\/www.europesays.com\/pl\/wp-json\/wp\/v2\/posts\/50357\/revisions"}],"wp:featuredmedia":[{"embeddable":true,"href":"https:\/\/www.europesays.com\/pl\/wp-json\/wp\/v2\/media\/50358"}],"wp:attachment":[{"href":"https:\/\/www.europesays.com\/pl\/wp-json\/wp\/v2\/media?parent=50357"}],"wp:term":[{"taxonomy":"category","embeddable":true,"href":"https:\/\/www.europesays.com\/pl\/wp-json\/wp\/v2\/categories?post=50357"},{"taxonomy":"post_tag","embeddable":true,"href":"https:\/\/www.europesays.com\/pl\/wp-json\/wp\/v2\/tags?post=50357"}],"curies":[{"name":"wp","href":"https:\/\/api.w.org\/{rel}","templated":true}]}}