{"id":503594,"date":"2026-06-19T07:54:12","date_gmt":"2026-06-19T07:54:12","guid":{"rendered":"https:\/\/www.europesays.com\/pl\/503594\/"},"modified":"2026-06-19T07:54:12","modified_gmt":"2026-06-19T07:54:12","slug":"policyjna-akcja-trzezwosc-w-lublinie-mundurowi-kontroluja-kierowcow-od-piatkowego-poranka","status":"publish","type":"post","link":"https:\/\/www.europesays.com\/pl\/503594\/","title":{"rendered":"Policyjna akcja \u201eTrze\u017awo\u015b\u0107\u201d w Lublinie. Mundurowi kontroluj\u0105 kierowc\u00f3w od pi\u0105tkowego poranka"},"content":{"rendered":"<p>Policjanci z Lublina od rana prowadz\u0105 wzmo\u017cone kontrole trze\u017awo\u015bci kieruj\u0105cych. Dzia\u0142ania odbywaj\u0105 si\u0119 w ramach akcji \u201eTrze\u017awo\u015b\u0107\u201d i maj\u0105 przede wszystkim zapobiega\u0107 sytuacjom, w kt\u00f3rych osoby po spo\u017cyciu alkoholu kontynuuj\u0105 jazd\u0119.<\/p>\n<p>G\u0142\u00f3wnym za\u0142o\u017ceniem akcji jest sprawdzenie stanu trze\u017awo\u015bci jak najwi\u0119kszej liczby kierowc\u00f3w. Funkcjonariusze chc\u0105 w ten spos\u00f3b wyeliminowa\u0107 z ruchu osoby, kt\u00f3re zdecydowa\u0142y si\u0119 prowadzi\u0107 pojazd mimo wcze\u015bniejszego spo\u017cycia alkoholu.<\/p>\n<p>Alkohol za kierownic\u0105 to realne zagro\u017cenie<\/p>\n<p>Policjanci przypominaj\u0105, \u017ce nawet niewielka ilo\u015b\u0107 alkoholu w organizmie ma wp\u0142yw na zachowanie kieruj\u0105cego. Obni\u017ca koncentracj\u0119, zaburza ocen\u0119 sytuacji na drodze i op\u00f3\u017ania czas reakcji.<\/p>\n<p>Ka\u017cdy nietrze\u017awy kierowca stanowi powa\u017cne zagro\u017cenie nie tylko dla siebie, ale r\u00f3wnie\u017c dla pasa\u017cer\u00f3w, pieszych i innych uczestnik\u00f3w ruchu drogowego. Takie dzia\u0142ania policji maj\u0105 ograniczy\u0107 liczb\u0119 zdarze\u0144 drogowych powodowanych przez osoby prowadz\u0105ce pojazdy pod wp\u0142ywem alkoholu.<\/p>\n<p><img aria-describedby=\"caption-attachment-514938\" loading=\"lazy\" decoding=\"async\" class=\"wp-image-514938 size-medium\" src=\"https:\/\/www.europesays.com\/pl\/wp-content\/uploads\/2026\/06\/350-292277-640x621.jpg\" alt=\"Policyjna akcja \u201eTrze\u017awo\u015b\u0107\u201d w Lublinie. Mundurowi kontroluj\u0105 kierowc\u00f3w od pi\u0105tkowego poranka\" width=\"500\" height=\"485\"  \/><\/p>\n<p id=\"caption-attachment-514938\" class=\"wp-caption-text\">fot. Policja Lublin<\/p>\n<p>Surowe konsekwencje dla nietrze\u017awych kierowc\u00f3w<\/p>\n<p>Kierowanie pojazdem w stanie nietrze\u017awo\u015bci jest przest\u0119pstwem. Kodeks karny przewiduje za nie kar\u0119 pozbawienia wolno\u015bci. To jednak nie jedyne konsekwencje, z jakimi musi liczy\u0107 si\u0119 kierowca.<\/p>\n<p>Osobie zatrzymanej za jazd\u0119 po alkoholu grozi r\u00f3wnie\u017c utrata prawa jazdy, zakaz prowadzenia pojazd\u00f3w, wysoka grzywna, przepadek pojazdu oraz obowi\u0105zek zap\u0142aty \u015bwiadczenia pieni\u0119\u017cnego na rzecz Funduszu Pomocy Pokrzywdzonym oraz Pomocy Postpenitencjarnej.<\/p>\n<p>Policjanci apeluj\u0105 do wszystkich u\u017cytkownik\u00f3w dr\u00f3g o rozs\u0105dek i rozwag\u0119. Decyzja o prowadzeniu pojazdu po alkoholu mo\u017ce mie\u0107 tragiczne skutki i nieodwracalne konsekwencje.<\/p>\n<p>\u0179r\u00f3d\u0142o: Policja Lublin<\/p>\n","protected":false},"excerpt":{"rendered":"Policjanci z Lublina od rana prowadz\u0105 wzmo\u017cone kontrole trze\u017awo\u015bci kieruj\u0105cych. Dzia\u0142ania odbywaj\u0105 si\u0119 w ramach akcji \u201eTrze\u017awo\u015b\u0107\u201d i&hellip;\n","protected":false},"author":2,"featured_media":503595,"comment_status":"","ping_status":"","sticky":false,"template":"","format":"standard","meta":{"footnotes":"","_share_on_mastodon":"0"},"categories":[51612],"tags":[97847,58042,26146,97848,1081,92223,42,38,52586,40,39,41,28073],"class_list":["post-503594","post","type-post","status-publish","format-standard","has-post-thumbnail","category-lublin","tag-akcja-trzezwosc","tag-bezpieczenstwo-drogowe","tag-jazda-po-alkoholu","tag-kontrola-trzezwosci","tag-lublin","tag-nietrzezwi-kierowcy","tag-pl","tag-poland","tag-policja-lublin","tag-polish","tag-polska","tag-polski","tag-ruch-drogowy"],"share_on_mastodon":{"url":"","error":""},"_links":{"self":[{"href":"https:\/\/www.europesays.com\/pl\/wp-json\/wp\/v2\/posts\/503594","targetHints":{"allow":["GET"]}}],"collection":[{"href":"https:\/\/www.europesays.com\/pl\/wp-json\/wp\/v2\/posts"}],"about":[{"href":"https:\/\/www.europesays.com\/pl\/wp-json\/wp\/v2\/types\/post"}],"author":[{"embeddable":true,"href":"https:\/\/www.europesays.com\/pl\/wp-json\/wp\/v2\/users\/2"}],"replies":[{"embeddable":true,"href":"https:\/\/www.europesays.com\/pl\/wp-json\/wp\/v2\/comments?post=503594"}],"version-history":[{"count":0,"href":"https:\/\/www.europesays.com\/pl\/wp-json\/wp\/v2\/posts\/503594\/revisions"}],"wp:featuredmedia":[{"embeddable":true,"href":"https:\/\/www.europesays.com\/pl\/wp-json\/wp\/v2\/media\/503595"}],"wp:attachment":[{"href":"https:\/\/www.europesays.com\/pl\/wp-json\/wp\/v2\/media?parent=503594"}],"wp:term":[{"taxonomy":"category","embeddable":true,"href":"https:\/\/www.europesays.com\/pl\/wp-json\/wp\/v2\/categories?post=503594"},{"taxonomy":"post_tag","embeddable":true,"href":"https:\/\/www.europesays.com\/pl\/wp-json\/wp\/v2\/tags?post=503594"}],"curies":[{"name":"wp","href":"https:\/\/api.w.org\/{rel}","templated":true}]}}