{"id":50364,"date":"2025-10-15T12:38:06","date_gmt":"2025-10-15T12:38:06","guid":{"rendered":"https:\/\/www.europesays.com\/pl\/50364\/"},"modified":"2025-10-15T12:38:06","modified_gmt":"2025-10-15T12:38:06","slug":"nawrocki-kapital-spoleczny-zostal-zdewastowany","status":"publish","type":"post","link":"https:\/\/www.europesays.com\/pl\/50364\/","title":{"rendered":"Nawrocki: Kapita\u0142 spo\u0142eczny zosta\u0142 zdewastowany"},"content":{"rendered":"\n<p>&#13;<br \/>\nPodczas \u015brodowego posiedzenia Rady Dialogu Spo\u0142ecznego, kt\u00f3re odbywa si\u0119 w\u00a0\u015brod\u0119 w\u00a0Pa\u0142acu Prezydenckim Karol Nawrocki m\u00f3wi\u0142 o\u00a0dramatycznym spadku zaufania obywateli do\u00a0tego, \u017ce\u00a0maj\u0105 wp\u0142yw na\u00a0funkcjonowanie pa\u0144stwa. Prezydent przywo\u0142a\u0142 tu dane z\u00a0badania CBOS, z\u00a0kt\u00f3rych wynika, \u017ce\u00a0w\u00a0por\u00f3wnaniu z\u00a0badaniem zrealizowanym bezpo\u015brednio po\u00a0wyborach w\u00a02023 roku, odsetek Polak\u00f3w uwa\u017caj\u0105cych, \u017ce\u00a0maj\u0105 wp\u0142yw na\u00a0sprawy kraju, spad\u0142 a\u017c\u00a0o\u00a020 punkt\u00f3w procentowych do\u00a0zaledwie 34 proc. &#13;\n<\/p>\n<p>Karol Nawrocki: Kapita\u0142 spo\u0142eczny zosta\u0142 zdewastowany<\/p>\n<p>&#13;<br \/>\n\u2013 To\u00a0pokazuje za\u0142amanie wiary obywateli w\u00a0to, \u017ce\u00a0maj\u0105 wp\u0142yw na\u00a0funkcjonowanie swojego w\u0142asnego pa\u0144stwa, co\u00a0jest dla\u00a0mnie jako dla\u00a0prezydenta Polski bardzo niepokoj\u0105ce. Dzi\u015b, jak pokazuj\u0105 badania, wydarzy\u0142o si\u0119 w\u00a0ci\u0105gu ostatnich 2\u00a0lat w\u00a0kontek\u015bcie zaufania obywateli do\u00a0w\u0142adzy co\u015b bardzo z\u0142ego. Kapita\u0142 spo\u0142eczny zosta\u0142 nie\u00a0tylko zmarnowany, ale\u00a0zosta\u0142 zdewastowany i\u00a0na to\u00a0tak\u017ce musimy sobie odpowiedzie\u0107 \u2013\u00a0m\u00f3wi\u0142. &#13;\n<\/p>\n<p>&#13;<br \/>\nPrezydent Nawrocki podkre\u015bla\u0142, i\u017c\u00a0nale\u017cy si\u0119 pochyli\u0107 nad tym, co\u00a0wydarzy\u0142o si\u0119 w\u00a0tym kontek\u015bcie przez ostatnie dwa lata oraz\u00a0zastanowi\u0107 si\u0119, w\u00a0jaki spos\u00f3b odwr\u00f3ci\u0107 ten negatywny trend. &#13;\n<\/p>\n<p>&#13;<br \/>\n\u2013 Nie\u00a0ma\u00a0prawdziwego dialogu bez zaufania. Trudno jest budowa\u0107 zaufanie, je\u015bli ma\u00a0si\u0119 inne wizje, inne pogl\u0105dy, ale\u00a0po\u00a0to\u00a0jest Rada Dialogu Spo\u0142ecznego, aby\u00a0nawet w\u015br\u00f3d tych, kt\u00f3rzy my\u015bl\u0105 inaczej, poszukiwa\u0107 wsp\u00f3lnych rozwi\u0105za\u0144 \u2013\u00a0wskazywa\u0142 i\u00a0dodawa\u0142: &#8222;Nie ma\u00a0te\u017c zaufania, gdy si\u0119 obiecuje, a\u00a0p\u00f3\u017aniej nie\u00a0realizuje si\u0119 swoich zobowi\u0105za\u0144. To\u00a0rzecz oczywista&#8221;. &#13;\n<\/p>\n<p>&#13;<br \/>\n\u2013 Chcia\u0142bym aby\u00a0RDS, gdy dochodzimy do\u00a0pewnej konkluzji, aby\u015bmy j\u0105 realizowali z\u00a0pe\u0142nym przekonaniem i\u00a0z\u00a0pe\u0142n\u0105 odpowiedzialno\u015bci\u0105 za\u00a0dane s\u0142owo. Tego, mam g\u0142\u0119bokie przekonanie, potrzebuje dzi\u015b \u017cycie publiczne \u2013\u00a0kontynuowa\u0142 Nawrocki. &#13;\n<\/p>\n<p>Obywatele trac\u0105 wiar\u0119, \u017ce\u00a0ich g\u0142os ma\u00a0znaczenie. Prezydent o\u00a0&#8222;100 konkretach&#8221;<\/p>\n<p>&#13;<br \/>\nPrezydent przypomnia\u0142, \u017ce\u00a0przed dwoma laty Polakom obiecano w\u00a0kampanii wyborczej bardzo wiele. \u2013\u00a0M\u00f3g\u0142bym tu przywo\u0142a\u0107 co\u00a0najmniej 100 konkretnych powod\u00f3w, dla\u00a0kt\u00f3rych obywatele trac\u0105 wiar\u0119, \u017ce\u00a0ich g\u0142os ma\u00a0znaczenie \u2013\u00a0podkre\u015bli\u0142, nawi\u0105zuj\u0105c do\u00a0&#8222;100 konkret\u00f3w&#8221; obiecanych Polakom przez Donalda Tuska, a\u00a0z\u00a0kt\u00f3rych tylko niewielka cz\u0119\u015b\u0107 doczeka\u0142a si\u0119 realizacji. &#13;\n<\/p>\n<p>&#13;<br \/>\nDlaczego Karol Nawrocki zdecydowa\u0142 si\u0119 poruszy\u0107 ten temat na\u00a0posiedzeniu plenarnym RDS? \u2013\u00a0Bo\u00a0spotykaj\u0105 si\u0119 dzisiaj przedstawiciele tych, kt\u00f3rzy obiecywali i\u00a0przedstawiciele tych, kt\u00f3rym obiecywano. Wi\u0119c jak g\u0142\u0119boko wierz\u0119 i\u00a0b\u0119dziemy mogli po\u00a0tych dw\u00f3ch latach te\u017c prowadzi\u0107 dyskusje, kt\u00f3re b\u0119d\u0105 odnosi\u0142y si\u0119 do\u00a0sk\u0142adanych obietnic \u2013\u00a0wyja\u015bni\u0142. &#13;\n<\/p>\n<p>&#13;<br \/>\nCzytaj te\u017c:<br \/><a href=\"https:\/\/dorzeczy.pl\/opinie\/792471\/miller-o-koalicji-cos-pomiedzy-operetka-a-panelowa-debata-w-tvn24.html\" rel=\"follow nofollow noopener\" data-schema=\"DORZECZY\" data-image=\"https:\/\/img.dorzeczy.pl\/_thumb\/fe\/2c\/4977f54d41c8a168051fd9fae9dd.jpeg\" target=\"_blank\">&#8222;Wystarczy jeden kryzys&#8230;&#8221;. Miller podsumowa\u0142 dwa lata rz\u0105d\u00f3w koalicji<\/a>Czytaj te\u017c:<br \/><a href=\"https:\/\/dorzeczy.pl\/sondaz\/792513\/tylu-wyborcow-stracila-koalicja-tuska-miazdzacy-sondaz.html\" rel=\"follow nofollow noopener\" data-schema=\"DORZECZY\" data-image=\"https:\/\/img.dorzeczy.pl\/_thumb\/3c\/9e\/28c7343f9bf16ea388bf3dacefe7.jpeg\" target=\"_blank\">Tylu wyborc\u00f3w straci\u0142a koalicja Tuska. Mia\u017cd\u017c\u0105cy sonda\u017c<\/a>Czytaj te\u017c:<br \/><a href=\"https:\/\/dorzeczy.pl\/opinie\/792642\/grabiec-uderza-w-koalicjantow-to-sie-musi-zmienic.html\" rel=\"follow nofollow noopener\" data-schema=\"DORZECZY\" data-image=\"https:\/\/img.dorzeczy.pl\/_thumb\/93\/0a\/aa0dcd3ea09133d7bef9329aef37.jpeg\" target=\"_blank\">Grabiec uderza w\u00a0koalicjant\u00f3w. &#8222;To\u00a0si\u0119 musi zmieni\u0107&#8221;<\/a>&#13;<\/p>\n","protected":false},"excerpt":{"rendered":"&#13; Podczas \u015brodowego posiedzenia Rady Dialogu Spo\u0142ecznego, kt\u00f3re odbywa si\u0119 w\u00a0\u015brod\u0119 w\u00a0Pa\u0142acu Prezydenckim Karol Nawrocki m\u00f3wi\u0142 o\u00a0dramatycznym spadku&hellip;\n","protected":false},"author":2,"featured_media":50365,"comment_status":"","ping_status":"","sticky":false,"template":"","format":"standard","meta":{"footnotes":""},"categories":[12],"tags":[333,32,33,98,36,37,27,690,49,34,35,28,31,25,103,42,38,40,39,41,1005,13683,29,30,26],"class_list":{"0":"post-50364","1":"post","2":"type-post","3":"status-publish","4":"format-standard","5":"has-post-thumbnail","7":"category-polska","8":"tag-anna-skalska","9":"tag-breaking-news","10":"tag-breakingnews","11":"tag-dorzeczy","12":"tag-featured-news","13":"tag-featurednews","14":"tag-headlines","15":"tag-karol-nawrocki","16":"tag-kraj","17":"tag-latest-news","18":"tag-latestnews","19":"tag-naglowki","20":"tag-najwazniejsze-artykuly","21":"tag-news","22":"tag-obserwator-mediow","23":"tag-pl","24":"tag-poland","25":"tag-polish","26":"tag-polska","27":"tag-polski","28":"tag-prezydent","29":"tag-rada-dialogu-spolecznego","30":"tag-top-stories","31":"tag-topstories","32":"tag-wiadomosci"},"share_on_mastodon":{"url":"","error":""},"_links":{"self":[{"href":"https:\/\/www.europesays.com\/pl\/wp-json\/wp\/v2\/posts\/50364","targetHints":{"allow":["GET"]}}],"collection":[{"href":"https:\/\/www.europesays.com\/pl\/wp-json\/wp\/v2\/posts"}],"about":[{"href":"https:\/\/www.europesays.com\/pl\/wp-json\/wp\/v2\/types\/post"}],"author":[{"embeddable":true,"href":"https:\/\/www.europesays.com\/pl\/wp-json\/wp\/v2\/users\/2"}],"replies":[{"embeddable":true,"href":"https:\/\/www.europesays.com\/pl\/wp-json\/wp\/v2\/comments?post=50364"}],"version-history":[{"count":0,"href":"https:\/\/www.europesays.com\/pl\/wp-json\/wp\/v2\/posts\/50364\/revisions"}],"wp:featuredmedia":[{"embeddable":true,"href":"https:\/\/www.europesays.com\/pl\/wp-json\/wp\/v2\/media\/50365"}],"wp:attachment":[{"href":"https:\/\/www.europesays.com\/pl\/wp-json\/wp\/v2\/media?parent=50364"}],"wp:term":[{"taxonomy":"category","embeddable":true,"href":"https:\/\/www.europesays.com\/pl\/wp-json\/wp\/v2\/categories?post=50364"},{"taxonomy":"post_tag","embeddable":true,"href":"https:\/\/www.europesays.com\/pl\/wp-json\/wp\/v2\/tags?post=50364"}],"curies":[{"name":"wp","href":"https:\/\/api.w.org\/{rel}","templated":true}]}}