{"id":503763,"date":"2026-06-19T09:34:11","date_gmt":"2026-06-19T09:34:11","guid":{"rendered":"https:\/\/www.europesays.com\/pl\/503763\/"},"modified":"2026-06-19T09:34:11","modified_gmt":"2026-06-19T09:34:11","slug":"sledczy-z-krakowa-przecierali-oczy-takiego-oszustwa-jeszcze-nie-widzieli","status":"publish","type":"post","link":"https:\/\/www.europesays.com\/pl\/503763\/","title":{"rendered":"\u015aledczy z Krakowa przecierali oczy. Takiego oszustwa jeszcze nie widzieli"},"content":{"rendered":"<p>Sprawa rozpocz\u0119\u0142a si\u0119 11 maja br., kiedy w jednym z punkt\u00f3w nadawania paczek w Krakowie nadano przesy\u0142k\u0119, kt\u00f3rej odbiorca \u2013 zgodnie z etykiet\u0105 \u2013 mia\u0142 znajdowa\u0107 si\u0119 w Katowicach.<\/p>\n<p>Kilka dni p\u00f3\u017aniej, 22 maja, do krakowskiej siedziby firmy kurierskiej wp\u0142yn\u0119\u0142a reklamacja. Nadawca domaga\u0142 si\u0119 wyp\u0142aty odszkodowania w wysoko\u015bci blisko 11 tys. z\u0142. Twierdzi\u0142, \u017ce w paczce znajdowa\u0142 si\u0119 dron z kamer\u0105, kt\u00f3ry nigdy nie dotar\u0142 do adresata. Na potwierdzenie swoich s\u0142\u00f3w przedstawi\u0142 faktur\u0119 zakupu sprz\u0119tu z jednej z popularnych sieci market\u00f3w RTV i AGD.<\/p>\n<p>Weryfikacja dokument\u00f3w szybko wykaza\u0142a jednak, \u017ce faktura zosta\u0142a sfa\u0142szowana. Sklep nigdy nie sprzeda\u0142 takiego produktu osobie widniej\u0105cej na dokumencie. Informacja o podejrzeniu wy\u0142udzenia trafi\u0142a do policjant\u00f3w zajmuj\u0105cych si\u0119 przest\u0119pczo\u015bci\u0105 gospodarcz\u0105.<\/p>\n<p>Funkcjonariusze z Wydzia\u0142u do Walki z Przest\u0119pczo\u015bci\u0105 Ekonomiczn\u0105 Komendy Wojew\u00f3dzkiej Policji w Krakowie b\u0142yskawicznie ustalili to\u017csamo\u015b\u0107 osoby, kt\u00f3ra nada\u0142a przesy\u0142k\u0119. Jak si\u0119 okaza\u0142o, ten sam m\u0119\u017cczyzna mia\u0142 r\u00f3wnie\u017c odebra\u0107 paczk\u0119.<\/p>\n<p>\u015aledczy ustalili ponadto, \u017ce 34-latek nada\u0142 kolejn\u0105 przesy\u0142k\u0119 7 czerwca. Jej odbi\u00f3r zaplanowano na 11 czerwca. Tego dnia policjanci pojawili si\u0119 w jednym ze sklep\u00f3w na krakowskich Czy\u017cynach, gdzie realizowane by\u0142y odbiory paczek. Podczas pr\u00f3by odebrania przesy\u0142ki zatrzymali podejrzanego.<\/p>\n<p>Wed\u0142ug ustale\u0144 \u015bledczych mechanizm oszustwa by\u0142 wyj\u0105tkowo pomys\u0142owy. M\u0119\u017cczyzna mia\u0142 nadawa\u0107 paczki na fikcyjne dane osobowe, deklaruj\u0105c jednocze\u015bnie wysok\u0105 warto\u015b\u0107 przesy\u0142ek. W \u015brodku zamiast drogiego sprz\u0119tu znajdowa\u0142o si\u0119 specjalne urz\u0105dzenie wyposa\u017cone we w\u0142asne \u017ar\u00f3d\u0142o zasilania, kamer\u0119 oraz odbiornik.<\/p>\n<p>Urz\u0105dzenie pozwala\u0142o zdalnie usun\u0105\u0107 lub zniszczy\u0107 pierwotn\u0105 etykiet\u0119 nadawcz\u0105. Po zmianie oznacze\u0144 przesy\u0142ka wraca\u0142a do sprawcy jako zupe\u0142nie inna paczka. Do jej odbioru wykorzystywane by\u0142y kolejne fa\u0142szywe dane, co dodatkowo utrudnia\u0142o wykrycie procederu.<\/p>\n<p>Nast\u0119pnie 34-latek zg\u0142asza\u0142 zagini\u0119cie przesy\u0142ki i domaga\u0142 si\u0119 odszkodowania od firmy kurierskiej. Aby uwiarygodni\u0107 swoje roszczenia, przedstawia\u0142 sfa\u0142szowane dokumenty potwierdzaj\u0105ce rzekomy zakup warto\u015bciowych przedmiot\u00f3w, takich jak drony czy sprz\u0119t elektroniczny.<\/p>\n<p>Podczas przeszukania mieszkania podejrzanego policjanci zabezpieczyli kolejn\u0105 paczk\u0119 zawieraj\u0105c\u0105 podobne urz\u0105dzenia elektroniczne, kt\u00f3re mog\u0105 \u015bwiadczy\u0107 o kontynuowaniu przest\u0119pczego procederu. Funkcjonariusze znale\u017ali r\u00f3wnie\u017c telefony kom\u00f3rkowe oraz got\u00f3wk\u0119 w wysoko\u015bci 60 tys. z\u0142. \u015aledczy podejrzewaj\u0105, \u017ce pieni\u0105dze mog\u0105 pochodzi\u0107 z przest\u0119pczej dzia\u0142alno\u015bci.<\/p>\n<p>Wed\u0142ug dotychczasowych ustale\u0144 34-latek przez okres oko\u0142o dw\u00f3ch lat m\u00f3g\u0142 nada\u0107 nawet 30 podobnych przesy\u0142ek. Policjanci nadal analizuj\u0105 materia\u0142 dowodowy i sprawdzaj\u0105 skal\u0119 oszustwa. Niewykluczone, \u017ce liczba poszkodowanych oraz warto\u015b\u0107 wy\u0142udzonych \u015brodk\u00f3w oka\u017c\u0105 si\u0119 znacznie wi\u0119ksze.<\/p>\n","protected":false},"excerpt":{"rendered":"Sprawa rozpocz\u0119\u0142a si\u0119 11 maja br., kiedy w jednym z punkt\u00f3w nadawania paczek w Krakowie nadano przesy\u0142k\u0119, kt\u00f3rej&hellip;\n","protected":false},"author":2,"featured_media":503764,"comment_status":"","ping_status":"","sticky":false,"template":"","format":"standard","meta":{"footnotes":"","_share_on_mastodon":"0"},"categories":[16],"tags":[113,61195,112,8889,399,48,46,55,42,38,40,39,41,47],"class_list":["post-503763","post","type-post","status-publish","format-standard","has-post-thumbnail","category-biznes","tag-biznes","tag-bottomfeed_styl","tag-business","tag-glos24","tag-informacje","tag-nat_styl","tag-omp","tag-phx","tag-pl","tag-poland","tag-polish","tag-polska","tag-polski","tag-screening_general"],"share_on_mastodon":{"url":"https:\/\/pubeurope.com\/@pl\/116776092710756206","error":""},"_links":{"self":[{"href":"https:\/\/www.europesays.com\/pl\/wp-json\/wp\/v2\/posts\/503763","targetHints":{"allow":["GET"]}}],"collection":[{"href":"https:\/\/www.europesays.com\/pl\/wp-json\/wp\/v2\/posts"}],"about":[{"href":"https:\/\/www.europesays.com\/pl\/wp-json\/wp\/v2\/types\/post"}],"author":[{"embeddable":true,"href":"https:\/\/www.europesays.com\/pl\/wp-json\/wp\/v2\/users\/2"}],"replies":[{"embeddable":true,"href":"https:\/\/www.europesays.com\/pl\/wp-json\/wp\/v2\/comments?post=503763"}],"version-history":[{"count":0,"href":"https:\/\/www.europesays.com\/pl\/wp-json\/wp\/v2\/posts\/503763\/revisions"}],"wp:featuredmedia":[{"embeddable":true,"href":"https:\/\/www.europesays.com\/pl\/wp-json\/wp\/v2\/media\/503764"}],"wp:attachment":[{"href":"https:\/\/www.europesays.com\/pl\/wp-json\/wp\/v2\/media?parent=503763"}],"wp:term":[{"taxonomy":"category","embeddable":true,"href":"https:\/\/www.europesays.com\/pl\/wp-json\/wp\/v2\/categories?post=503763"},{"taxonomy":"post_tag","embeddable":true,"href":"https:\/\/www.europesays.com\/pl\/wp-json\/wp\/v2\/tags?post=503763"}],"curies":[{"name":"wp","href":"https:\/\/api.w.org\/{rel}","templated":true}]}}